{"id":43237,"date":"2024-09-30T02:22:02","date_gmt":"2024-09-30T02:22:02","guid":{"rendered":"https:\/\/tvbrazilusa.com\/2024\/09\/30\/fpo-aliado-do-vox-no-patriotas-por-europa-conquista-vitoria-nas-eleicoes-gerais-da-austria-paulo-figueiredo\/"},"modified":"2024-09-30T02:30:00","modified_gmt":"2024-09-30T02:30:00","slug":"fpo-aliado-do-vox-no-patriotas-por-europa-conquista-vitoria-nas-eleicoes-gerais-da-austria-paulo-figueiredo","status":"publish","type":"post","link":"https:\/\/tvbrazilusa.com\/pt\/2024\/09\/30\/fpo-aliado-do-vox-no-patriotas-por-europa-conquista-vitoria-nas-eleicoes-gerais-da-austria-paulo-figueiredo\/","title":{"rendered":"FPO, aliado do VOX no Patriotas por Europa, conquista vit\u00f3ria nas elei\u00e7\u00f5es gerais da \u00c1ustria &#8211; Paulo Figueiredo"},"content":{"rendered":"<p> <script async src=\"https:\/\/pagead2.googlesyndication.com\/pagead\/js\/adsbygoogle.js?client=ca-pub-8864793242727901\"\r\n     crossorigin=\"anonymous\"><\/script><br \/>\n<\/p>\n<div id=\"wtr-content\" data-bg=\"#FFFFFF\" data-fg=\"#006d91\" data-width=\"25\" data-mute=\"1\" data-fgopacity=\"1.00\" data-mutedopacity=\"0.5\" data-placement=\"bottom\" data-placement-offset=\"0\" data-content-offset=\"262\" data-placement-touch=\"bottom\" data-placement-offset-touch=\"0\" data-transparent=\"\" data-shadow=\"0\" data-touch=\"1\" data-non-touch=\"1\" data-comments=\"0\" data-commentsbg=\"transparent\" data-location=\"page\" data-mutedfg=\"#006d91\" data-endfg=\"#006d91\" data-rtl=\"\">\n<h3 class=\"wp-block-heading\">Com uma diferen\u00e7a de quase tr\u00eas pontos em rela\u00e7\u00e3o ao OVP (PP)<\/h3>\n<p>O FPO da \u00c1ustria, um partido patriota que defende a soberania das na\u00e7\u00f5es e combate a imigra\u00e7\u00e3o ilegal e a inseguran\u00e7a, venceu as elei\u00e7\u00f5es gerais deste domingo com 29,21% dos votos, um aumento de 13,04 pontos em rela\u00e7\u00e3o \u00e0s elei\u00e7\u00f5es anteriores, de acordo com as primeiras proje\u00e7\u00f5es.<\/p>\n<p>Em segundo lugar ficou o OVP (PP), liderado pelo chanceler Karl Nehammer, com 26,48% dos votos, uma queda de 10,98 pontos; e em terceiro os social-democratas do SPO, com 21,05%.<\/p>\n<p>Mais de seis milh\u00f5es de austr\u00edacos compareceram \u00e0s urnas para escolher os 183 deputados e votaram majoritariamente no FPO, aliado do VOX e do Fidesz, o partido do primeiro-ministro h\u00fangaro Viktor Orb\u00e1n, consolidando assim seu avan\u00e7o ap\u00f3s as elei\u00e7\u00f5es europeias.<\/p>\n<p><strong><a href=\"https:\/\/gaceta.es\/europa\/abren-los-colegios-electorales-en-austria-para-unas-elecciones-generales-en-las-que-el-partido-patriota-fpo-parte-como-favorito-20240929-0846\/?scroll-event=true\">Source link<\/a><\/strong><\/p>\n<\/div>\n<p><br \/>\n<br \/><a href=\"https:\/\/paulofigueiredoshow.com\/fpo-aliado-do-vox-no-patriotas-por-europa-conquista-vitoria-nas-eleicoes-gerais-da-austria\/\">Source link <\/a><\/p>","protected":false},"excerpt":{"rendered":"<p>Com uma diferen\u00e7a de quase tr\u00eas pontos em rela\u00e7\u00e3o ao OVP (PP) O FPO da \u00c1ustria, um partido patriota que defende a soberania das na\u00e7\u00f5es e combate a imigra\u00e7\u00e3o ilegal&hellip;<\/p>","protected":false},"author":1,"featured_media":43238,"comment_status":"closed","ping_status":"open","sticky":false,"template":"","format":"standard","meta":{"content-type":"","footnotes":""},"categories":[16],"tags":[23975,5131,23976,18842,23977],"class_list":["post-43237","post","type-post","status-publish","format-standard","has-post-thumbnail","hentry","category-noticias","tag-austria","tag-europa","tag-fpo","tag-patriotas","tag-vox"],"_links":{"self":[{"href":"https:\/\/tvbrazilusa.com\/pt\/wp-json\/wp\/v2\/posts\/43237","targetHints":{"allow":["GET"]}}],"collection":[{"href":"https:\/\/tvbrazilusa.com\/pt\/wp-json\/wp\/v2\/posts"}],"about":[{"href":"https:\/\/tvbrazilusa.com\/pt\/wp-json\/wp\/v2\/types\/post"}],"author":[{"embeddable":true,"href":"https:\/\/tvbrazilusa.com\/pt\/wp-json\/wp\/v2\/users\/1"}],"replies":[{"embeddable":true,"href":"https:\/\/tvbrazilusa.com\/pt\/wp-json\/wp\/v2\/comments?post=43237"}],"version-history":[{"count":1,"href":"https:\/\/tvbrazilusa.com\/pt\/wp-json\/wp\/v2\/posts\/43237\/revisions"}],"predecessor-version":[{"id":43239,"href":"https:\/\/tvbrazilusa.com\/pt\/wp-json\/wp\/v2\/posts\/43237\/revisions\/43239"}],"wp:featuredmedia":[{"embeddable":true,"href":"https:\/\/tvbrazilusa.com\/pt\/wp-json\/wp\/v2\/media\/43238"}],"wp:attachment":[{"href":"https:\/\/tvbrazilusa.com\/pt\/wp-json\/wp\/v2\/media?parent=43237"}],"wp:term":[{"taxonomy":"category","embeddable":true,"href":"https:\/\/tvbrazilusa.com\/pt\/wp-json\/wp\/v2\/categories?post=43237"},{"taxonomy":"post_tag","embeddable":true,"href":"https:\/\/tvbrazilusa.com\/pt\/wp-json\/wp\/v2\/tags?post=43237"}],"curies":[{"name":"wp","href":"https:\/\/api.w.org\/{rel}","templated":true}]}}