{"id":43248,"date":"2024-09-30T02:30:48","date_gmt":"2024-09-30T02:30:48","guid":{"rendered":"https:\/\/tvbrazilusa.com\/2024\/09\/30\/a-administracao-biden-harris-liberou-mais-de-650-000-imigrantes-ilegais-com-antecedentes-criminais-paulo-figueiredo\/"},"modified":"2024-09-30T03:12:08","modified_gmt":"2024-09-30T03:12:08","slug":"a-administracao-biden-harris-liberou-mais-de-650-000-imigrantes-ilegais-com-antecedentes-criminais-paulo-figueiredo","status":"publish","type":"post","link":"https:\/\/tvbrazilusa.com\/pt\/2024\/09\/30\/a-administracao-biden-harris-liberou-mais-de-650-000-imigrantes-ilegais-com-antecedentes-criminais-paulo-figueiredo\/","title":{"rendered":"A Administra\u00e7\u00e3o Biden-Harris liberou mais de 650.000 imigrantes ilegais com antecedentes criminais &#8211; Paulo Figueiredo"},"content":{"rendered":"<p> <script async src=\"https:\/\/pagead2.googlesyndication.com\/pagead\/js\/adsbygoogle.js?client=ca-pub-8864793242727901\"\r\n     crossorigin=\"anonymous\"><\/script><br \/>\n<\/p>\n<div id=\"wtr-content\" data-bg=\"#FFFFFF\" data-fg=\"#006d91\" data-width=\"25\" data-mute=\"1\" data-fgopacity=\"1.00\" data-mutedopacity=\"0.5\" data-placement=\"bottom\" data-placement-offset=\"0\" data-content-offset=\"262\" data-placement-touch=\"bottom\" data-placement-offset-touch=\"0\" data-transparent=\"\" data-shadow=\"0\" data-touch=\"1\" data-non-touch=\"1\" data-comments=\"0\" data-commentsbg=\"transparent\" data-location=\"page\" data-mutedfg=\"#006d91\" data-endfg=\"#006d91\" data-rtl=\"\">\n<p class=\"has-small-font-size\">Foto \u2013 EPA\/BIDEN CAMPAIGN\/ADAM SCHULTZ<\/p>\n<h3 class=\"wp-block-heading\">Entre meados de maio de 2023 e o final de julho de 2024<\/h3>\n<p>\u201cN\u00e3o est\u00e3o enviando os melhores\u201d, afirmou Donald Trump em uma de suas declara\u00e7\u00f5es pol\u00eamicas, recebendo duras cr\u00edticas da imprensa e de seus rivais democratas, que falsamente atribu\u00edram a ele a ideia de que todos os imigrantes ilegais que cruzavam a fronteira sul eram criminosos.<\/p>\n<\/div>\n<p><br \/>\n<br \/><a href=\"https:\/\/paulofigueiredoshow.com\/a-administracao-biden-harris-liberou-mais-de-650-000-imigrantes-ilegais-com-antecedentes-criminais\/\">Source link <\/a><\/p>","protected":false},"excerpt":{"rendered":"<p>Foto \u2013 EPA\/BIDEN CAMPAIGN\/ADAM SCHULTZ Entre meados de maio de 2023 e o final de julho de 2024 \u201cN\u00e3o est\u00e3o enviando os melhores\u201d, afirmou Donald Trump em uma de suas&hellip;<\/p>","protected":false},"author":1,"featured_media":16383,"comment_status":"closed","ping_status":"open","sticky":false,"template":"","format":"standard","meta":{"content-type":"","footnotes":""},"categories":[16],"tags":[747,592,4566,24008],"class_list":["post-43248","post","type-post","status-publish","format-standard","has-post-thumbnail","hentry","category-noticias","tag-biden","tag-eua","tag-imigrantes","tag-liberou"],"_links":{"self":[{"href":"https:\/\/tvbrazilusa.com\/pt\/wp-json\/wp\/v2\/posts\/43248","targetHints":{"allow":["GET"]}}],"collection":[{"href":"https:\/\/tvbrazilusa.com\/pt\/wp-json\/wp\/v2\/posts"}],"about":[{"href":"https:\/\/tvbrazilusa.com\/pt\/wp-json\/wp\/v2\/types\/post"}],"author":[{"embeddable":true,"href":"https:\/\/tvbrazilusa.com\/pt\/wp-json\/wp\/v2\/users\/1"}],"replies":[{"embeddable":true,"href":"https:\/\/tvbrazilusa.com\/pt\/wp-json\/wp\/v2\/comments?post=43248"}],"version-history":[{"count":1,"href":"https:\/\/tvbrazilusa.com\/pt\/wp-json\/wp\/v2\/posts\/43248\/revisions"}],"predecessor-version":[{"id":43249,"href":"https:\/\/tvbrazilusa.com\/pt\/wp-json\/wp\/v2\/posts\/43248\/revisions\/43249"}],"wp:featuredmedia":[{"embeddable":true,"href":"https:\/\/tvbrazilusa.com\/pt\/wp-json\/wp\/v2\/media\/16383"}],"wp:attachment":[{"href":"https:\/\/tvbrazilusa.com\/pt\/wp-json\/wp\/v2\/media?parent=43248"}],"wp:term":[{"taxonomy":"category","embeddable":true,"href":"https:\/\/tvbrazilusa.com\/pt\/wp-json\/wp\/v2\/categories?post=43248"},{"taxonomy":"post_tag","embeddable":true,"href":"https:\/\/tvbrazilusa.com\/pt\/wp-json\/wp\/v2\/tags?post=43248"}],"curies":[{"name":"wp","href":"https:\/\/api.w.org\/{rel}","templated":true}]}}