{"id":43307,"date":"2024-09-30T10:51:28","date_gmt":"2024-09-30T10:51:28","guid":{"rendered":"https:\/\/tvbrazilusa.com\/2024\/09\/30\/brasileiros-no-libano-cobram-resgate-do-governo-lula-em-meio-a-conflito\/"},"modified":"2024-09-30T10:51:29","modified_gmt":"2024-09-30T10:51:29","slug":"brasileiros-no-libano-cobram-resgate-do-governo-lula-em-meio-a-conflito","status":"publish","type":"post","link":"https:\/\/tvbrazilusa.com\/pt\/2024\/09\/30\/brasileiros-no-libano-cobram-resgate-do-governo-lula-em-meio-a-conflito\/","title":{"rendered":"Brasileiros no L\u00edbano cobram resgate do governo Lula em meio a conflito"},"content":{"rendered":"<p> <script async src=\"https:\/\/pagead2.googlesyndication.com\/pagead\/js\/adsbygoogle.js?client=ca-pub-8864793242727901\"\r\n     crossorigin=\"anonymous\"><\/script><br \/>\n<\/p>\n<div id=\"taboola-read-more\" style=\"display:block; width:100%\">\n<p>Com a intensifica\u00e7\u00e3o da viol\u00eancia no L\u00edbano, alvo de bombardeios de Israel contra o Hezbollah, brasileiros que vivem no pa\u00eds pedem uma a\u00e7\u00e3o mais efetiva do governo de Luiz In\u00e1cio Lula da Silva para repatriar os cidad\u00e3os da regi\u00e3o. O Itamaraty estuda possibilidades de resgate, mas n\u00e3o apresentou, at\u00e9 o momento, um plano concreto. O pa\u00eds abriga a maior comunidade brasileira no Oriente M\u00e9dio, com 22 mil pessoas atualmente.\n<\/p>\n<p>S\u00f3 nesta semana, 700 pessoas morreram no L\u00edbano em ataques enviados por Israel, sendo cinco brasileiros. O pa\u00eds bombardeia o territ\u00f3rio liban\u00eas para atingir o grupo extremista Hezbollah. No s\u00e1bado, um ataque das For\u00e7as Israelenses matou o chefe do grupo, Sayyed Hassan Nasrallah. No mesmo dia, o ministro das Rela\u00e7\u00f5es Exteriores, Mauro Vieira, reuniu-se com o chanceler do L\u00edbano, Abdallah Rashid Bou Habib, em Nova York, para discutir um plano de evacua\u00e7\u00e3o. No entanto, o Itamaraty afirmou ao Correio ontem que n\u00e3o h\u00e1 novidades, e que as orienta\u00e7\u00f5es continuam sendo as mesmas para os brasileiros que est\u00e3o no pa\u00eds.<\/p>\n<p class=\"texto\">A \u00fanica orienta\u00e7\u00e3o que os brasileiros receberam do governo brasileiro at\u00e9 o momento, no entanto, foi que deixassem o L\u00edbano por meios pr\u00f3prios, al\u00e9m de evitar aglomera\u00e7\u00f5es e manifesta\u00e7\u00f5es, bem como deslocamentos para a regi\u00e3o sul do pa\u00eds, onde se concentra o conflito.\n<\/p>\n<p class=\"texto\">O comandante da FAB Marcelo Damasceno j\u00e1 declarou que a for\u00e7a a\u00e9rea est\u00e1 preparada para atuar em uma poss\u00edvel evacua\u00e7\u00e3o. &#8220;Temos todos os planos sempre prontos&#8221;, disse \u00e0\u00a0<em>CNN<\/em>\u00a0ainda na ter\u00e7a-feira.\n<\/p>\n<p class=\"texto\">No ano passado, a opera\u00e7\u00e3o &#8220;Voltando para a Paz&#8221; resgatou aproximadamente 1,5 mil brasileiros que estavam na Faixa de Gaza, regi\u00e3o que sofreu diversos ataques israelenses durante a guerra com o Hamas.\n<\/p>\n<p class=\"texto\">Filha de libaneses, a brasileira Sara Ali Melhem, que estava no sul do pa\u00eds e agora se encontra perto da capital, Beirute, explicou \u00e0 reportagem que o governo brasileiro ainda n\u00e3o prestou o apoio necess\u00e1rio. &#8220;As coisas n\u00e3o est\u00e3o boas e n\u00e3o est\u00e1 melhorando, est\u00e3o s\u00f3 piorando&#8221;, criticou. &#8220;Acho que eles s\u00f3 v\u00e3o tirar a gente quando n\u00e3o sobrar mais nada, n\u00e3o sei&#8221;, enfatizou.\n<\/p>\n<p class=\"texto\">Segundo ela, o Itamaraty criou um grupo no WhatsApp, em que divulgaram, na \u00faltima semana, um formul\u00e1rio para que os brasileiros interessados em deixar o pa\u00eds preenchessem com seus dados. &#8220;Por enquanto, \u00e9 s\u00f3 isso. Uma vez ou outra, mandaram n\u00fameros de ajuda aqui (no L\u00edbano), eu acho que para quem est\u00e1 se deslocando de algum lugar para outro, mas s\u00f3 foi isso, e pelo jeito tamb\u00e9m n\u00e3o v\u00e3o vir. N\u00e3o sei o que eles est\u00e3o esperando para tirar a gente daqui&#8221;, reclamou.\n<\/p>\n<p class=\"texto\">A irm\u00e3 de Sara, Maya Melhem, que est\u00e1 no sul do L\u00edbano, contou que aguarda a chegada de uma aeronave para deixar o pa\u00eds com a filha, de 3 anos. &#8220;Estamos esperando voo para evacua\u00e7\u00e3o, mas ningu\u00e9m fez nada ainda, nem o governo. Ningu\u00e9m est\u00e1 ajudando&#8221;, relatou. &#8220;Estamos passando horrores aqui e precisamos sair&#8221;, emendou.\n<\/p>\n<p class=\"texto\">Sobre o formul\u00e1rio citado por Sara, ela mencionou que chegou a preench\u00ea-lo, mas que nada foi feito desde ent\u00e3o. &#8220;Estamos em guerra total, n\u00e3o d\u00e1 para ficar esperando as pesquisas&#8221;, frisou.\n<\/p>\n<p class=\"texto\">Sara disse ainda conhecer diversos outros brasileiros que est\u00e3o em busca de uma forma de deixar o pa\u00eds. &#8220;A \u00fanica coisa que o governo faz desde outubro do ano passado \u00e9 pedir para preencher formul\u00e1rio. Nada mais foi feito. Eu moro no munic\u00edpio de Dahye e, aqui, est\u00e1 sendo destru\u00eddo, e tenho uma crian\u00e7a&#8221;, apontou. &#8220;O avi\u00e3o de guerra passa por n\u00f3s. N\u00e3o sabemos a hora que vamos ser atacados.&#8221;\n<\/p>\n<p><strong>Opera\u00e7\u00f5es<\/strong><br \/>Outros pa\u00edses iniciaram a evacua\u00e7\u00e3o de seus cidad\u00e3os. A Col\u00f4mbia, por exemplo, enviou um voo no fim de semana para buscar 114 cidad\u00e3o que completaram o processo de repatria\u00e7\u00e3o. O Reino Unido, por sua vez, anunciou na ter\u00e7a-feira passada que enviar\u00e1 700 tropas para o Chipre, ilha pr\u00f3xima ao L\u00edbano, para se preparar para uma poss\u00edvel evacua\u00e7\u00e3o de emerg\u00eancia de cidad\u00e3os brit\u00e2nicos, se necess\u00e1rio.\n<\/p>\n<p>Os voos comerciais ainda est\u00e3o dispon\u00edveis na regi\u00e3o, mas diminu\u00edram muito com a suspens\u00e3o dos voos da companhia a\u00e9rea Air France.\n<\/p>\n<p class=\"texto\">Em seu \u00faltimo compromisso na 79\u00aa Assembleia Geral das Na\u00e7\u00f5es Unidas (ONU), em Nova York, na quarta-feira que passou, o presidente Lula condenou o conflito entre Israel e Hezbollah no L\u00edbano, mas n\u00e3o citou uma poss\u00edvel repatria\u00e7\u00e3o.\n<\/p>\n<p class=\"texto\">&#8220;\u00c9 importante a gente lembrar que no L\u00edbano o total de mortos \u00e9 620 pessoas. \u00c9 o maior n\u00famero de mortos desde a guerra civil que durou entre 1975 e 1990. \u00c9 importante lembrar tamb\u00e9m que morreram 94 mulheres e 50 crian\u00e7as, 2.058 pessoas feridas e 10 mil pessoas for\u00e7adas a recuar e esvaziar suas casas&#8221;, disse o petista em coletiva de imprensa.\u00a0\n<\/p>\n<p class=\"texto\">\u00a0\n<\/p>\n<p class=\"texto\">Fonte: Correio Braziliense <\/p>\n<\/div>\n<p><br \/>\n<br \/><a href=\"https:\/\/diariodobrasilnoticias.com.br\/noticia\/brasileiros-no-libano-cobram-resgate-do-governo-lula-em-meio-a-conflito-66fa80fcb5af6\">Source link <\/a><\/p>","protected":false},"excerpt":{"rendered":"<p>Com a intensifica\u00e7\u00e3o da viol\u00eancia no L\u00edbano, alvo de bombardeios de Israel contra o Hezbollah, brasileiros que vivem no pa\u00eds pedem uma a\u00e7\u00e3o mais efetiva do governo de Luiz In\u00e1cio&hellip;<\/p>","protected":false},"author":1,"featured_media":43308,"comment_status":"closed","ping_status":"open","sticky":false,"template":"","format":"standard","meta":{"content-type":"","footnotes":""},"categories":[16],"tags":[123,2448,5313,1267],"class_list":["post-43307","post","type-post","status-publish","format-standard","has-post-thumbnail","hentry","category-noticias","tag-brasil","tag-diario","tag-noticia","tag-noticias"],"_links":{"self":[{"href":"https:\/\/tvbrazilusa.com\/pt\/wp-json\/wp\/v2\/posts\/43307","targetHints":{"allow":["GET"]}}],"collection":[{"href":"https:\/\/tvbrazilusa.com\/pt\/wp-json\/wp\/v2\/posts"}],"about":[{"href":"https:\/\/tvbrazilusa.com\/pt\/wp-json\/wp\/v2\/types\/post"}],"author":[{"embeddable":true,"href":"https:\/\/tvbrazilusa.com\/pt\/wp-json\/wp\/v2\/users\/1"}],"replies":[{"embeddable":true,"href":"https:\/\/tvbrazilusa.com\/pt\/wp-json\/wp\/v2\/comments?post=43307"}],"version-history":[{"count":1,"href":"https:\/\/tvbrazilusa.com\/pt\/wp-json\/wp\/v2\/posts\/43307\/revisions"}],"predecessor-version":[{"id":43309,"href":"https:\/\/tvbrazilusa.com\/pt\/wp-json\/wp\/v2\/posts\/43307\/revisions\/43309"}],"wp:featuredmedia":[{"embeddable":true,"href":"https:\/\/tvbrazilusa.com\/pt\/wp-json\/wp\/v2\/media\/43308"}],"wp:attachment":[{"href":"https:\/\/tvbrazilusa.com\/pt\/wp-json\/wp\/v2\/media?parent=43307"}],"wp:term":[{"taxonomy":"category","embeddable":true,"href":"https:\/\/tvbrazilusa.com\/pt\/wp-json\/wp\/v2\/categories?post=43307"},{"taxonomy":"post_tag","embeddable":true,"href":"https:\/\/tvbrazilusa.com\/pt\/wp-json\/wp\/v2\/tags?post=43307"}],"curies":[{"name":"wp","href":"https:\/\/api.w.org\/{rel}","templated":true}]}}