{"id":43328,"date":"2024-09-30T11:54:22","date_gmt":"2024-09-30T11:54:22","guid":{"rendered":"https:\/\/tvbrazilusa.com\/2024\/09\/30\/israel-elimina-o-lider-do-hamas-no-libano-em-um-ataque-aereo-especifico\/"},"modified":"2024-09-30T11:54:23","modified_gmt":"2024-09-30T11:54:23","slug":"israel-elimina-o-lider-do-hamas-no-libano-em-um-ataque-aereo-especifico","status":"publish","type":"post","link":"https:\/\/tvbrazilusa.com\/pt\/2024\/09\/30\/israel-elimina-o-lider-do-hamas-no-libano-em-um-ataque-aereo-especifico\/","title":{"rendered":"Israel elimina o l\u00edder do Hamas no L\u00edbano em um ataque a\u00e9reo espec\u00edfico"},"content":{"rendered":"<p> <script async src=\"https:\/\/pagead2.googlesyndication.com\/pagead\/js\/adsbygoogle.js?client=ca-pub-8864793242727901\"\r\n     crossorigin=\"anonymous\"><\/script><br \/>\n<\/p>\n<div id=\"taboola-read-more\" style=\"display:block; width:100%\">\n<p>O Ex\u00e9rcito israelense anunciou na noite deste domingo (29) a morte de mais uma lideran\u00e7a do Hamas que atuava fora da Faixa de Gaza. Desta vez, Fatah Sherif Abu el-Amin, o principal agente do grupo terrorista palestino no L\u00edbano.\n<\/p>\n<p>Sua morte foi efetuada em um ataque a\u00e9reo. De acordo com informa\u00e7\u00f5es da intelig\u00eancia israelense, el-Amin teria estreitado as rela\u00e7\u00f5es do Hamas com o Hezbollah no per\u00edodo de guerra, que completar\u00e1 um ano nos pr\u00f3ximos dias, bem como foi respons\u00e1vel por &#8220;ampliar a for\u00e7a do Hamas no L\u00edbano, no campo de recrutamento de agentes e aquisi\u00e7\u00e3o de armas\u201d.<\/p>\n<p>Ele \u201ctrabalhou para promover os interesses do Hamas no [L\u00edbano], tanto pol\u00edtica quanto militarmente\u201d, acrescentou Tel Aviv.\n<\/p>\n<p>O grupo palestino tamb\u00e9m confirmou sua morte, dizendo em uma declara\u00e7\u00e3o que o terrorista morreu junto \u00e0 esposa e dois filhos no territ\u00f3rio liban\u00eas. Segundo o jornal Times of Israel, o local do ataque era um campo para refugiados palestinos na cidade de Tiro.\n<\/p>\n<p>O l\u00edder terrorista do Hamas no L\u00edbano tamb\u00e9m era chefe do sindicato de professores da ag\u00eancia da ONU para refugiados palestinos, segundo informa\u00e7\u00f5es da imprensa local, no entanto a UNRWA confirmou ao Times of Israel em um comunicado que el-Amin havia sido suspenso em mar\u00e7o por suas &#8220;atividades pol\u00edticas&#8221;.\n<\/p>\n<p>Ele \u201cera um funcion\u00e1rio da UNRWA que foi colocado em licen\u00e7a administrativa sem vencimento em mar\u00e7o e estava sendo investigado ap\u00f3s alega\u00e7\u00f5es que a UNRWA recebeu sobre suas atividades pol\u00edticas\u201d, disse a UNRWA.\n<\/p>\n<p>No in\u00edcio do ano, Israel acusou a ag\u00eancia da ONU de empregar membros do Hamas e outros grupos terroristas na regi\u00e3o, permitindo que eles doutrinem civis em uma ideologia anti-Israel ao longo dos anos.\n<\/p>\n<p>Em agosto, Israel encontrou explosivos e armas em bolsas de ag\u00eancia da ONU na Faixa de Gaza. Nos meses anteriores, tamb\u00e9m foram realizadas opera\u00e7\u00f5es militares contra instala\u00e7\u00f5es da UNRWA que resultaram na morte de terroristas e identifica\u00e7\u00e3o de outras armas.\n<\/p>\n<p>Esse \u00e9 o segundo registro de assassinato de uma lideran\u00e7a do Hamas no final de semana. No s\u00e1bado (28), Israel anunciou um ataque fatal contra Ahmed Muhammad Fahd, chefe do Hamas na S\u00edria.\n<\/p>\n<p><strong>Novos ataques contra redutos do Hezbollah no L\u00edbano<\/strong><br \/>O Ex\u00e9rcito de Israel prosseguiu nesta segunda-feira (30) sua campanha de ataques massivos contra os principais redutos do grupo terroristas xiita Hezbollah, em um dia em que pela primeira vez um bairro de Beirute foi alvo de um ataque que deixou pelo menos quatro mortos, segundo informaram fontes oficiais.\n<\/p>\n<p>A fac\u00e7\u00e3o Frente Popular para a Liberta\u00e7\u00e3o da Palestina confirmou a morte nesse ataque de tr\u00eas l\u00edderes do seu gabinete pol\u00edtico e comandantes militares identificados como Muhammad Abul Aal, Imad Awda e Abdul Rahman Abdul Aal.\n<\/p>\n<p>Fonte: Gazeta do Povo <\/p>\n<\/div>\n<p><br \/>\n<br \/><a href=\"https:\/\/diariodobrasilnoticias.com.br\/noticia\/israel-elimina-o-lider-do-hamas-no-libano-em-um-ataque-aereo-especifico-66fa89d0ceafa\">Source link <\/a><\/p>","protected":false},"excerpt":{"rendered":"<p>O Ex\u00e9rcito israelense anunciou na noite deste domingo (29) a morte de mais uma lideran\u00e7a do Hamas que atuava fora da Faixa de Gaza. Desta vez, Fatah Sherif Abu el-Amin,&hellip;<\/p>","protected":false},"author":1,"featured_media":43329,"comment_status":"closed","ping_status":"open","sticky":false,"template":"","format":"standard","meta":{"content-type":"","footnotes":""},"categories":[16],"tags":[123,2448,5313,1267],"class_list":["post-43328","post","type-post","status-publish","format-standard","has-post-thumbnail","hentry","category-noticias","tag-brasil","tag-diario","tag-noticia","tag-noticias"],"_links":{"self":[{"href":"https:\/\/tvbrazilusa.com\/pt\/wp-json\/wp\/v2\/posts\/43328","targetHints":{"allow":["GET"]}}],"collection":[{"href":"https:\/\/tvbrazilusa.com\/pt\/wp-json\/wp\/v2\/posts"}],"about":[{"href":"https:\/\/tvbrazilusa.com\/pt\/wp-json\/wp\/v2\/types\/post"}],"author":[{"embeddable":true,"href":"https:\/\/tvbrazilusa.com\/pt\/wp-json\/wp\/v2\/users\/1"}],"replies":[{"embeddable":true,"href":"https:\/\/tvbrazilusa.com\/pt\/wp-json\/wp\/v2\/comments?post=43328"}],"version-history":[{"count":1,"href":"https:\/\/tvbrazilusa.com\/pt\/wp-json\/wp\/v2\/posts\/43328\/revisions"}],"predecessor-version":[{"id":43330,"href":"https:\/\/tvbrazilusa.com\/pt\/wp-json\/wp\/v2\/posts\/43328\/revisions\/43330"}],"wp:featuredmedia":[{"embeddable":true,"href":"https:\/\/tvbrazilusa.com\/pt\/wp-json\/wp\/v2\/media\/43329"}],"wp:attachment":[{"href":"https:\/\/tvbrazilusa.com\/pt\/wp-json\/wp\/v2\/media?parent=43328"}],"wp:term":[{"taxonomy":"category","embeddable":true,"href":"https:\/\/tvbrazilusa.com\/pt\/wp-json\/wp\/v2\/categories?post=43328"},{"taxonomy":"post_tag","embeddable":true,"href":"https:\/\/tvbrazilusa.com\/pt\/wp-json\/wp\/v2\/tags?post=43328"}],"curies":[{"name":"wp","href":"https:\/\/api.w.org\/{rel}","templated":true}]}}