{"id":43365,"date":"2024-09-30T14:53:29","date_gmt":"2024-09-30T14:53:29","guid":{"rendered":"https:\/\/tvbrazilusa.com\/2024\/09\/30\/janja-erra-em-video-ao-fazer-chamado-aos-cidadoes-assista\/"},"modified":"2024-09-30T14:53:29","modified_gmt":"2024-09-30T14:53:29","slug":"janja-erra-em-video-ao-fazer-chamado-aos-cidadoes-assista","status":"publish","type":"post","link":"https:\/\/tvbrazilusa.com\/pt\/2024\/09\/30\/janja-erra-em-video-ao-fazer-chamado-aos-cidadoes-assista\/","title":{"rendered":"Janja erra em v\u00eddeo ao fazer chamado aos &#8216;cidad\u00f5es&#8217;; ASSISTA"},"content":{"rendered":"<p> <script async src=\"https:\/\/pagead2.googlesyndication.com\/pagead\/js\/adsbygoogle.js?client=ca-pub-8864793242727901\"\r\n     crossorigin=\"anonymous\"><\/script><br \/>\n<\/p>\n<div id=\"taboola-read-more\" style=\"display:block; width:100%\">\n<p>A primeira-dama Janja Lula da Silva usou seus perfis nas redes sociais neste domingo (29.set.2024) para publicar v\u00eddeo gravado no Central Park, em Nova York. Ela pede ajuda no combate \u00e0 fome, convoca os participantes do festival Global Citizen com esse objetivo e fala em ingl\u00eas em um trecho. No entanto, Janja errou ao fazer um chamado aos \u201ccidad\u00f5es globais\u201d \u2013o correto \u00e9 \u201ccidad\u00e3os\u201d.\n<\/p>\n<p>\u201cHello, global citizens. Eu n\u00e3o estou a\u00ed hoje com voc\u00eas, mas eu estou aqui, no Central Park, para fazer um importante chamado aos cidad\u00f5es globais\u201d, afirma Janja. Apesar de a legenda do v\u00eddeo estar correta, com \u201ccidad\u00e3os\u201d, pelo \u00e1udio \u00e9 poss\u00edvel ouvir que Janja fala em \u201ccidad\u00f5es\u201d.<\/p>\n<p>Assista:\n<\/p>\n<p>A edi\u00e7\u00e3o norte-americana do festival Global Citizen foi realizada no s\u00e1bado (28.set), no Central Park, na ilha de Manhattan. Contou com apresenta\u00e7\u00f5es de Post Malone, Doja Cat, LISA, Rauw Alejandro e Jelly Roll.\n<\/p>\n<p><strong>COP30 EM BEL\u00c9M<\/strong><br \/>O v\u00eddeo de Janja foi publicado depois de o ministro do Turismo, Celso Sabino, confirmar que Bel\u00e9m (PA) ter\u00e1 um show do Coldplay antes da COP30 em 2025.\n<\/p>\n<p>\u201cEst\u00e1 confirmado! \u00c9 com muita alegria que recebemos a not\u00edcia de que o festival Global Citizen de 2025 ser\u00e1 em Bel\u00e9m. Esperamos a banda Coldplay na nossa cidade. Nos vemos l\u00e1!\u201d, escreveu o ministro em seu perfil no Instagram.\n<\/p>\n<p>O governo do Estado do Par\u00e1 negociou para levar uma edi\u00e7\u00e3o do festival da ONG Global Citizen para Bel\u00e9m pouco antes da COP30, evento clim\u00e1tico da ONU (Organiza\u00e7\u00e3o das Na\u00e7\u00f5es Unidas), a ser realizado em 2025 na capital paraense.\n<\/p>\n<p>Chris Martin, vocalista do Coldplay, \u00e9 um dos l\u00edderes globais da ONG. A ideia seria realizar o festival na capital do Par\u00e1 de 15 a 20 dias antes da COP30 efetivamente. Os outros artistas que ir\u00e3o participar do festival devem ser anunciados em 17 de novembro de 2024.\n<\/p>\n<p>Fonte: Poder360 <\/p>\n<\/div>\n<p><br \/>\n<br \/><a href=\"https:\/\/diariodobrasilnoticias.com.br\/noticia\/janja-erra-em-video-ao-fazer-chamado-aos-cidadoes-assista-66fa9eab8baad\">Source link <\/a><\/p>","protected":false},"excerpt":{"rendered":"<p>A primeira-dama Janja Lula da Silva usou seus perfis nas redes sociais neste domingo (29.set.2024) para publicar v\u00eddeo gravado no Central Park, em Nova York. Ela pede ajuda no combate&hellip;<\/p>","protected":false},"author":1,"featured_media":43366,"comment_status":"closed","ping_status":"open","sticky":false,"template":"","format":"standard","meta":{"content-type":"","footnotes":""},"categories":[16],"tags":[123,2448,5313,1267],"class_list":["post-43365","post","type-post","status-publish","format-standard","has-post-thumbnail","hentry","category-noticias","tag-brasil","tag-diario","tag-noticia","tag-noticias"],"_links":{"self":[{"href":"https:\/\/tvbrazilusa.com\/pt\/wp-json\/wp\/v2\/posts\/43365","targetHints":{"allow":["GET"]}}],"collection":[{"href":"https:\/\/tvbrazilusa.com\/pt\/wp-json\/wp\/v2\/posts"}],"about":[{"href":"https:\/\/tvbrazilusa.com\/pt\/wp-json\/wp\/v2\/types\/post"}],"author":[{"embeddable":true,"href":"https:\/\/tvbrazilusa.com\/pt\/wp-json\/wp\/v2\/users\/1"}],"replies":[{"embeddable":true,"href":"https:\/\/tvbrazilusa.com\/pt\/wp-json\/wp\/v2\/comments?post=43365"}],"version-history":[{"count":1,"href":"https:\/\/tvbrazilusa.com\/pt\/wp-json\/wp\/v2\/posts\/43365\/revisions"}],"predecessor-version":[{"id":43367,"href":"https:\/\/tvbrazilusa.com\/pt\/wp-json\/wp\/v2\/posts\/43365\/revisions\/43367"}],"wp:featuredmedia":[{"embeddable":true,"href":"https:\/\/tvbrazilusa.com\/pt\/wp-json\/wp\/v2\/media\/43366"}],"wp:attachment":[{"href":"https:\/\/tvbrazilusa.com\/pt\/wp-json\/wp\/v2\/media?parent=43365"}],"wp:term":[{"taxonomy":"category","embeddable":true,"href":"https:\/\/tvbrazilusa.com\/pt\/wp-json\/wp\/v2\/categories?post=43365"},{"taxonomy":"post_tag","embeddable":true,"href":"https:\/\/tvbrazilusa.com\/pt\/wp-json\/wp\/v2\/tags?post=43365"}],"curies":[{"name":"wp","href":"https:\/\/api.w.org\/{rel}","templated":true}]}}