{"id":43371,"date":"2024-09-30T15:11:18","date_gmt":"2024-09-30T15:11:18","guid":{"rendered":"https:\/\/tvbrazilusa.com\/2024\/09\/30\/as-mudancas-no-lixo-comecam-em-clay-county-voce-sabe-o-dia-da-sua-coleta-jacksonville-hoje\/"},"modified":"2024-09-30T15:14:58","modified_gmt":"2024-09-30T15:14:58","slug":"as-mudancas-no-lixo-comecam-em-clay-county-voce-sabe-o-dia-da-sua-coleta-jacksonville-hoje","status":"publish","type":"post","link":"https:\/\/tvbrazilusa.com\/pt\/2024\/09\/30\/as-mudancas-no-lixo-comecam-em-clay-county-voce-sabe-o-dia-da-sua-coleta-jacksonville-hoje\/","title":{"rendered":"As mudan\u00e7as no lixo come\u00e7am em Clay County. Voc\u00ea sabe o dia da sua coleta? -Jacksonville hoje"},"content":{"rendered":"<p> <script async src=\"https:\/\/pagead2.googlesyndication.com\/pagead\/js\/adsbygoogle.js?client=ca-pub-8864793242727901\"\r\n     crossorigin=\"anonymous\"><\/script><br \/>\n<\/p>\n<div>\n<p>Um novo coletor de lixo <a href=\"https:\/\/jaxtoday.org\/2024\/07\/10\/big-changes-in-store-for-clay-county-garbage-collection\/\">come\u00e7ar\u00e1 o servi\u00e7o<\/a> Ter\u00e7a-feira em partes do Condado de Clay, mas muitas pessoas continuam confusas sobre o novo dia de coleta.<\/p>\n<p>Se voc\u00ea estiver entre eles, o condado publicou as informa\u00e7\u00f5es online. Voc\u00ea pode digitar seu endere\u00e7o e ele informar\u00e1 quando ser\u00e1 a coleta. <a href=\"https:\/\/experience.arcgis.com\/experience\/23164e5151d749c188360ad33e5b2c07\/\" rel=\"nofollow noopener\" target=\"_blank\">Voc\u00ea pode encontrar as informa\u00e7\u00f5es aqui.<\/a><\/p>\n<p>A nova empreiteira, FCC Environmental Services, agora coletar\u00e1 lixo e res\u00edduos de quintal no mesmo dia. Eles foram recolhidos em dias separados pela Gest\u00e3o de Res\u00edduos, o contratante anterior.<\/p>\n<p>A reciclagem na cal\u00e7ada tamb\u00e9m terminar\u00e1. A reciclagem tornou-se muito cara e apenas cerca de um ter\u00e7o dos residentes reciclou, disseram os comiss\u00e1rios do condado.<\/p>\n<p>As mudan\u00e7as se aplicam a \u00e1reas n\u00e3o incorporadas do Condado de Clay, incluindo Fleming Island, bem como Keystone Heights.<\/p>\n<p>Mais informa\u00e7\u00f5es sobre as mudan\u00e7as no servi\u00e7o de lixo <a href=\"https:\/\/www.claycountygov.com\/community\/garbage-and-recycling\/new-garbage-services\" rel=\"nofollow noopener\" target=\"_blank\">est\u00e1 dispon\u00edvel aqui<\/a>.<\/p>\n<p>Para a \u00e1rea de Clay Hill: O condado determinou que o novo cronograma deixar\u00e1 uma grande lacuna entre as coletas. Se o dia de coleta do Waste Management for ter\u00e7a-feira e o novo dia de coleta da FCC for segunda-feira, a FCC coletar\u00e1 seu lixo na ter\u00e7a-feira, 1\u00ba de outubro, apenas esta semana.<\/p>\n<p>Quanto aos destro\u00e7os do furac\u00e3o, o condado pede \u00e0s pessoas que passem os pr\u00f3ximos dias empilhando detritos nas estradas. N\u00e3o empilhe detritos contra \u00e1rvores, caixas el\u00e9tricas, postes, hidrantes ou bueiros.<\/p>\n<p>Voc\u00ea deve retirar seus detritos na estrada at\u00e9 7 de outubro para garantir que sejam recolhidos. O cronograma de coleta depender\u00e1 da quantidade de entulhos em nosso munic\u00edpio, ent\u00e3o seja paciente<\/p>\n<\/div>\n<p><br \/>\n<br \/><a href=\"https:\/\/jaxtoday.org\/2024\/09\/30\/garbage-clay-county\/\">Source link <\/a><\/p>","protected":false},"excerpt":{"rendered":"<p>Um novo coletor de lixo come\u00e7ar\u00e1 o servi\u00e7o Ter\u00e7a-feira em partes do Condado de Clay, mas muitas pessoas continuam confusas sobre o novo dia de coleta. Se voc\u00ea estiver entre&hellip;<\/p>","protected":false},"author":1,"featured_media":7600,"comment_status":"closed","ping_status":"open","sticky":false,"template":"","format":"standard","meta":{"content-type":"","footnotes":""},"categories":[1],"tags":[],"class_list":["post-43371","post","type-post","status-publish","format-standard","has-post-thumbnail","hentry","category-uncategorized"],"_links":{"self":[{"href":"https:\/\/tvbrazilusa.com\/pt\/wp-json\/wp\/v2\/posts\/43371","targetHints":{"allow":["GET"]}}],"collection":[{"href":"https:\/\/tvbrazilusa.com\/pt\/wp-json\/wp\/v2\/posts"}],"about":[{"href":"https:\/\/tvbrazilusa.com\/pt\/wp-json\/wp\/v2\/types\/post"}],"author":[{"embeddable":true,"href":"https:\/\/tvbrazilusa.com\/pt\/wp-json\/wp\/v2\/users\/1"}],"replies":[{"embeddable":true,"href":"https:\/\/tvbrazilusa.com\/pt\/wp-json\/wp\/v2\/comments?post=43371"}],"version-history":[{"count":1,"href":"https:\/\/tvbrazilusa.com\/pt\/wp-json\/wp\/v2\/posts\/43371\/revisions"}],"predecessor-version":[{"id":43372,"href":"https:\/\/tvbrazilusa.com\/pt\/wp-json\/wp\/v2\/posts\/43371\/revisions\/43372"}],"wp:featuredmedia":[{"embeddable":true,"href":"https:\/\/tvbrazilusa.com\/pt\/wp-json\/wp\/v2\/media\/7600"}],"wp:attachment":[{"href":"https:\/\/tvbrazilusa.com\/pt\/wp-json\/wp\/v2\/media?parent=43371"}],"wp:term":[{"taxonomy":"category","embeddable":true,"href":"https:\/\/tvbrazilusa.com\/pt\/wp-json\/wp\/v2\/categories?post=43371"},{"taxonomy":"post_tag","embeddable":true,"href":"https:\/\/tvbrazilusa.com\/pt\/wp-json\/wp\/v2\/tags?post=43371"}],"curies":[{"name":"wp","href":"https:\/\/api.w.org\/{rel}","templated":true}]}}