{"id":43409,"date":"2024-09-30T17:06:46","date_gmt":"2024-09-30T17:06:46","guid":{"rendered":"https:\/\/tvbrazilusa.com\/2024\/09\/30\/os-furacoes-e-as-tempestades-tropicais-estao-mudando-especialistas-avaliam-jacksonville-hoje\/"},"modified":"2024-09-30T17:13:50","modified_gmt":"2024-09-30T17:13:50","slug":"os-furacoes-e-as-tempestades-tropicais-estao-mudando-especialistas-avaliam-jacksonville-hoje","status":"publish","type":"post","link":"https:\/\/tvbrazilusa.com\/pt\/2024\/09\/30\/os-furacoes-e-as-tempestades-tropicais-estao-mudando-especialistas-avaliam-jacksonville-hoje\/","title":{"rendered":"Os furac\u00f5es e as tempestades tropicais est\u00e3o mudando? Especialistas avaliam &#8211; Jacksonville hoje"},"content":{"rendered":"<p> <script async src=\"https:\/\/pagead2.googlesyndication.com\/pagead\/js\/adsbygoogle.js?client=ca-pub-8864793242727901\"\r\n     crossorigin=\"anonymous\"><\/script><br \/>\n<\/p>\n<div>\n<p>Depois de tr\u00eas anos de furac\u00f5es <a href=\"https:\/\/jaxtoday.org\/2024\/09\/27\/helene-flooding-power-outages\/\">subindo o Golfo do M\u00e9xico<\/a>os moradores espancados podem sentir que est\u00e3o vivendo em um novo Beco dos Furac\u00f5es na Fl\u00f3rida.<\/p>\n<p>Mas embora conviver com as tempestades recentes tenha sido frustrante e doloroso para muitos, os especialistas dizem que n\u00e3o houve quaisquer mudan\u00e7as reais nos padr\u00f5es geogr\u00e1ficos dos furac\u00f5es.<\/p>\n<p>\u201cEles n\u00e3o est\u00e3o se comportando de maneira diferente do que eram h\u00e1 10 ou 20 anos\u201d, disse David Nolan, professor da Universidade de Miami e especialista em furac\u00f5es.<\/p>\n<p>Outros especialistas concordam.<\/p>\n<p>\u201cRealmente n\u00e3o houve grandes furac\u00f5es na hist\u00f3ria recente que atingiram o leste de Apalachicola, perto da costa, perto de Tallahassee\u201d, disse <a href=\"https:\/\/geog.ufl.edu\/faculty\/smullens\/\" rel=\"nofollow noopener\" target=\"_blank\">Stephen Mullens<\/a>professor assistente de meteorologia na Universidade da Fl\u00f3rida.<\/p>\n<p>D\u00e9cadas atr\u00e1s, a Pen\u00ednsula da Fl\u00f3rida e o Sul da Fl\u00f3rida eram conhecidos por terem furac\u00f5es muito fortes, disse ele. \u201cAcho que pode ser como nos anos 60 ou 70, quando a \u00e1rea de Miami a West Palm Beach sofreu muitos furac\u00f5es muito poderosos\u201d, disse Mullens.<\/p>\n<p>Mullens disse que n\u00e3o h\u00e1 muita diferen\u00e7a entre os furac\u00f5es dos \u00faltimos cinco anos e os dos 10 anos anteriores.<\/p>\n<p>\u201cEmbora tenhamos tido algumas tempestades (no norte da Fl\u00f3rida), esta seria a terceira tempestade em dois anos que atingiria esta \u00e1rea. Eu discordaria da ideia de que tempestades n\u00e3o ocorreram aqui no passado\u201d, disse Mullens da UF.<\/p>\n<h3 class=\"wp-block-heading\">Furac\u00f5es mais fortes<\/h3>\n<p>No entanto, a natureza dos furac\u00f5es est\u00e1 certamente a mudar.<\/p>\n<p>Um estudo da Administra\u00e7\u00e3o Oce\u00e2nica e Atmosf\u00e9rica Nacional concluiu em 2021 que as chuvas de ciclones tropicais aumentar\u00e3o devido \u00e0s mudan\u00e7as clim\u00e1ticas e ao aquecimento global, levando a mais inunda\u00e7\u00f5es.<\/p>\n<p>O estudo tamb\u00e9m constatou um aumento nas \u00faltimas quatro d\u00e9cadas na intensidade dos ciclones tropicais que atingiram pelo menos a categoria 3 at\u00e9 \u00e0 categoria 5, a n\u00edvel global e na bacia do Atl\u00e2ntico, incluindo o Oceano Atl\u00e2ntico Norte, o Mar das Cara\u00edbas e o Golfo do M\u00e9xico.<\/p>\n<p>Os ciclones da categoria 1 \u00e0 categoria 3 n\u00e3o s\u00e3o t\u00e3o frequentes como antes, de acordo com o estudo da NOAA.<\/p>\n<figure class=\"wp-block-image size-large\"><\/figure>\n<p>Embora os especialistas afirmem que a trajet\u00f3ria geral dos furac\u00f5es n\u00e3o mudou, tem havido uma tend\u00eancia ascendente no n\u00famero de furac\u00f5es nos \u00faltimos 40 anos. O n\u00famero t\u00edpico de tempestades h\u00e1 20 anos era em m\u00e9dia 12 por ano. Hoje s\u00e3o 14.<\/p>\n<p>Mais furac\u00f5es causam um n\u00famero maior de grandes chuvas associadas \u00e0s tempestades, como no caso dos furac\u00f5es Harvey em 2017 e Florence em 2018, disse Nolan.<\/p>\n<p>As \u00e1guas do Atl\u00e2ntico Ocidental ao redor da Fl\u00f3rida, do Golfo do M\u00e9xico e do Mar do Caribe s\u00e3o quentes, o que permite a forma\u00e7\u00e3o de furac\u00f5es. Portanto, para os meteorologistas, n\u00e3o \u00e9 incomum ver furac\u00f5es nessas \u00e1reas.<\/p>\n<p>O litoral n\u00e3o mudou, segundo Nolan. No entanto, a perspectiva das pessoas sobre esses eventos naturais mudou.<\/p>\n<p>Em 2005, quando o furac\u00e3o Katrina causou inunda\u00e7\u00f5es massivas em Nova Orleans e em cidades ao longo da costa leste da Louisiana, Mississippi e Alabama, os residentes da \u00e1rea n\u00e3o pensaram que as inunda\u00e7\u00f5es poderiam acontecer. Depois, em 2017, o furac\u00e3o Harvey tamb\u00e9m causou os mesmos danos.<\/p>\n<p>\u201cEsses furac\u00f5es que acabei de mencionar foram significativos nesse sentido\u201d, disse Nolan.<\/p>\n<figure class=\"wp-block-image size-large\"><img loading=\"lazy\" color=\"e3e8e8\" transparency=\"true\" style=\"--dominant-color: #e3e8e8;\" decoding=\"async\" width=\"1024\" height=\"805\" src=\"https:\/\/jaxtoday.org\/wp-content\/uploads\/2024\/09\/Landfall-1024x805.png\" alt=\"\" class=\"has-transparency wp-image-78062\" srcset=\"https:\/\/jaxtoday.org\/wp-content\/uploads\/2024\/09\/Landfall-1024x805.png 1024w, https:\/\/jaxtoday.org\/wp-content\/uploads\/2024\/09\/Landfall-300x236.png 300w, https:\/\/jaxtoday.org\/wp-content\/uploads\/2024\/09\/Landfall-768x604.png 768w, https:\/\/jaxtoday.org\/wp-content\/uploads\/2024\/09\/Landfall-305x240.png 305w, https:\/\/jaxtoday.org\/wp-content\/uploads\/2024\/09\/Landfall-100x79.png 100w, https:\/\/jaxtoday.org\/wp-content\/uploads\/2024\/09\/Landfall.png 1155w\" sizes=\"auto, (max-width: 1024px) 100vw, 1024px\"\/><\/figure>\n<p>Em m\u00e9dia, o sul da Fl\u00f3rida tem a maior frequ\u00eancia de ataques de tempestades tropicais e furac\u00f5es do que o resto do estado. A \u00e1rea a oeste do Panhandle tamb\u00e9m apresenta um \u00edndice muito alto de tempestades. As cidades s\u00e3o mais vulner\u00e1veis \u200b\u200bdependendo da sua configura\u00e7\u00e3o geogr\u00e1fica e da proximidade da \u00e1gua e da costa.<\/p>\n<p>Independentemente do que os especialistas possam dizer sobre a trajet\u00f3ria das tempestades, os moradores da Fl\u00f3rida sabem que eles e seus vizinhos est\u00e3o sofrendo.<\/p>\n<h3 class=\"wp-block-heading\">Hist\u00f3rias pessoais<\/h3>\n<p>Carlos Salgado, propriet\u00e1rio de uma pequena empresa em Gainesville, disse que lidar com furac\u00f5es n\u00e3o \u00e9 novidade para ele. Ele \u00e9 origin\u00e1rio da Nicar\u00e1gua, que est\u00e1 situada na Am\u00e9rica Central e faz fronteira a oeste com o Oceano Pac\u00edfico e com o Mar do Caribe em sua costa oriental.<\/p>\n<p>A Nicar\u00e1gua foi atingida por grandes furac\u00f5es, incluindo o furac\u00e3o Mitch em 1998, o furac\u00e3o Beta em 2005, o furac\u00e3o Felix em 2007 e, mais recentemente, o furac\u00e3o Eta e o furac\u00e3o Iota em 2020.<\/p>\n<p>\u201cEstamos tentando ficar em casa, cuidando da nossa fam\u00edlia e tendo comida suficiente para evitar sair de casa\u201d, disse Salgado, 31 anos, referindo-se ao furac\u00e3o Helene.<\/p>\n<p>Ele abriu seu neg\u00f3cio de alimentos na Nicar\u00e1gua nos apartamentos Bella Vista Village, em Gainesville, em junho, e obteve renda para sustentar sua esposa e dois filhos.<\/p>\n<p>A decis\u00e3o de fechar temporariamente devido ao furac\u00e3o significa que ele perder\u00e1 US$ 2 mil em receitas di\u00e1rias de seu neg\u00f3cio, disse ele.<\/p>\n<p>As tempestades tropicais que tendem a se formar no Mar do Caribe ou no Golfo do M\u00e9xico em dire\u00e7\u00e3o ao norte s\u00e3o as que afetam as partes superiores da Fl\u00f3rida, segundo Corene Matyas, professora de geografia e pesquisadora de climatologia tropical da Universidade da Fl\u00f3rida.<\/p>\n<p>Essas \u00e1reas t\u00eam \u00e1guas quentes, aus\u00eancia de ventos fortes na troposfera e facilitam a rota\u00e7\u00e3o das tempestades, condi\u00e7\u00f5es que n\u00e3o s\u00e3o frequentemente encontradas em outras partes do mundo, descreveram.<\/p>\n<p>\u201cOs ciclones tropicais s\u00e3o como uma bolha de calor. Se voc\u00ea soprar ventos fortes contra a bolha, voc\u00ea ir\u00e1 explodi-la. N\u00e3o ser\u00e1 capaz de se formar. Portanto, tamb\u00e9m deve ocorrer com ventos quase fracos\u201d, disse Matyas.<\/p>\n<p>Steph Ryan, caixa do Walmart, disse que os furac\u00f5es fazem parte de ser um morador da Fl\u00f3rida.<\/p>\n<p>\u201cSou do sul da Fl\u00f3rida, ent\u00e3o sei como lidar com furac\u00f5es\u201d, disse Ryan, 21 anos.<\/p>\n<p>Quando ele tinha 3 anos, o furac\u00e3o Wilma atingiu o condado de Palm Beach como categoria 3 em 2005 e fez com que o telhado de sua casa em Lake Worth ca\u00edsse sobre sua cabe\u00e7a, deixando-o com uma cicatriz.<\/p>\n<p>Ryan se lembra de ter testemunhado v\u00e1rias tempestades enquanto crescia: a tempestade tropical Emily em 2012, o furac\u00e3o Matthew em 2016, Irma em 2017 e Dorian em 2019.<\/p>\n<p>Ele disse que notou uma diminui\u00e7\u00e3o nos furac\u00f5es nos \u00faltimos anos, at\u00e9 que o furac\u00e3o Irma atingiu N\u00e1poles em 2017.<\/p>\n<p>\u201cLembro-me daqueles dois anos, foi bastante ativo porque n\u00e3o t\u00ednhamos uma tempestade de verdade h\u00e1 muitos anos\u201d, disse Ryan. \u201c\u00c0 medida que o clima piora, vemos estas tempestades piorarem. O furac\u00e3o Dorian foi uma das tempestades mais poderosas, o que \u00e9 bastante assustador.\u201d<\/p>\n<h3 class=\"wp-block-heading\">A enorme Helene<\/h3>\n<p>Nos \u00faltimos dois anos, os furac\u00f5es Idalia e Debby foram menores que o furac\u00e3o Helene.<\/p>\n<p>Helene foi um grande furac\u00e3o \u00fanico devido aos ventos com for\u00e7a de tempestade tropical que se estenderam muito mais longe do centro em dire\u00e7\u00e3o \u00e0 pen\u00ednsula da Fl\u00f3rida, disse Mullens da UF.<\/p>\n<p>As altera\u00e7\u00f5es clim\u00e1ticas aumentaram a temperatura da superf\u00edcie do mar e a quantidade de vapor de \u00e1gua no ar. As tempestades provavelmente ser\u00e3o mais poderosas e produzir\u00e3o mais chuva, disse ele. As chuvas interiores s\u00e3o a principal causa de mortes em furac\u00f5es, acrescentou.<\/p>\n<p>Durante esta \u00e9poca do ano, as temperaturas dos oceanos s\u00e3o mais altas e o fluxo do vento atmosf\u00e9rico \u00e9 o mais prop\u00edcio para a cria\u00e7\u00e3o de grandes furac\u00f5es, n\u00e3o apenas na bacia do Atl\u00e2ntico, mas no Golfo do M\u00e9xico, no Mar do Caribe, no Atl\u00e2ntico tropical e no leste das Pequenas Antilhas. Ilhas, de acordo com Mullens da UF.<\/p>\n<p>\u201cN\u00e3o h\u00e1 realmente nada espec\u00edfico que torne uma \u00e1rea espec\u00edfica mais propensa a sofrer um grande furac\u00e3o do que outra\u201d, disse Mullens.<\/p>\n<p>Direitos autorais 2024 WUFT 89.1<\/p>\n<\/div>\n<p><br \/>\n<br \/><a href=\"https:\/\/jaxtoday.org\/2024\/09\/30\/hurricanes-changing\/\">Source link <\/a><\/p>","protected":false},"excerpt":{"rendered":"<p>Depois de tr\u00eas anos de furac\u00f5es subindo o Golfo do M\u00e9xicoos moradores espancados podem sentir que est\u00e3o vivendo em um novo Beco dos Furac\u00f5es na Fl\u00f3rida. Mas embora conviver com&hellip;<\/p>","protected":false},"author":1,"featured_media":43410,"comment_status":"closed","ping_status":"open","sticky":false,"template":"","format":"standard","meta":{"content-type":"","footnotes":""},"categories":[1],"tags":[],"class_list":["post-43409","post","type-post","status-publish","format-standard","has-post-thumbnail","hentry","category-uncategorized"],"_links":{"self":[{"href":"https:\/\/tvbrazilusa.com\/pt\/wp-json\/wp\/v2\/posts\/43409","targetHints":{"allow":["GET"]}}],"collection":[{"href":"https:\/\/tvbrazilusa.com\/pt\/wp-json\/wp\/v2\/posts"}],"about":[{"href":"https:\/\/tvbrazilusa.com\/pt\/wp-json\/wp\/v2\/types\/post"}],"author":[{"embeddable":true,"href":"https:\/\/tvbrazilusa.com\/pt\/wp-json\/wp\/v2\/users\/1"}],"replies":[{"embeddable":true,"href":"https:\/\/tvbrazilusa.com\/pt\/wp-json\/wp\/v2\/comments?post=43409"}],"version-history":[{"count":1,"href":"https:\/\/tvbrazilusa.com\/pt\/wp-json\/wp\/v2\/posts\/43409\/revisions"}],"predecessor-version":[{"id":43411,"href":"https:\/\/tvbrazilusa.com\/pt\/wp-json\/wp\/v2\/posts\/43409\/revisions\/43411"}],"wp:featuredmedia":[{"embeddable":true,"href":"https:\/\/tvbrazilusa.com\/pt\/wp-json\/wp\/v2\/media\/43410"}],"wp:attachment":[{"href":"https:\/\/tvbrazilusa.com\/pt\/wp-json\/wp\/v2\/media?parent=43409"}],"wp:term":[{"taxonomy":"category","embeddable":true,"href":"https:\/\/tvbrazilusa.com\/pt\/wp-json\/wp\/v2\/categories?post=43409"},{"taxonomy":"post_tag","embeddable":true,"href":"https:\/\/tvbrazilusa.com\/pt\/wp-json\/wp\/v2\/tags?post=43409"}],"curies":[{"name":"wp","href":"https:\/\/api.w.org\/{rel}","templated":true}]}}