{"id":43421,"date":"2024-09-30T17:48:32","date_gmt":"2024-09-30T17:48:32","guid":{"rendered":"https:\/\/tvbrazilusa.com\/2024\/09\/30\/ex-diretor-revela-os-motivos-de-sua-saida-da-globo\/"},"modified":"2024-09-30T17:48:34","modified_gmt":"2024-09-30T17:48:34","slug":"ex-diretor-revela-os-motivos-de-sua-saida-da-globo","status":"publish","type":"post","link":"https:\/\/tvbrazilusa.com\/pt\/2024\/09\/30\/ex-diretor-revela-os-motivos-de-sua-saida-da-globo\/","title":{"rendered":"Ex-diretor revela os motivos de sua sa\u00edda da Globo"},"content":{"rendered":"<p> <script async src=\"https:\/\/pagead2.googlesyndication.com\/pagead\/js\/adsbygoogle.js?client=ca-pub-8864793242727901\"\r\n     crossorigin=\"anonymous\"><\/script><br \/>\n<\/p>\n<div id=\"taboola-read-more\" style=\"display:block; width:100%\">\n<p>Pedro Vasconcelos, ex-diretor da Globo, revelou que sua demiss\u00e3o da emissora, em 2021, foi motivada por preocupa\u00e7\u00f5es com sua sa\u00fade. Aos 50 anos, Vasconcelos compartilhou que o excesso de trabalho prejudicou sua vida pessoal, levando-o a tomar a decis\u00e3o de se afastar do canal para se dedicar \u00e0 fam\u00edlia.\n<\/p>\n<p>Em entrevista ao programa \u201cDomingo Espetacular\u201d da Record TV, ele explicou: \u201cEu era apaixonado por fazer novela, mas grandes mestres meus faleceram por descuido da sa\u00fade\u201d. O diretor admitiu que sua sa\u00fade come\u00e7ou a declinar, o que o fez perder muitos momentos importantes com seus filhos e sua fam\u00edlia.<\/p>\n<p><strong>Como as drogas afetaram a vida de Pedro Vasconcelos?<\/strong>\n<\/p>\n<p>Vasconcelos tornou-se um assunto muito comentado recentemente ao revelar que desenvolveu um v\u00edcio em drogas devido a um personagem que interpretou na miniss\u00e9rie \u201cO Portador\u201d (1991). Ele explicou que, ao tentar se aprofundar no personagem, que tamb\u00e9m era viciado, decidiu experimentar subst\u00e2ncias para compreender melhor as sensa\u00e7\u00f5es dessa persona fict\u00edcia.\n<\/p>\n<\/p>\n<p>Reprodu\u00e7\u00e3o\/Instagram\/@pedropontodevirada\n<\/p>\n<p><strong>Qual foi o impacto desse v\u00edcio na vida real?<\/strong><br \/>\u201cAs drogas te colocam em um processo autodestrutivo. \u00c0 medida que voc\u00ea est\u00e1 nesse processo, seu n\u00edvel de amor por voc\u00ea est\u00e1 muito baixo\u201d, comentou Vasconcelos, refletindo sobre sua experi\u00eancia. Ele acreditava que, para retratar fielmente o personagem, era necess\u00e1rio sentir o que uma pessoa que usa drogas sente, o que culminou em sua experimenta\u00e7\u00e3o e posterior depend\u00eancia.\n<\/p>\n<p><strong>Como Pedro Vasconcelos superou o v\u00edcio?<\/strong><br \/>O diretor relatou um per\u00edodo dif\u00edcil, onde ele \u201ccome\u00e7ou a mergulhar de cabe\u00e7a\u201d no uso de drogas durante as grava\u00e7\u00f5es e foi \u201cmuito al\u00e9m do que deveria\u201d. Apesar de n\u00e3o se identificar como uma pessoa viciada, ele reconheceu os momentos dif\u00edceis em que passava dias em casa chorando e rezando para superar o v\u00edcio. No entanto, a decis\u00e3o de abandonar as drogas foi um ponto de virada.\n<\/p>\n<p><strong>Conclus\u00e3o de Pedro Vasconcelos sobre sua trajet\u00f3ria<\/strong><br \/>Vasconcelos concluiu a entrevista afirmando que foi muito feliz em seu trabalho, mas viu na sua recupera\u00e7\u00e3o do v\u00edcio um \u201cmaior est\u00edmulo\u201d para seguir um novo caminho. Ele acredita que tomar a decis\u00e3o de nunca mais tocar nas drogas abriu novos caminhos em sua vida. Ele destacou que a sa\u00fade e a fam\u00edlia s\u00e3o prioridades, e sua decis\u00e3o de se afastar da Globo foi crucial para sua qualidade de vida.\n<\/p>\n<p>Fonte: O antagonista <\/p>\n<\/div>\n<p><br \/>\n<br \/><a href=\"https:\/\/diariodobrasilnoticias.com.br\/noticia\/ex-diretor-revela-os-motivos-de-sua-saida-da-globo-66fab6422512e\">Source link <\/a><\/p>","protected":false},"excerpt":{"rendered":"<p>Pedro Vasconcelos, ex-diretor da Globo, revelou que sua demiss\u00e3o da emissora, em 2021, foi motivada por preocupa\u00e7\u00f5es com sua sa\u00fade. Aos 50 anos, Vasconcelos compartilhou que o excesso de trabalho&hellip;<\/p>","protected":false},"author":1,"featured_media":43422,"comment_status":"closed","ping_status":"open","sticky":false,"template":"","format":"standard","meta":{"content-type":"","footnotes":""},"categories":[16],"tags":[123,2448,5313,1267],"class_list":["post-43421","post","type-post","status-publish","format-standard","has-post-thumbnail","hentry","category-noticias","tag-brasil","tag-diario","tag-noticia","tag-noticias"],"_links":{"self":[{"href":"https:\/\/tvbrazilusa.com\/pt\/wp-json\/wp\/v2\/posts\/43421","targetHints":{"allow":["GET"]}}],"collection":[{"href":"https:\/\/tvbrazilusa.com\/pt\/wp-json\/wp\/v2\/posts"}],"about":[{"href":"https:\/\/tvbrazilusa.com\/pt\/wp-json\/wp\/v2\/types\/post"}],"author":[{"embeddable":true,"href":"https:\/\/tvbrazilusa.com\/pt\/wp-json\/wp\/v2\/users\/1"}],"replies":[{"embeddable":true,"href":"https:\/\/tvbrazilusa.com\/pt\/wp-json\/wp\/v2\/comments?post=43421"}],"version-history":[{"count":1,"href":"https:\/\/tvbrazilusa.com\/pt\/wp-json\/wp\/v2\/posts\/43421\/revisions"}],"predecessor-version":[{"id":43423,"href":"https:\/\/tvbrazilusa.com\/pt\/wp-json\/wp\/v2\/posts\/43421\/revisions\/43423"}],"wp:featuredmedia":[{"embeddable":true,"href":"https:\/\/tvbrazilusa.com\/pt\/wp-json\/wp\/v2\/media\/43422"}],"wp:attachment":[{"href":"https:\/\/tvbrazilusa.com\/pt\/wp-json\/wp\/v2\/media?parent=43421"}],"wp:term":[{"taxonomy":"category","embeddable":true,"href":"https:\/\/tvbrazilusa.com\/pt\/wp-json\/wp\/v2\/categories?post=43421"},{"taxonomy":"post_tag","embeddable":true,"href":"https:\/\/tvbrazilusa.com\/pt\/wp-json\/wp\/v2\/tags?post=43421"}],"curies":[{"name":"wp","href":"https:\/\/api.w.org\/{rel}","templated":true}]}}