{"id":43435,"date":"2024-09-30T18:57:04","date_gmt":"2024-09-30T18:57:04","guid":{"rendered":"https:\/\/tvbrazilusa.com\/2024\/09\/30\/lider-do-hamas-e-morto-em-ataque-israelense-fplp-reporta-mais-tres-mortes-em-beirute\/"},"modified":"2024-09-30T18:57:06","modified_gmt":"2024-09-30T18:57:06","slug":"lider-do-hamas-e-morto-em-ataque-israelense-fplp-reporta-mais-tres-mortes-em-beirute","status":"publish","type":"post","link":"https:\/\/tvbrazilusa.com\/pt\/2024\/09\/30\/lider-do-hamas-e-morto-em-ataque-israelense-fplp-reporta-mais-tres-mortes-em-beirute\/","title":{"rendered":"L\u00edder do Hamas \u00e9 morto em ataque israelense; FPLP reporta mais tr\u00eas mortes em Beirute."},"content":{"rendered":"<p> <script async src=\"https:\/\/pagead2.googlesyndication.com\/pagead\/js\/adsbygoogle.js?client=ca-pub-8864793242727901\"\r\n     crossorigin=\"anonymous\"><\/script><br \/>\n<\/p>\n<div id=\"taboola-read-more\" style=\"display:block; width:100%\">\n<p>O Hamas informou que um ataque israelense nesta segunda-feira, 30, resultou na morte de seu l\u00edder no L\u00edbano, Fateh Sherif Abu el-Amin, junto com sua esposa, filho e filha.\n<\/p>\n<p>O ataque ocorreu em uma resid\u00eancia dentro de um campo de refugiados palestinos na cidade de Tiro, no sul do L\u00edbano. O ataque faz parte da escalada de opera\u00e7\u00f5es militares israelenses na regi\u00e3o, que t\u00eam como alvo grupos aliados do Ir\u00e3.<\/p>\n<p>O grupo militante palestino\u00a0<strong>Frente Popular para a Liberta\u00e7\u00e3o da Palestina (FPLP)<\/strong>\u00a0tamb\u00e9m relatou que tr\u00eas de seus l\u00edderes foram mortos em outro ataque israelense, que atingiu o distrito de Kola, na capital libanesa, Beirute. Este \u00e9 o primeiro ataque registrado dentro dos limites da cidade de Beirute desde o in\u00edcio da atual ofensiva israelense.\n<\/p>\n<h3 class=\"wp-block-heading\">Detalhes dos ataques<\/h3>\n<p>De acordo com o comunicado emitido pelo Hamas, o ataque que matou Fateh Sherif Abu el-Amin e sua fam\u00edlia foi realizado nas primeiras horas da segunda-feira e atingiu diretamente a resid\u00eancia do l\u00edder no campo de refugiados. N\u00e3o foram divulgadas maiores informa\u00e7\u00f5es sobre o n\u00famero de v\u00edtimas adicionais no local ou sobre danos materiais.\n<\/p>\n<p>Simultaneamente, a FPLP informou que o ataque em Beirute teve como alvo um edif\u00edcio no distrito de Kola, atingindo o andar superior de um pr\u00e9dio de apartamentos, conforme relato de testemunhas ao portal\u00a0<strong>Reuters<\/strong>. A identidade dos tr\u00eas l\u00edderes mortos no ataque ainda n\u00e3o foi revelada pelo grupo, mas o impacto do ataque foi significativo, elevando a tens\u00e3o na capital libanesa.\n<\/p>\n<h3 class=\"wp-block-heading\">Crescimento da tens\u00e3o na regi\u00e3o<\/h3>\n<p>Os ataques ocorrem em um contexto de intensifica\u00e7\u00e3o das opera\u00e7\u00f5es israelenses contra grupos militantes palestinos e aliados do Ir\u00e3 na regi\u00e3o. Israel tem conduzido uma s\u00e9rie de a\u00e7\u00f5es militares em resposta a atividades de grupos como o Hamas e a FPLP, que mant\u00eam presen\u00e7a ativa no L\u00edbano e em outros pa\u00edses da regi\u00e3o.\n<\/p>\n<p>Embora o L\u00edbano j\u00e1 tenha sido palco de conflitos envolvendo grupos palestinos e for\u00e7as israelenses, o ataque em Beirute marca uma nova fase na escalada de viol\u00eancia, com a\u00e7\u00f5es militares agora atingindo \u00e1reas urbanas centrais.\n<\/p>\n<p>Beirute, que j\u00e1 foi alvo de ataques no passado, tem evitado confrontos diretos nos \u00faltimos anos, tornando este ataque particularmente significativo.\n<\/p>\n<p>\u00a0<\/p>\n<h3 class=\"wp-block-heading\">Repercuss\u00f5es<\/h3>\n<p>A morte de<strong>\u00a0Fateh Sherif Abu el-Amin<\/strong>, um importante l\u00edder do\u00a0<strong>Hamas\u00a0<\/strong>no\u00a0<strong>L\u00edbano<\/strong>, poder\u00e1 gerar novas retalia\u00e7\u00f5es e aumentar ainda mais as tens\u00f5es entre Israel e grupos militantes na regi\u00e3o.\n<\/p>\n<p>O Hamas, que \u00e9 apoiado pelo Ir\u00e3 e tem forte presen\u00e7a no L\u00edbano, dever\u00e1 responder com mais a\u00e7\u00f5es de resist\u00eancia, segundo an\u00e1lises de especialistas em seguran\u00e7a.\n<\/p>\n<p>Al\u00e9m disso, o ataque que atingiu l\u00edderes da FPLP em Beirute levanta preocupa\u00e7\u00f5es sobre a estabilidade da capital libanesa, que j\u00e1 enfrenta uma crise econ\u00f4mica e pol\u00edtica. A resposta de grupos militantes a esses ataques pode resultar em uma nova onda de viol\u00eancia que se espalhe por toda a regi\u00e3o.\n<\/p>\n<p>Testemunhas que presenciaram o ataque em Beirute relataram uma forte explos\u00e3o que atingiu o edif\u00edcio, gerando p\u00e2nico entre os moradores. O edif\u00edcio de apartamentos sofreu danos consider\u00e1veis no andar superior, onde os l\u00edderes da FPLP estariam reunidos no momento do ataque.\n<\/p>\n<h3 class=\"wp-block-heading\">Contexto do conflito<\/h3>\n<p>Os recentes ataques fazem parte de uma campanha mais ampla de Israel para enfraquecer a influ\u00eancia de grupos armados palestinos e seus aliados regionais, particularmente aqueles apoiados pelo Ir\u00e3.\n<\/p>\n<p>O Hamas e a FPLP est\u00e3o entre os principais alvos dessa campanha, devido \u00e0 sua oposi\u00e7\u00e3o \u00e0s pol\u00edticas israelenses e seu envolvimento em ataques anteriores contra alvos israelenses.\n<\/p>\n<p>Israel, por sua vez, justifica as opera\u00e7\u00f5es como parte de sua estrat\u00e9gia de autodefesa, argumentando que os grupos militantes palestinos representam uma amea\u00e7a constante \u00e0 seguran\u00e7a do pa\u00eds.\n<\/p>\n<p>A atual escalada, por\u00e9m, aumenta os temores de que o conflito possa se alastrar para outras \u00e1reas do Oriente M\u00e9dio, envolvendo mais diretamente pa\u00edses como o L\u00edbano e a S\u00edria.\n<\/p>\n<p>Fonte: O cafezinho <\/p>\n<\/div>\n<p><br \/>\n<br \/><a href=\"https:\/\/diariodobrasilnoticias.com.br\/noticia\/lider-do-hamas-e-morto-em-ataque-israelense-fplp-reporta-mais-tres-mortes-em-beirute-66facf9a43128\">Source link <\/a><\/p>","protected":false},"excerpt":{"rendered":"<p>O Hamas informou que um ataque israelense nesta segunda-feira, 30, resultou na morte de seu l\u00edder no L\u00edbano, Fateh Sherif Abu el-Amin, junto com sua esposa, filho e filha. O&hellip;<\/p>","protected":false},"author":1,"featured_media":43436,"comment_status":"closed","ping_status":"open","sticky":false,"template":"","format":"standard","meta":{"content-type":"","footnotes":""},"categories":[16],"tags":[123,2448,5313,1267],"class_list":["post-43435","post","type-post","status-publish","format-standard","has-post-thumbnail","hentry","category-noticias","tag-brasil","tag-diario","tag-noticia","tag-noticias"],"_links":{"self":[{"href":"https:\/\/tvbrazilusa.com\/pt\/wp-json\/wp\/v2\/posts\/43435","targetHints":{"allow":["GET"]}}],"collection":[{"href":"https:\/\/tvbrazilusa.com\/pt\/wp-json\/wp\/v2\/posts"}],"about":[{"href":"https:\/\/tvbrazilusa.com\/pt\/wp-json\/wp\/v2\/types\/post"}],"author":[{"embeddable":true,"href":"https:\/\/tvbrazilusa.com\/pt\/wp-json\/wp\/v2\/users\/1"}],"replies":[{"embeddable":true,"href":"https:\/\/tvbrazilusa.com\/pt\/wp-json\/wp\/v2\/comments?post=43435"}],"version-history":[{"count":1,"href":"https:\/\/tvbrazilusa.com\/pt\/wp-json\/wp\/v2\/posts\/43435\/revisions"}],"predecessor-version":[{"id":43437,"href":"https:\/\/tvbrazilusa.com\/pt\/wp-json\/wp\/v2\/posts\/43435\/revisions\/43437"}],"wp:featuredmedia":[{"embeddable":true,"href":"https:\/\/tvbrazilusa.com\/pt\/wp-json\/wp\/v2\/media\/43436"}],"wp:attachment":[{"href":"https:\/\/tvbrazilusa.com\/pt\/wp-json\/wp\/v2\/media?parent=43435"}],"wp:term":[{"taxonomy":"category","embeddable":true,"href":"https:\/\/tvbrazilusa.com\/pt\/wp-json\/wp\/v2\/categories?post=43435"},{"taxonomy":"post_tag","embeddable":true,"href":"https:\/\/tvbrazilusa.com\/pt\/wp-json\/wp\/v2\/tags?post=43435"}],"curies":[{"name":"wp","href":"https:\/\/api.w.org\/{rel}","templated":true}]}}