{"id":43438,"date":"2024-09-30T19:11:34","date_gmt":"2024-09-30T19:11:34","guid":{"rendered":"https:\/\/tvbrazilusa.com\/2024\/09\/30\/perna-de-surfista-se-abre-como-uma-flor-apos-pisar-por-acidente-em-tubarao\/"},"modified":"2024-09-30T19:11:38","modified_gmt":"2024-09-30T19:11:38","slug":"perna-de-surfista-se-abre-como-uma-flor-apos-pisar-por-acidente-em-tubarao","status":"publish","type":"post","link":"https:\/\/tvbrazilusa.com\/pt\/2024\/09\/30\/perna-de-surfista-se-abre-como-uma-flor-apos-pisar-por-acidente-em-tubarao\/","title":{"rendered":"Perna de surfista &#8216;se abre como uma flor&#8217; ap\u00f3s pisar por acidente em tubar\u00e3o"},"content":{"rendered":"<p> <script async src=\"https:\/\/pagead2.googlesyndication.com\/pagead\/js\/adsbygoogle.js?client=ca-pub-8864793242727901\"\r\n     crossorigin=\"anonymous\"><\/script><br \/>\n<\/p>\n<div id=\"taboola-read-more\" style=\"display:block; width:100%\">\n<p>Um veterano surfista de 62 anos foi mordido por um tubar\u00e3o quando, acidentalmente, pisou na cabe\u00e7a de tubar\u00e3o ao enfrentar as ondas de New Smyrna Beach, perto de Orlando (Fl\u00f3rida, EUA), em 22 de setembro.\n<\/p>\n<p>Charley Hajek estava numa maratona de 148 dias seguidos de surfe quando se deu o encontro com o tubar\u00e3o-touro.<\/p>\n<p>&#8220;Naquela fra\u00e7\u00e3o de segundo eu disse &#8216;Aposto que estou em cima de um tubar\u00e3o&#8217;. No momento em que pensei nisso, ele me mordeu muito r\u00e1pido. Foi t\u00e3o r\u00e1pido e o impulso foi t\u00e3o poderoso que quando eu estava na sua boca por aquela fra\u00e7\u00e3o de segundo, ele me mordeu e me soltou&#8221;, relatou o americano ao &#8220;Daytona Beach Journal&#8221;.\n<\/p>\n<p>O surfista afirmou que a ser mordido no tornozelo esquerdo teve a sensa\u00e7\u00e3o de que a sua perna tinha &#8220;entrado numa tomada&#8221;.\n<\/p>\n<p>&#8220;A minha perna simplesmente se abriu como uma flor e expeliu sangue para todos os lados. Cara, foi t\u00e3o horr\u00edvel!&#8221;, recordou.\n<\/p>\n<p>Ap\u00f3s tomar v\u00e1rios pontos na perna esquerda e no p\u00e9, Charley recebeu alta. Ele em breve planeja voltar ao mar.\n<\/p>\n<p>&#8220;Estou ansioso para voltar l\u00e1&#8221;, afirmou.\n<\/p>\n<p>Fonte: Extra <\/p>\n<\/div>\n<p><br \/>\n<br \/><a href=\"https:\/\/diariodobrasilnoticias.com.br\/noticia\/perna-de-surfista-se-abre-como-uma-flor-apos-pisar-por-acidente-em-tubarao-66fad650b9181\">Source link <\/a><\/p>","protected":false},"excerpt":{"rendered":"<p>Um veterano surfista de 62 anos foi mordido por um tubar\u00e3o quando, acidentalmente, pisou na cabe\u00e7a de tubar\u00e3o ao enfrentar as ondas de New Smyrna Beach, perto de Orlando (Fl\u00f3rida,&hellip;<\/p>","protected":false},"author":1,"featured_media":43439,"comment_status":"closed","ping_status":"open","sticky":false,"template":"","format":"standard","meta":{"content-type":"","footnotes":""},"categories":[16],"tags":[123,2448,5313,1267],"class_list":["post-43438","post","type-post","status-publish","format-standard","has-post-thumbnail","hentry","category-noticias","tag-brasil","tag-diario","tag-noticia","tag-noticias"],"_links":{"self":[{"href":"https:\/\/tvbrazilusa.com\/pt\/wp-json\/wp\/v2\/posts\/43438","targetHints":{"allow":["GET"]}}],"collection":[{"href":"https:\/\/tvbrazilusa.com\/pt\/wp-json\/wp\/v2\/posts"}],"about":[{"href":"https:\/\/tvbrazilusa.com\/pt\/wp-json\/wp\/v2\/types\/post"}],"author":[{"embeddable":true,"href":"https:\/\/tvbrazilusa.com\/pt\/wp-json\/wp\/v2\/users\/1"}],"replies":[{"embeddable":true,"href":"https:\/\/tvbrazilusa.com\/pt\/wp-json\/wp\/v2\/comments?post=43438"}],"version-history":[{"count":1,"href":"https:\/\/tvbrazilusa.com\/pt\/wp-json\/wp\/v2\/posts\/43438\/revisions"}],"predecessor-version":[{"id":43440,"href":"https:\/\/tvbrazilusa.com\/pt\/wp-json\/wp\/v2\/posts\/43438\/revisions\/43440"}],"wp:featuredmedia":[{"embeddable":true,"href":"https:\/\/tvbrazilusa.com\/pt\/wp-json\/wp\/v2\/media\/43439"}],"wp:attachment":[{"href":"https:\/\/tvbrazilusa.com\/pt\/wp-json\/wp\/v2\/media?parent=43438"}],"wp:term":[{"taxonomy":"category","embeddable":true,"href":"https:\/\/tvbrazilusa.com\/pt\/wp-json\/wp\/v2\/categories?post=43438"},{"taxonomy":"post_tag","embeddable":true,"href":"https:\/\/tvbrazilusa.com\/pt\/wp-json\/wp\/v2\/tags?post=43438"}],"curies":[{"name":"wp","href":"https:\/\/api.w.org\/{rel}","templated":true}]}}