{"id":43449,"date":"2024-09-30T19:50:40","date_gmt":"2024-09-30T19:50:40","guid":{"rendered":"https:\/\/tvbrazilusa.com\/2024\/09\/30\/empreiteiras-contribuem-com-r-23-milhoes-ao-psd-para-as-eleicoes-municipais\/"},"modified":"2024-09-30T19:50:41","modified_gmt":"2024-09-30T19:50:41","slug":"empreiteiras-contribuem-com-r-23-milhoes-ao-psd-para-as-eleicoes-municipais","status":"publish","type":"post","link":"https:\/\/tvbrazilusa.com\/pt\/2024\/09\/30\/empreiteiras-contribuem-com-r-23-milhoes-ao-psd-para-as-eleicoes-municipais\/","title":{"rendered":"Empreiteiras contribuem com R$ 2,3 milh\u00f5es ao PSD para as elei\u00e7\u00f5es municipais"},"content":{"rendered":"<p> <script async src=\"https:\/\/pagead2.googlesyndication.com\/pagead\/js\/adsbygoogle.js?client=ca-pub-8864793242727901\"\r\n     crossorigin=\"anonymous\"><\/script><br \/>\n<\/p>\n<div id=\"taboola-read-more\" style=\"display:block; width:100%\">\n<p>Para eleger pol\u00edticos do PSD, empreiteiras injetaram R$ 2,3 milh\u00f5es nas elei\u00e7\u00f5es municipais deste ano. De acordo com o portal Metr\u00f3poles, at\u00e9 a \u00faltima sexta-feira, 27, 12 das 21 doa\u00e7\u00f5es de pessoas f\u00edsicas ao diret\u00f3rio nacional do partido vieram de empres\u00e1rios e diretores de empresas de constru\u00e7\u00e3o civil.\n<\/p>\n<p>Todos esses dados referentes aos repasses j\u00e1 foram fornecidos \u00e0 Justi\u00e7a Eleitoral, conforme o site.<\/p>\n<p>Entre os doadores, Antonio Setin, da incorporadora Setin, destacou-se como o mais generoso ao contribuir com R$ 1 milh\u00e3o ao PSD. Fabio Cury, Paulo Sergio Beyruti Curi e Ronaldo Cury de Capua, todos da Cury Construtora, doaram R$ 250 mil, cada um. Ricardo Valadares Gontijo, propriet\u00e1rio da Construtora Direcional, tamb\u00e9m transferiu R$ 250 mil ao partido.\n<\/p>\n<h2>Outras empreiteiras que doaram ao PSD nestas elei\u00e7\u00f5es municipais<\/h2>\n<figure><picture><source srcset=\"https:\/\/medias.revistaoeste.com\/wp-content\/uploads\/2022\/03\/construcao-pib-1024x613.jpg.webp 1024w, https:\/\/medias.revistaoeste.com\/wp-content\/uploads\/2022\/03\/construcao-pib-300x179.jpg.webp 300w, https:\/\/medias.revistaoeste.com\/wp-content\/uploads\/2022\/03\/construcao-pib-768x459.jpg.webp 768w, https:\/\/medias.revistaoeste.com\/wp-content\/uploads\/2022\/03\/construcao-pib-60x36.jpg.webp 60w, https:\/\/medias.revistaoeste.com\/wp-content\/uploads\/2022\/03\/construcao-pib-240x144.jpg.webp 240w, https:\/\/medias.revistaoeste.com\/wp-content\/uploads\/2022\/03\/construcao-pib-600x359.jpg.webp 600w, https:\/\/medias.revistaoeste.com\/wp-content\/uploads\/2022\/03\/construcao-pib.jpg.webp 1170w\" type=\"image\/webp\" data-srcset=\"https:\/\/medias.revistaoeste.com\/wp-content\/uploads\/2022\/03\/construcao-pib-1024x613.jpg.webp 1024w, https:\/\/medias.revistaoeste.com\/wp-content\/uploads\/2022\/03\/construcao-pib-300x179.jpg.webp 300w, https:\/\/medias.revistaoeste.com\/wp-content\/uploads\/2022\/03\/construcao-pib-768x459.jpg.webp 768w, https:\/\/medias.revistaoeste.com\/wp-content\/uploads\/2022\/03\/construcao-pib-60x36.jpg.webp 60w, https:\/\/medias.revistaoeste.com\/wp-content\/uploads\/2022\/03\/construcao-pib-240x144.jpg.webp 240w, https:\/\/medias.revistaoeste.com\/wp-content\/uploads\/2022\/03\/construcao-pib-600x359.jpg.webp 600w, https:\/\/medias.revistaoeste.com\/wp-content\/uploads\/2022\/03\/construcao-pib.jpg.webp 1170w\" data-sizes=\"(max-width: 1024px) 100vw, 1024px\"\/><\/picture><\/figure>\n<p>Outros nomes do setor que contribu\u00edram incluem:\n<\/p>\n<ul>\n<li>Ricardo Polacow Zylberman, s\u00f3cio da Magik LZ Empreendimentos Imobili\u00e1rios, que doou R$ 100 mil;<\/li>\n<li>Emilio Kallas, do Grupo Kallas, com R$ 70 mil;<\/li>\n<li>Efraim Horn, CEO da Cyrela, com R$ 50 mil; e<\/li>\n<li>Abr\u00e3o Muszkat, da You, Inc, com R$ 25 mil.<\/li>\n<\/ul>\n<p>Ainda segundo o Metr\u00f3poles, a Di\u00e1logo Engenharia tamb\u00e9m teve tr\u00eas executivos entre os doadores do PSD: Edgard Karnick Nahas, que contribuiu com R$ 30 mil, e Guilherme Sallum Nahas e Isabella Teresa Sallum Nahas Aidar, que doaram R$ 20 mil, cada um.\n<\/p>\n<p><strong>Revista Oeste\u00a0<\/strong> <\/p>\n<\/div>\n<p><br \/>\n<br \/><a href=\"https:\/\/diariodobrasilnoticias.com.br\/noticia\/empreiteiras-contribuem-com-r-2-3-milhoes-ao-psd-para-as-eleicoes-municipais-66fae1181c6be\">Source link <\/a><\/p>","protected":false},"excerpt":{"rendered":"<p>Para eleger pol\u00edticos do PSD, empreiteiras injetaram R$ 2,3 milh\u00f5es nas elei\u00e7\u00f5es municipais deste ano. De acordo com o portal Metr\u00f3poles, at\u00e9 a \u00faltima sexta-feira, 27, 12 das 21 doa\u00e7\u00f5es&hellip;<\/p>","protected":false},"author":1,"featured_media":43450,"comment_status":"closed","ping_status":"open","sticky":false,"template":"","format":"standard","meta":{"content-type":"","footnotes":""},"categories":[16],"tags":[123,2448,5313,1267],"class_list":["post-43449","post","type-post","status-publish","format-standard","has-post-thumbnail","hentry","category-noticias","tag-brasil","tag-diario","tag-noticia","tag-noticias"],"_links":{"self":[{"href":"https:\/\/tvbrazilusa.com\/pt\/wp-json\/wp\/v2\/posts\/43449","targetHints":{"allow":["GET"]}}],"collection":[{"href":"https:\/\/tvbrazilusa.com\/pt\/wp-json\/wp\/v2\/posts"}],"about":[{"href":"https:\/\/tvbrazilusa.com\/pt\/wp-json\/wp\/v2\/types\/post"}],"author":[{"embeddable":true,"href":"https:\/\/tvbrazilusa.com\/pt\/wp-json\/wp\/v2\/users\/1"}],"replies":[{"embeddable":true,"href":"https:\/\/tvbrazilusa.com\/pt\/wp-json\/wp\/v2\/comments?post=43449"}],"version-history":[{"count":1,"href":"https:\/\/tvbrazilusa.com\/pt\/wp-json\/wp\/v2\/posts\/43449\/revisions"}],"predecessor-version":[{"id":43451,"href":"https:\/\/tvbrazilusa.com\/pt\/wp-json\/wp\/v2\/posts\/43449\/revisions\/43451"}],"wp:featuredmedia":[{"embeddable":true,"href":"https:\/\/tvbrazilusa.com\/pt\/wp-json\/wp\/v2\/media\/43450"}],"wp:attachment":[{"href":"https:\/\/tvbrazilusa.com\/pt\/wp-json\/wp\/v2\/media?parent=43449"}],"wp:term":[{"taxonomy":"category","embeddable":true,"href":"https:\/\/tvbrazilusa.com\/pt\/wp-json\/wp\/v2\/categories?post=43449"},{"taxonomy":"post_tag","embeddable":true,"href":"https:\/\/tvbrazilusa.com\/pt\/wp-json\/wp\/v2\/tags?post=43449"}],"curies":[{"name":"wp","href":"https:\/\/api.w.org\/{rel}","templated":true}]}}