{"id":43452,"date":"2024-09-30T20:12:44","date_gmt":"2024-09-30T20:12:44","guid":{"rendered":"https:\/\/tvbrazilusa.com\/2024\/09\/30\/as-profissoes-que-mais-contrataram-pessoas-com-mais-de-50-anos-confira-a-lista\/"},"modified":"2024-09-30T20:12:45","modified_gmt":"2024-09-30T20:12:45","slug":"as-profissoes-que-mais-contrataram-pessoas-com-mais-de-50-anos-confira-a-lista","status":"publish","type":"post","link":"https:\/\/tvbrazilusa.com\/pt\/2024\/09\/30\/as-profissoes-que-mais-contrataram-pessoas-com-mais-de-50-anos-confira-a-lista\/","title":{"rendered":"As profiss\u00f5es que mais contrataram pessoas com mais de 50 anos; confira a lista"},"content":{"rendered":"<p> <script async src=\"https:\/\/pagead2.googlesyndication.com\/pagead\/js\/adsbygoogle.js?client=ca-pub-8864793242727901\"\r\n     crossorigin=\"anonymous\"><\/script><br \/>\n<\/p>\n<div>\n<figure class=\"post-image\">\n<\/figure>\n<p><span style=\"font-size: 12px\">REPRODU\u00c7\u00c3O<\/span><\/p>\n<div id=\"taboola-read-more\" style=\"display:block; width:100%\">\n<p>Procurar um emprego ap\u00f3s os 50 anos pode ser desafiador, mas \u00e9 algo muito comum, afinal muitos brasileiros quando chegam aos 50 anos continuam ativos e muitos ainda n\u00e3o possuem os requisitos necess\u00e1rios para se aposentar.\n<\/p>\n<p>Desta forma, pessoas com 50 anos ou mais continuam sendo preocupados e ativos em duas vidas profissionais.<\/p>\n<p>Com esse cen\u00e1rio muitos buscam recoloca\u00e7\u00e3o profissional ou precisam buscar um novo emprego, e para te ajudar trouxemos dados importantes que podem trazer luz neste momento.\u00a0\n<\/p>\n<p>Os dados apresentados v\u00eam das informa\u00e7\u00f5es que as empresas enviam dos seus funcion\u00e1rios para o governo atrav\u00e9s do eSocial e da RAIS (Rela\u00e7\u00e3o Anual de Informa\u00e7\u00f5es Sociais).\u00a0\n<\/p>\n<p>Onde, por meio destes dados dos quais acessamos, conseguimos identificar quais s\u00e3o as profiss\u00f5es que mais admitiram pessoas com 50 anos ou mais no ano passado.\n<\/p>\n<p>Descobrir as profiss\u00f5es que mais contratam pessoas com mais de 50 anos pode ser um bom ponto de partida para quem est\u00e1 nessa faixa et\u00e1ria e busca novas oportunidades no mercado de trabalho.\u00a0\n<\/p>\n<p>Se esse \u00e9 o seu caso, vale a pena considerar as op\u00e7\u00f5es a seguir, que mostram quais s\u00e3o os cargos em alta para sua faixa et\u00e1ria.\u00a0\n<\/p>\n<h3 id=\"h-profissoes-que-mais-contratam-quem-passou-dos-50-anos\" class=\"wp-block-heading\"><strong>Profiss\u00f5es que mais contratam quem passou dos 50 anos<\/strong><\/h3>\n<p>Embora os dados analisados sejam de 2023, eles podem trazer luz para aqueles que buscam recoloca\u00e7\u00e3o profissional com 50 anos ou mais. Lembrando que os dados refletem os per\u00edodos de janeiro a novembro de 2023,confira:\u00a0\n<\/p>\n<ol class=\"wp-block-list\">\n<li>A\u00e7ougueiro<\/li>\n<li>Ajudante de motorista<\/li>\n<li>Alimentador de linha de produ\u00e7\u00e3o<\/li>\n<li>Almoxarife<\/li>\n<li>Assistente administrativo<\/li>\n<li>Atendente de lanchonete<\/li>\n<li>Atendente de lojas e mercados<\/li>\n<li>Auxiliar de escrit\u00f3rio<\/li>\n<li>Auxiliar de manuten\u00e7\u00e3o predial<\/li>\n<li>Auxiliar geral de conserva\u00e7\u00e3o de vias permanentes (exceto trilhos)<\/li>\n<li>Caldeireiro (chapas de ferro e a\u00e7o)<\/li>\n<li>Camareiro de hotel<\/li>\n<li>CargoFaxineiro<\/li>\n<li>Carpinteiro<\/li>\n<li>Carpinteiro de obras<\/li>\n<li>Copeiro<\/li>\n<li>Cozinheiro geral<\/li>\n<li>Encanador<\/li>\n<li>Eletricista de instala\u00e7\u00f5es<\/li>\n<li>Frentista<\/li>\n<li>Gerente administrativo<\/li>\n<li>Gerente comercial<\/li>\n<li>Mec\u00e2nico de manuten\u00e7\u00e3o de m\u00e1quinas, em geral<\/li>\n<li>Mestre (constru\u00e7\u00e3o civil)<\/li>\n<li>Motorista de carro de passeio<\/li>\n<li>Motorista de furg\u00e3o ou ve\u00edculo similar<\/li>\n<li>Motorista de caminh\u00e3o (rotas regionais e internacionais)<\/li>\n<li>Motorista de \u00f4nibus rodovi\u00e1rio<\/li>\n<li>Motorista de \u00f4nibus urbano<\/li>\n<li>Operador de caixa<\/li>\n<li>Pedreiro<\/li>\n<li>Pintor de obras<\/li>\n<li>Porteiro de edif\u00edcios<\/li>\n<li>Recepcionista, em geral<\/li>\n<li>Repositor de mercadorias<\/li>\n<li>Servente de obras<\/li>\n<li>Soldador<\/li>\n<li>Supervisor administrativo<\/li>\n<li>T\u00e9cnico de enfermagem<\/li>\n<li>Trabalhador agropecu\u00e1rio em geral<\/li>\n<li>Trabalhador da cultura de cana-de-a\u00e7\u00facar<\/li>\n<li>Trabalhador da manuten\u00e7\u00e3o de edifica\u00e7\u00f5es<\/li>\n<li>Trabalhador de servi\u00e7os de limpeza e conserva\u00e7\u00e3o de \u00e1reas p\u00fablicas<\/li>\n<li>Trabalhador no cultivo de \u00e1rvores frut\u00edferas<\/li>\n<li>Trabalhador volante da agricultura<\/li>\n<li>Tratorista agr\u00edcola<\/li>\n<li>Vendedor de com\u00e9rcio varejista<\/li>\n<li>Vigia<\/li>\n<li>Vigilante<\/li>\n<li>Zelador de edif\u00edcio<\/li>\n<\/ol>\n<p><strong>Jornal Contabil<\/strong> <\/p>\n<\/div>\n<div class=\"row mt-3\">\n<div class=\"col-sm-6\">\n<p><a href=\"https:\/\/chat.whatsapp.com\/GwURnmOyPiN1XheGYvCspN\" target=\"_blank\" rel=\"noopener\"><br \/>\n<img decoding=\"async\" src=\"https:\/\/diariodobrasilnoticias.com.br\/assets-site\/images\/bot_whatsapp.png\"\/><\/a>\n<\/div>\n<div class=\"col-sm-6\">\n<a href=\"https:\/\/t.me\/+_4gTmi5LKo03OTM5\" target=\"_blank\" rel=\"noopener\"><br \/>\n<img decoding=\"async\" src=\"https:\/\/diariodobrasilnoticias.com.br\/assets-site\/images\/bot_telegram.png\"\/><\/a>\n<\/div>\n<\/div>\n<\/div>\n<p><br \/>\n<br \/><a href=\"https:\/\/diariodobrasilnoticias.com.br\/noticia\/as-profissoes-que-mais-contrataram-pessoas-com-mais-de-50-anos-confira-a-lista-66fae88e3fcd4\">Source link <\/a><\/p>","protected":false},"excerpt":{"rendered":"<p>REPRODU\u00c7\u00c3O Procurar um emprego ap\u00f3s os 50 anos pode ser desafiador, mas \u00e9 algo muito comum, afinal muitos brasileiros quando chegam aos 50 anos continuam ativos e muitos ainda n\u00e3o&hellip;<\/p>","protected":false},"author":1,"featured_media":43453,"comment_status":"closed","ping_status":"open","sticky":false,"template":"","format":"standard","meta":{"content-type":"","footnotes":""},"categories":[16],"tags":[123,2448,5313,1267],"class_list":["post-43452","post","type-post","status-publish","format-standard","has-post-thumbnail","hentry","category-noticias","tag-brasil","tag-diario","tag-noticia","tag-noticias"],"_links":{"self":[{"href":"https:\/\/tvbrazilusa.com\/pt\/wp-json\/wp\/v2\/posts\/43452","targetHints":{"allow":["GET"]}}],"collection":[{"href":"https:\/\/tvbrazilusa.com\/pt\/wp-json\/wp\/v2\/posts"}],"about":[{"href":"https:\/\/tvbrazilusa.com\/pt\/wp-json\/wp\/v2\/types\/post"}],"author":[{"embeddable":true,"href":"https:\/\/tvbrazilusa.com\/pt\/wp-json\/wp\/v2\/users\/1"}],"replies":[{"embeddable":true,"href":"https:\/\/tvbrazilusa.com\/pt\/wp-json\/wp\/v2\/comments?post=43452"}],"version-history":[{"count":1,"href":"https:\/\/tvbrazilusa.com\/pt\/wp-json\/wp\/v2\/posts\/43452\/revisions"}],"predecessor-version":[{"id":43454,"href":"https:\/\/tvbrazilusa.com\/pt\/wp-json\/wp\/v2\/posts\/43452\/revisions\/43454"}],"wp:featuredmedia":[{"embeddable":true,"href":"https:\/\/tvbrazilusa.com\/pt\/wp-json\/wp\/v2\/media\/43453"}],"wp:attachment":[{"href":"https:\/\/tvbrazilusa.com\/pt\/wp-json\/wp\/v2\/media?parent=43452"}],"wp:term":[{"taxonomy":"category","embeddable":true,"href":"https:\/\/tvbrazilusa.com\/pt\/wp-json\/wp\/v2\/categories?post=43452"},{"taxonomy":"post_tag","embeddable":true,"href":"https:\/\/tvbrazilusa.com\/pt\/wp-json\/wp\/v2\/tags?post=43452"}],"curies":[{"name":"wp","href":"https:\/\/api.w.org\/{rel}","templated":true}]}}