{"id":43464,"date":"2024-09-30T20:57:05","date_gmt":"2024-09-30T20:57:05","guid":{"rendered":"https:\/\/tvbrazilusa.com\/2024\/09\/30\/emocionante-spacex-chega-na-estacao-espacial\/"},"modified":"2024-09-30T20:57:07","modified_gmt":"2024-09-30T20:57:07","slug":"emocionante-spacex-chega-na-estacao-espacial","status":"publish","type":"post","link":"https:\/\/tvbrazilusa.com\/pt\/2024\/09\/30\/emocionante-spacex-chega-na-estacao-espacial\/","title":{"rendered":"Emocionante: SpaceX chega na esta\u00e7\u00e3o espacial"},"content":{"rendered":"<p> <script async src=\"https:\/\/pagead2.googlesyndication.com\/pagead\/js\/adsbygoogle.js?client=ca-pub-8864793242727901\"\r\n     crossorigin=\"anonymous\"><\/script><br \/>\n<\/p>\n<div id=\"taboola-read-more\" style=\"display:block; width:100%\">\n<p>Conforme noticiado pelo Olhar Digital, a miss\u00e3o SpaceX Crew-9 foi lan\u00e7ada com sucesso no s\u00e1bado (28), no topo de um foguete Falcon 9, a partir da Plataforma de Lan\u00e7amento-40 da Esta\u00e7\u00e3o da For\u00e7a Espacial dos EUA, em Cabo Canaveral, na Fl\u00f3rida (EUA), \u00e0s 14h17 (pelo hor\u00e1rio de Bras\u00edlia). Esse foi o primeiro voo humano a decolar desse local, que geralmente \u00e9 usado para lan\u00e7amentos de sat\u00e9lites.\n<\/p>\n<p>Ap\u00f3s cerca de 28 horas de viagem, a c\u00e1psula Dragon Freedom atracou na Esta\u00e7\u00e3o Espacial Internacional (ISS), com os astronautas Nick Hague, da NASA, e Aleksandr Gorbunov, da ag\u00eancia espacial russa (Roscosmos) a bordo. A espa\u00e7onave acoplou ao laborat\u00f3rio orbital \u00e0s 18h30 de domingo (29), com as escotilhas abrindo \u00e0s 20h15.<\/p>\n<p>Originalmente programada para decolar em 18 de agosto, essa miss\u00e3o foi remarcada tr\u00eas vezes, tanto por motivos t\u00e9cnicos quanto por raz\u00f5es meteorol\u00f3gicas. O \u00faltimo adiamento, de quinta-feira (26) para s\u00e1bado, foi em raz\u00e3o do avan\u00e7o da tempestade tropical Helene, que estava prevista para chegar \u00e0 costa da Fl\u00f3rida como um furac\u00e3o de categoria 3.\n<\/p>\n<p>Como o pr\u00f3prio nome sugere, a miss\u00e3o Crew-9 \u00e9 a nona opera\u00e7\u00e3o de transporte de astronautas realizada pela SpaceX para a NASA com destino \u00e0 ISS.\n<\/p>\n<h2 id=\"h-missao-spacex-crew-9-perde-dois-membros-por-causa-da-starliner\" class=\"wp-block-heading\"><strong>Miss\u00e3o SpaceX Crew-9 perde dois membros por causa da Starliner<\/strong><\/h2>\n<p>Inicialmente, a tripula\u00e7\u00e3o contaria com quatro membros, mas a composi\u00e7\u00e3o precisou ser alterada. Os assentos das astronautas norte-americanas Zena Cardman e Stephanie Wilson, que participariam da miss\u00e3o, foram ocupados por simuladores de massa, enquanto ambas permanecem eleg\u00edveis para futuras miss\u00f5es.\n<\/p>\n<p>Essa altera\u00e7\u00e3o est\u00e1 relacionada \u00e0 necessidade de trazer de volta \u00e0 Terra dois astronautas atualmente em miss\u00e3o prolongada na ISS: Butch Wilmore e Suni Williams. Eles chegaram \u00e0 esta\u00e7\u00e3o em 6 de junho a bordo da primeira miss\u00e3o tripulada da Boeing Starliner. No entanto, o retorno foi comprometido ap\u00f3s falhas em cinco dos 28 propulsores da espa\u00e7onave.\u00a0\n<\/p>\n<p>Ap\u00f3s meses de investiga\u00e7\u00e3o, a NASA concluiu que n\u00e3o seria seguro confiar na c\u00e1psula para o retorno dos astronautas, e a Starliner retornou \u00e0 Terra vazia em 6 de setembro. Com isso, a ag\u00eancia elaborou um plano para trazer Wilmore e Williams de volta em uma c\u00e1psula Crew Dragon \u2013 no retorno da miss\u00e3o Crew-9, em fevereiro do ano que vem.\u00a0\n<\/p>\n<p>Se realmente isso acontecer at\u00e9 fevereiro, Wilmore e Williams ter\u00e3o passado oito meses no espa\u00e7o, em vez dos cerca de oito dias planejados. Embora seja um longo per\u00edodo em compara\u00e7\u00e3o \u00e0 m\u00e9dia de tempo de dura\u00e7\u00e3o das miss\u00f5es \u00e0 ISS, n\u00e3o representar\u00e1 um recorde de perman\u00eancia.\u00a0\n<\/p>\n<p>Al\u00e9m de Wilmore e Williams, outros sete astronautas a bordo da ISS recepcionaram Hague e Gorbunov: Michael Barratt, Matthew Dominick, Jeanette Epps e Donald Pettit da NASA, e os cosmonautas russos Alexander Grebenkin, Aleksey Ovchinin e Ivan Wagner.\n<\/p>\n<p>Barratt, Dominick, Epps e Grebenkin fazem parte da miss\u00e3o Crew-8, lan\u00e7ada pela SpaceX em mar\u00e7o. O trio deve voltar para a Terra dentro de poucos dias, se tudo correr conforme o planejado.\n<\/p>\n<p><strong>Olhar Digital\u00a0<\/strong> <\/p>\n<\/div>\n<p><br \/>\n<br \/><a href=\"https:\/\/diariodobrasilnoticias.com.br\/noticia\/emocionante-spacex-chega-na-estacao-espacial-66faef4094db8\">Source link <\/a><\/p>","protected":false},"excerpt":{"rendered":"<p>Conforme noticiado pelo Olhar Digital, a miss\u00e3o SpaceX Crew-9 foi lan\u00e7ada com sucesso no s\u00e1bado (28), no topo de um foguete Falcon 9, a partir da Plataforma de Lan\u00e7amento-40 da&hellip;<\/p>","protected":false},"author":1,"featured_media":43465,"comment_status":"closed","ping_status":"open","sticky":false,"template":"","format":"standard","meta":{"content-type":"","footnotes":""},"categories":[16],"tags":[123,2448,5313,1267],"class_list":["post-43464","post","type-post","status-publish","format-standard","has-post-thumbnail","hentry","category-noticias","tag-brasil","tag-diario","tag-noticia","tag-noticias"],"_links":{"self":[{"href":"https:\/\/tvbrazilusa.com\/pt\/wp-json\/wp\/v2\/posts\/43464","targetHints":{"allow":["GET"]}}],"collection":[{"href":"https:\/\/tvbrazilusa.com\/pt\/wp-json\/wp\/v2\/posts"}],"about":[{"href":"https:\/\/tvbrazilusa.com\/pt\/wp-json\/wp\/v2\/types\/post"}],"author":[{"embeddable":true,"href":"https:\/\/tvbrazilusa.com\/pt\/wp-json\/wp\/v2\/users\/1"}],"replies":[{"embeddable":true,"href":"https:\/\/tvbrazilusa.com\/pt\/wp-json\/wp\/v2\/comments?post=43464"}],"version-history":[{"count":1,"href":"https:\/\/tvbrazilusa.com\/pt\/wp-json\/wp\/v2\/posts\/43464\/revisions"}],"predecessor-version":[{"id":43466,"href":"https:\/\/tvbrazilusa.com\/pt\/wp-json\/wp\/v2\/posts\/43464\/revisions\/43466"}],"wp:featuredmedia":[{"embeddable":true,"href":"https:\/\/tvbrazilusa.com\/pt\/wp-json\/wp\/v2\/media\/43465"}],"wp:attachment":[{"href":"https:\/\/tvbrazilusa.com\/pt\/wp-json\/wp\/v2\/media?parent=43464"}],"wp:term":[{"taxonomy":"category","embeddable":true,"href":"https:\/\/tvbrazilusa.com\/pt\/wp-json\/wp\/v2\/categories?post=43464"},{"taxonomy":"post_tag","embeddable":true,"href":"https:\/\/tvbrazilusa.com\/pt\/wp-json\/wp\/v2\/tags?post=43464"}],"curies":[{"name":"wp","href":"https:\/\/api.w.org\/{rel}","templated":true}]}}