{"id":43467,"date":"2024-09-30T21:19:51","date_gmt":"2024-09-30T21:19:51","guid":{"rendered":"https:\/\/tvbrazilusa.com\/2024\/09\/30\/naufragio-em-sao-vicente-sp-bombeiros-procuram-por-duas-mulheres-desaparecidas\/"},"modified":"2024-09-30T21:19:53","modified_gmt":"2024-09-30T21:19:53","slug":"naufragio-em-sao-vicente-sp-bombeiros-procuram-por-duas-mulheres-desaparecidas","status":"publish","type":"post","link":"https:\/\/tvbrazilusa.com\/pt\/2024\/09\/30\/naufragio-em-sao-vicente-sp-bombeiros-procuram-por-duas-mulheres-desaparecidas\/","title":{"rendered":"Naufr\u00e1gio em S\u00e3o Vicente (SP): bombeiros procuram por duas mulheres desaparecidas"},"content":{"rendered":"<p> <script async src=\"https:\/\/pagead2.googlesyndication.com\/pagead\/js\/adsbygoogle.js?client=ca-pub-8864793242727901\"\r\n     crossorigin=\"anonymous\"><\/script><br \/>\n<\/p>\n<div id=\"taboola-read-more\" style=\"display:block; width:100%\">\n<p>Uma embarca\u00e7\u00e3o de pequeno porte naufragou nas proximidades da \u201cGarganta do Diabo\u201d, entre a Ilha Porchat e a Praia de Paranapu\u00e3. O acidente aconteceu na noite deste domingo, 29, em S\u00e3o Vicente, litoral de S\u00e3o Paulo. O barco transportava sete pessoas.\n<\/p>\n<p>Segundo o Corpo de Bombeiros, as buscas come\u00e7aram na mesma noite. At\u00e9 a manh\u00e3 desta segunda-feira, 30, cinco v\u00edtimas haviam sido resgatadas com vida. Eram duas pessoas do sexo masculino e tr\u00eas do sexo feminino. Duas mulheres continuam desaparecidas.<\/p>\n<p>De acordo com as primeiras informa\u00e7\u00f5es dos socorristas, as duas mulheres desaparecidas s\u00e3o moradoras da zona leste de S\u00e3o Paulo. Uma delas teria 37 anos e a outra, 27.\n<\/p>\n<p>A regi\u00e3o em que a embarca\u00e7\u00e3o naufragou tem o nome de \u201cGarganta do Diabo\u201d. Conforme especialistas e pescadores, trata-se de uma \u00e1rea perigosa em raz\u00e3o de fortes correntezas e mar geralmente ondulado.\n<\/p>\n<p>Por estar pr\u00f3ximo da praia, o lugar \u00e9 muito frequentado por pessoas quando a mar\u00e9 est\u00e1 baixa. Contudo, al\u00e9m de muitas rochas, o trecho de mar registra constantes redemoinhos e alto \u00edndice de afogamentos.\n<\/p>\n<h2><strong>Bombeiros usam helic\u00f3ptero em voo noturno<\/strong><\/h2>\n<p>Durante \u00e0 noite, um helic\u00f3ptero sobrevoou a \u00e1rea em busca das duas pessoas que continuavam desaparecidas. Na manh\u00e3 desta segunda, 30, as buscas prosseguiram com uso de botes com mergulhadores.\n<\/p>\n<p>Depois de an\u00e1lise das equipes do Corpo de Bombeiros e do Servi\u00e7o de Atendimento M\u00f3vel de Urg\u00eancia, o resgate encaminhou\u00a0 quatro pessoas ao Pronto-Socorro Central de S\u00e3o Vicente para avalia\u00e7\u00e3o m\u00e9dica. A quinta pessoa que estava a bordo recusou o atendimento.\n<\/p>\n<p><strong>Revista Oeste\u00a0<\/strong> <\/p>\n<\/div>\n<p><br \/>\n<br \/><a href=\"https:\/\/diariodobrasilnoticias.com.br\/noticia\/naufragio-em-sao-vicente-sp-bombeiros-procuram-por-duas-mulheres-desaparecidas-66faf912a89d9\">Source link <\/a><\/p>","protected":false},"excerpt":{"rendered":"<p>Uma embarca\u00e7\u00e3o de pequeno porte naufragou nas proximidades da \u201cGarganta do Diabo\u201d, entre a Ilha Porchat e a Praia de Paranapu\u00e3. O acidente aconteceu na noite deste domingo, 29, em&hellip;<\/p>","protected":false},"author":1,"featured_media":43468,"comment_status":"closed","ping_status":"open","sticky":false,"template":"","format":"standard","meta":{"content-type":"","footnotes":""},"categories":[16],"tags":[123,2448,5313,1267],"class_list":["post-43467","post","type-post","status-publish","format-standard","has-post-thumbnail","hentry","category-noticias","tag-brasil","tag-diario","tag-noticia","tag-noticias"],"_links":{"self":[{"href":"https:\/\/tvbrazilusa.com\/pt\/wp-json\/wp\/v2\/posts\/43467","targetHints":{"allow":["GET"]}}],"collection":[{"href":"https:\/\/tvbrazilusa.com\/pt\/wp-json\/wp\/v2\/posts"}],"about":[{"href":"https:\/\/tvbrazilusa.com\/pt\/wp-json\/wp\/v2\/types\/post"}],"author":[{"embeddable":true,"href":"https:\/\/tvbrazilusa.com\/pt\/wp-json\/wp\/v2\/users\/1"}],"replies":[{"embeddable":true,"href":"https:\/\/tvbrazilusa.com\/pt\/wp-json\/wp\/v2\/comments?post=43467"}],"version-history":[{"count":1,"href":"https:\/\/tvbrazilusa.com\/pt\/wp-json\/wp\/v2\/posts\/43467\/revisions"}],"predecessor-version":[{"id":43469,"href":"https:\/\/tvbrazilusa.com\/pt\/wp-json\/wp\/v2\/posts\/43467\/revisions\/43469"}],"wp:featuredmedia":[{"embeddable":true,"href":"https:\/\/tvbrazilusa.com\/pt\/wp-json\/wp\/v2\/media\/43468"}],"wp:attachment":[{"href":"https:\/\/tvbrazilusa.com\/pt\/wp-json\/wp\/v2\/media?parent=43467"}],"wp:term":[{"taxonomy":"category","embeddable":true,"href":"https:\/\/tvbrazilusa.com\/pt\/wp-json\/wp\/v2\/categories?post=43467"},{"taxonomy":"post_tag","embeddable":true,"href":"https:\/\/tvbrazilusa.com\/pt\/wp-json\/wp\/v2\/tags?post=43467"}],"curies":[{"name":"wp","href":"https:\/\/api.w.org\/{rel}","templated":true}]}}