{"id":43473,"date":"2024-09-30T21:54:58","date_gmt":"2024-09-30T21:54:58","guid":{"rendered":"https:\/\/tvbrazilusa.com\/2024\/09\/30\/israel-mobiliza-o-exercito-na-fronteira-invasao-ao-libano-pode-ocorrer-a-qualquer-momento\/"},"modified":"2024-09-30T21:54:59","modified_gmt":"2024-09-30T21:54:59","slug":"israel-mobiliza-o-exercito-na-fronteira-invasao-ao-libano-pode-ocorrer-a-qualquer-momento","status":"publish","type":"post","link":"https:\/\/tvbrazilusa.com\/pt\/2024\/09\/30\/israel-mobiliza-o-exercito-na-fronteira-invasao-ao-libano-pode-ocorrer-a-qualquer-momento\/","title":{"rendered":"Israel mobiliza o ex\u00e9rcito na fronteira; invas\u00e3o ao L\u00edbano pode ocorrer a qualquer momento"},"content":{"rendered":"<p> <script async src=\"https:\/\/pagead2.googlesyndication.com\/pagead\/js\/adsbygoogle.js?client=ca-pub-8864793242727901\"\r\n     crossorigin=\"anonymous\"><\/script><br \/>\n<\/p>\n<div id=\"taboola-read-more\" style=\"display:block; width:100%\">\n<p class=\"dark:base-text-neutral-high-400 base-text-[calc(theme(fontSize.xs)_*_var(--font-size,_1))] base-font-normal base-font-primary base-text-neutral-low-500 base-text-left\"><span class=\"b-article-body__text\">Israel pode dar sinal verde para invas\u00e3o ao L\u00edbano em quest\u00e3o de horas, dizem fontes do ex\u00e9rcito americano aos jornais israelenses. A decis\u00e3o j\u00e1 est\u00e1 tomada. Agora a quest\u00e3o \u00e9: como v\u00e3o invadir, o tempo e a for\u00e7a desse ataque.<\/span>\n<\/p>\n<p class=\"dark:base-text-neutral-high-400 base-text-[calc(theme(fontSize.xs)_*_var(--font-size,_1))] base-font-normal base-font-primary base-text-neutral-low-500 base-text-left\">\u00a0<\/p>\n<p class=\"dark:base-text-neutral-high-400 base-text-[calc(theme(fontSize.xs)_*_var(--font-size,_1))] base-font-normal base-font-primary base-text-neutral-low-500 base-text-left\"><span class=\"b-article-body__text\">Hoje, o ministro da Defesa de Israel diz que a \u201cpr\u00f3xima fase\u201d vai come\u00e7ar \u201clogo\u201d. A ideia \u00e9 bombardear o Hezbollah na fase mais dif\u00edcil da hist\u00f3ria do grupo. Com a morte do l\u00edder (e mentor), Hassan Nasrallah e outros comandantes importantes, os terroristas parecem cada vez mais sem rumo. At\u00e9 agora n\u00e3o escolheram um sucessor.<\/span>\n<\/p>\n<p>\u00a0<\/p>\n<p class=\"dark:base-text-neutral-high-400 base-text-[calc(theme(fontSize.xs)_*_var(--font-size,_1))] base-font-normal base-font-primary base-text-neutral-low-500 base-text-left\"><span class=\"b-article-body__text\">O chefe interino do grupo, Xeque Naim Qassem, disse hoje que o Hezbollah est\u00e1 pronto para defender o L\u00edbano por terra. A declara\u00e7\u00e3o foi feita em uma sala fechada. O l\u00edder suava muito e parecia assustado.<\/span>\n<\/p>\n<p class=\"dark:base-text-neutral-high-400 base-text-[calc(theme(fontSize.xs)_*_var(--font-size,_1))] base-font-normal base-font-primary base-text-neutral-low-500 base-text-left\"><span class=\"b-article-body__text\">Israel vem atacando posi\u00e7\u00f5es do L\u00edbano desde semana passada. A guerra continua.<\/span>\n<\/p>\n<p class=\"dark:base-text-neutral-high-400 base-text-[calc(theme(fontSize.xs)_*_var(--font-size,_1))] base-font-normal base-font-primary base-text-neutral-low-500 base-text-left\"><strong><span class=\"b-article-body__text\">R7<\/span><\/strong> <\/p>\n<\/div>\n<p><br \/>\n<br \/><a href=\"https:\/\/diariodobrasilnoticias.com.br\/noticia\/israel-mobiliza-o-exercito-na-fronteira-invasao-ao-libano-pode-ocorrer-a-qualquer-momento-66fafa68917e3\">Source link <\/a><\/p>","protected":false},"excerpt":{"rendered":"<p>Israel pode dar sinal verde para invas\u00e3o ao L\u00edbano em quest\u00e3o de horas, dizem fontes do ex\u00e9rcito americano aos jornais israelenses. A decis\u00e3o j\u00e1 est\u00e1 tomada. Agora a quest\u00e3o \u00e9:&hellip;<\/p>","protected":false},"author":1,"featured_media":43474,"comment_status":"closed","ping_status":"open","sticky":false,"template":"","format":"standard","meta":{"content-type":"","footnotes":""},"categories":[16],"tags":[123,2448,5313,1267],"class_list":["post-43473","post","type-post","status-publish","format-standard","has-post-thumbnail","hentry","category-noticias","tag-brasil","tag-diario","tag-noticia","tag-noticias"],"_links":{"self":[{"href":"https:\/\/tvbrazilusa.com\/pt\/wp-json\/wp\/v2\/posts\/43473","targetHints":{"allow":["GET"]}}],"collection":[{"href":"https:\/\/tvbrazilusa.com\/pt\/wp-json\/wp\/v2\/posts"}],"about":[{"href":"https:\/\/tvbrazilusa.com\/pt\/wp-json\/wp\/v2\/types\/post"}],"author":[{"embeddable":true,"href":"https:\/\/tvbrazilusa.com\/pt\/wp-json\/wp\/v2\/users\/1"}],"replies":[{"embeddable":true,"href":"https:\/\/tvbrazilusa.com\/pt\/wp-json\/wp\/v2\/comments?post=43473"}],"version-history":[{"count":1,"href":"https:\/\/tvbrazilusa.com\/pt\/wp-json\/wp\/v2\/posts\/43473\/revisions"}],"predecessor-version":[{"id":43475,"href":"https:\/\/tvbrazilusa.com\/pt\/wp-json\/wp\/v2\/posts\/43473\/revisions\/43475"}],"wp:featuredmedia":[{"embeddable":true,"href":"https:\/\/tvbrazilusa.com\/pt\/wp-json\/wp\/v2\/media\/43474"}],"wp:attachment":[{"href":"https:\/\/tvbrazilusa.com\/pt\/wp-json\/wp\/v2\/media?parent=43473"}],"wp:term":[{"taxonomy":"category","embeddable":true,"href":"https:\/\/tvbrazilusa.com\/pt\/wp-json\/wp\/v2\/categories?post=43473"},{"taxonomy":"post_tag","embeddable":true,"href":"https:\/\/tvbrazilusa.com\/pt\/wp-json\/wp\/v2\/tags?post=43473"}],"curies":[{"name":"wp","href":"https:\/\/api.w.org\/{rel}","templated":true}]}}