{"id":43510,"date":"2024-10-01T00:49:13","date_gmt":"2024-10-01T00:49:13","guid":{"rendered":"https:\/\/tvbrazilusa.com\/2024\/10\/01\/a-conta-de-energia-tera-um-aumento-em-outubro\/"},"modified":"2024-10-01T00:49:13","modified_gmt":"2024-10-01T00:49:13","slug":"a-conta-de-energia-tera-um-aumento-em-outubro","status":"publish","type":"post","link":"https:\/\/tvbrazilusa.com\/pt\/2024\/10\/01\/a-conta-de-energia-tera-um-aumento-em-outubro\/","title":{"rendered":"A conta de energia ter\u00e1 um aumento em outubro"},"content":{"rendered":"<p> <script async src=\"https:\/\/pagead2.googlesyndication.com\/pagead\/js\/adsbygoogle.js?client=ca-pub-8864793242727901\"\r\n     crossorigin=\"anonymous\"><\/script><br \/>\n<\/p>\n<p>A Ag\u00eancia Nacional de Energia El\u00e9trica (Aneel) anunciou recentemente que a bandeira tarif\u00e1ria para o m\u00eas de outubro ser\u00e1 vermelha patamar 2. Isso significa que haver\u00e1 um aumento significativo na tarifa de energia el\u00e9trica devido a diversos fatores, como a baixa aflu\u00eancia nos reservat\u00f3rios das hidrel\u00e9tricas e o aumento do Pre\u00e7o de Liquida\u00e7\u00e3o de Diferen\u00e7as (PLD).\n<\/p>\n<p>Essa not\u00edcia impacta diretamente o bolso do consumidor, pois o valor adicional ser\u00e1 de R$ 7,877 para cada 100 quilowatts-hora (kWh) consumidos. Desde a ado\u00e7\u00e3o da bandeira tarif\u00e1ria \u201cescassez h\u00eddrica\u201d em abril de 2022, n\u00e3o se via um aumento t\u00e3o expressivo.<\/p>\n<div>\n<p>Existem v\u00e1rios motivos que levaram ao acionamento da bandeira vermelha patamar 2. Entre eles, destaca-se o risco hidrol\u00f3gico (GSF) e o aumento do\u00a0<strong>Pre\u00e7o de Liquida\u00e7\u00e3o de Diferen\u00e7as (PLD)<\/strong>. Na pr\u00e1tica, previs\u00f5es indicam uma baixa aflu\u00eancia para os reservat\u00f3rios das hidrel\u00e9tricas.\n<\/p>\n<h2 class=\"wp-block-heading\">Qual \u00e9 o Impacto na Infla\u00e7\u00e3o?<\/h2>\n<p>Segundo especialistas, a ado\u00e7\u00e3o da bandeira tarif\u00e1ria vermelha patamar 2 acarretar\u00e1 um acr\u00e9scimo no \u00cdndice Nacional de Pre\u00e7os ao Consumidor Amplo (IPCA), que \u00e9 a medida oficial de infla\u00e7\u00e3o. A CM Capital projeta um impacto de 0,45 ponto porcentual. J\u00e1 o economista Homero Guizzo, da Terra Investimentos, estima um aumento de 21 pontos-base (0,21 ponto porcentual) no IPCA, resultando em uma eleva\u00e7\u00e3o de 5,2% especificamente para a energia el\u00e9trica.\n<\/p>\n<h2 class=\"wp-block-heading\">Quando a Bandeira Vermelha 2 Ser\u00e1 Desativada?<\/h2>\n<p>\u00a0<\/p>\n<p>As proje\u00e7\u00f5es quanto \u00e0 dura\u00e7\u00e3o da bandeira vermelha patamar 2 variam. Andr\u00e9a Angelo, estrategista de infla\u00e7\u00e3o da Warren Investimentos, espera que a bandeira amarela entre em vigor em dezembro. Homero Guizzo, da Terra Investimentos, prev\u00ea que a bandeira vermelha patamar 1 continuar\u00e1 at\u00e9 meados de 2025, mudando para amarela no segundo semestre, e voltando a vermelha patamar 1 no final de 2025.\n<\/p>\n<h2 class=\"wp-block-heading\">Como Funciona o Sistema de Bandeiras Tarif\u00e1rias?<\/h2>\n<p>Criado em 2015, o sistema de bandeiras tarif\u00e1rias informa aos consumidores os custos de gera\u00e7\u00e3o de energia no pa\u00eds, com o objetivo de atenuar os impactos nos or\u00e7amentos das distribuidoras de energia. Desde abril de 2022, houve uma sequ\u00eancia de bandeiras verdes, interrompida em julho de 2024 com a bandeira amarela. Em setembro, a bandeira vermelha patamar 1 foi aplicada, e agora, em outubro, temos a bandeira vermelha patamar 2.\n<\/p>\n<p>\u00a0<\/p>\n<p>As bandeiras tarif\u00e1rias transmitem as condi\u00e7\u00f5es de gera\u00e7\u00e3o de energia, com varia\u00e7\u00f5es desde verde (condi\u00e7\u00f5es favor\u00e1veis) at\u00e9 vermelha patamar 2 (condi\u00e7\u00f5es desfavor\u00e1veis). Antes da implanta\u00e7\u00e3o deste sistema, o custo adicional da energia gerada em condi\u00e7\u00f5es mais dif\u00edceis era aplicado apenas no reajuste anual das tarifas das empresas distribuidoras, com incid\u00eancia de juros.\n<\/p>\n<h2 class=\"wp-block-heading\">Conclus\u00e3o<\/h2>\n<p>O acionamento da bandeira tarif\u00e1ria vermelha patamar 2 indica um per\u00edodo de desafios e aumento nas tarifas de energia el\u00e9trica. \u00c9 crucial que os consumidores estejam atentos e tomem medidas para reduzir o consumo de energia, aliviando assim os impactos financeiros.\n<\/p>\n<p>\u00a0<\/p>\n<p>Para mais informa\u00e7\u00f5es e dicas sobre como economizar energia el\u00e9trica, acesse o site da Aneel e confira as recomenda\u00e7\u00f5es de especialistas.\n<\/p>\n<p><strong>Terra Brasil Not\u00edcias\u00a0<\/strong>\n<\/p>\n<\/div>\n<p><br \/>\n<br \/><a href=\"https:\/\/diariodobrasilnoticias.com.br\/noticia\/a-conta-de-energia-tera-um-aumento-em-outubro-66fb2275c7705\">Source link <\/a><\/p>","protected":false},"excerpt":{"rendered":"<p>A Ag\u00eancia Nacional de Energia El\u00e9trica (Aneel) anunciou recentemente que a bandeira tarif\u00e1ria para o m\u00eas de outubro ser\u00e1 vermelha patamar 2. Isso significa que haver\u00e1 um aumento significativo na&hellip;<\/p>","protected":false},"author":1,"featured_media":43511,"comment_status":"closed","ping_status":"open","sticky":false,"template":"","format":"standard","meta":{"content-type":"","footnotes":""},"categories":[16],"tags":[123,2448,5313,1267],"class_list":["post-43510","post","type-post","status-publish","format-standard","has-post-thumbnail","hentry","category-noticias","tag-brasil","tag-diario","tag-noticia","tag-noticias"],"_links":{"self":[{"href":"https:\/\/tvbrazilusa.com\/pt\/wp-json\/wp\/v2\/posts\/43510","targetHints":{"allow":["GET"]}}],"collection":[{"href":"https:\/\/tvbrazilusa.com\/pt\/wp-json\/wp\/v2\/posts"}],"about":[{"href":"https:\/\/tvbrazilusa.com\/pt\/wp-json\/wp\/v2\/types\/post"}],"author":[{"embeddable":true,"href":"https:\/\/tvbrazilusa.com\/pt\/wp-json\/wp\/v2\/users\/1"}],"replies":[{"embeddable":true,"href":"https:\/\/tvbrazilusa.com\/pt\/wp-json\/wp\/v2\/comments?post=43510"}],"version-history":[{"count":1,"href":"https:\/\/tvbrazilusa.com\/pt\/wp-json\/wp\/v2\/posts\/43510\/revisions"}],"predecessor-version":[{"id":43512,"href":"https:\/\/tvbrazilusa.com\/pt\/wp-json\/wp\/v2\/posts\/43510\/revisions\/43512"}],"wp:featuredmedia":[{"embeddable":true,"href":"https:\/\/tvbrazilusa.com\/pt\/wp-json\/wp\/v2\/media\/43511"}],"wp:attachment":[{"href":"https:\/\/tvbrazilusa.com\/pt\/wp-json\/wp\/v2\/media?parent=43510"}],"wp:term":[{"taxonomy":"category","embeddable":true,"href":"https:\/\/tvbrazilusa.com\/pt\/wp-json\/wp\/v2\/categories?post=43510"},{"taxonomy":"post_tag","embeddable":true,"href":"https:\/\/tvbrazilusa.com\/pt\/wp-json\/wp\/v2\/tags?post=43510"}],"curies":[{"name":"wp","href":"https:\/\/api.w.org\/{rel}","templated":true}]}}