{"id":43513,"date":"2024-10-01T01:08:00","date_gmt":"2024-10-01T01:08:00","guid":{"rendered":"https:\/\/tvbrazilusa.com\/2024\/10\/01\/marcal-pressionou-e-boulos-admitiu-ja-ter-usado-droga-veja-video\/"},"modified":"2024-10-01T01:08:01","modified_gmt":"2024-10-01T01:08:01","slug":"marcal-pressionou-e-boulos-admitiu-ja-ter-usado-droga-veja-video","status":"publish","type":"post","link":"https:\/\/tvbrazilusa.com\/pt\/2024\/10\/01\/marcal-pressionou-e-boulos-admitiu-ja-ter-usado-droga-veja-video\/","title":{"rendered":"Mar\u00e7al pressionou e Boulos admitiu j\u00e1 ter usado droga, VEJA V\u00cdDEO"},"content":{"rendered":"<p> <script async src=\"https:\/\/pagead2.googlesyndication.com\/pagead\/js\/adsbygoogle.js?client=ca-pub-8864793242727901\"\r\n     crossorigin=\"anonymous\"><\/script><br \/>\n<\/p>\n<div id=\"taboola-read-more\" style=\"display:block; width:100%\">\n<p>Durante o debate promovido pelo jornal Folha de S.Paulo e o portal UOL, o candidato Pablo Mar\u00e7al (PRTB) questionou Guilherme Boulos (PSOL) sobre o uso de drogas. Boulos negou que j\u00e1 tenha usado coca\u00edna, mas admitiu que provou maconha na adolesc\u00eancia.\n<\/p>\n<p>\u2014 Nunca usei coca\u00edna, que fique muito claro. N\u00e3o uso drogas, e maconha eu provei uma vez, na adolesc\u00eancia, me deu uma dor de cabe\u00e7a danada. E nunca mais\u201d \u2014 declarou. \u2014 Ele foi desmascarado ao vivo, e a\u00ed come\u00e7a a falar de outras coisas, de ideologia, enfim, do que \u00e9 e especialidade de extrema direita, de produzir fake news \u2014 completou.\n<\/p>\n<p>Desde o in\u00edcio da campanha, Mar\u00e7al tem apontado Boulos como usu\u00e1rio de coca\u00edna e contesta a descriminaliza\u00e7\u00e3o das drogas. O evento conta ainda com a presen\u00e7a de Ricardo Nunes (MDB) e Tabata Amaral (PSB).\n<\/p>\n<p><strong>O Globo\u00a0<\/strong>\n<\/p>\n<\/div>\n<p><br \/>\n<br \/><a href=\"https:\/\/diariodobrasilnoticias.com.br\/noticia\/marcal-pressionou-e-boulos-admitiu-ja-ter-usado-droga-veja-video-66fb21b70c1ce\">Source link <\/a><\/p>","protected":false},"excerpt":{"rendered":"<p>Durante o debate promovido pelo jornal Folha de S.Paulo e o portal UOL, o candidato Pablo Mar\u00e7al (PRTB) questionou Guilherme Boulos (PSOL) sobre o uso de drogas. Boulos negou que&hellip;<\/p>","protected":false},"author":1,"featured_media":43514,"comment_status":"closed","ping_status":"open","sticky":false,"template":"","format":"standard","meta":{"content-type":"","footnotes":""},"categories":[16],"tags":[123,2448,5313,1267],"class_list":["post-43513","post","type-post","status-publish","format-standard","has-post-thumbnail","hentry","category-noticias","tag-brasil","tag-diario","tag-noticia","tag-noticias"],"_links":{"self":[{"href":"https:\/\/tvbrazilusa.com\/pt\/wp-json\/wp\/v2\/posts\/43513","targetHints":{"allow":["GET"]}}],"collection":[{"href":"https:\/\/tvbrazilusa.com\/pt\/wp-json\/wp\/v2\/posts"}],"about":[{"href":"https:\/\/tvbrazilusa.com\/pt\/wp-json\/wp\/v2\/types\/post"}],"author":[{"embeddable":true,"href":"https:\/\/tvbrazilusa.com\/pt\/wp-json\/wp\/v2\/users\/1"}],"replies":[{"embeddable":true,"href":"https:\/\/tvbrazilusa.com\/pt\/wp-json\/wp\/v2\/comments?post=43513"}],"version-history":[{"count":1,"href":"https:\/\/tvbrazilusa.com\/pt\/wp-json\/wp\/v2\/posts\/43513\/revisions"}],"predecessor-version":[{"id":43515,"href":"https:\/\/tvbrazilusa.com\/pt\/wp-json\/wp\/v2\/posts\/43513\/revisions\/43515"}],"wp:featuredmedia":[{"embeddable":true,"href":"https:\/\/tvbrazilusa.com\/pt\/wp-json\/wp\/v2\/media\/43514"}],"wp:attachment":[{"href":"https:\/\/tvbrazilusa.com\/pt\/wp-json\/wp\/v2\/media?parent=43513"}],"wp:term":[{"taxonomy":"category","embeddable":true,"href":"https:\/\/tvbrazilusa.com\/pt\/wp-json\/wp\/v2\/categories?post=43513"},{"taxonomy":"post_tag","embeddable":true,"href":"https:\/\/tvbrazilusa.com\/pt\/wp-json\/wp\/v2\/tags?post=43513"}],"curies":[{"name":"wp","href":"https:\/\/api.w.org\/{rel}","templated":true}]}}