{"id":43531,"date":"2024-10-01T02:30:00","date_gmt":"2024-10-01T02:30:00","guid":{"rendered":"https:\/\/tvbrazilusa.com\/2024\/10\/01\/o-legado-que-barroso-quer-deixar-no-stf-paulo-figueiredo\/"},"modified":"2024-10-01T02:45:35","modified_gmt":"2024-10-01T02:45:35","slug":"o-legado-que-barroso-quer-deixar-no-stf-paulo-figueiredo","status":"publish","type":"post","link":"https:\/\/tvbrazilusa.com\/pt\/2024\/10\/01\/o-legado-que-barroso-quer-deixar-no-stf-paulo-figueiredo\/","title":{"rendered":"O legado que Barroso quer deixar no STF &#8211; Paulo Figueiredo"},"content":{"rendered":"<p> <script async src=\"https:\/\/pagead2.googlesyndication.com\/pagead\/js\/adsbygoogle.js?client=ca-pub-8864793242727901\"\r\n     crossorigin=\"anonymous\"><\/script><br \/>\n<\/p>\n<div id=\"wtr-content\" data-bg=\"#FFFFFF\" data-fg=\"#006d91\" data-width=\"25\" data-mute=\"1\" data-fgopacity=\"1.00\" data-mutedopacity=\"0.5\" data-placement=\"bottom\" data-placement-offset=\"0\" data-content-offset=\"262\" data-placement-touch=\"bottom\" data-placement-offset-touch=\"0\" data-transparent=\"\" data-shadow=\"0\" data-touch=\"1\" data-non-touch=\"1\" data-comments=\"0\" data-commentsbg=\"transparent\" data-location=\"page\" data-mutedfg=\"#006d91\" data-endfg=\"#006d91\" data-rtl=\"\">\n<h3 class=\"wp-block-heading\">Presidente do tribunal quer a \u2018reciviliza\u00e7\u00e3o\u2019 do pa\u00eds inteiro<\/h3>\n<p>O presidente do\u00a0Supremo Tribunal Federal (STF), Lu\u00eds Roberto Barroso, disse que quer deixar como legado no STF a \u201ctotal reciviliza\u00e7\u00e3o do Brasil\u201d.<\/p>\n<p>As etapas para a proposta se concretizar passam pelo fim dos inqu\u00e9ritos das\u00a0<em>fake news<\/em>\u00a0e das mil\u00edcias conduzidos pelo ministro Alexandre de Moraes e o t\u00e9rmino do julgamento dos processos do 8 de janeiro no tribunal.<\/p>\n<p>\u201cTenho a firme expectativa de que esses inqu\u00e9ritos podem ser encerrados n\u00e3o apenas antes do t\u00e9rmino da minha presid\u00eancia, mas bem antes do t\u00e9rmino da minha presid\u00eancia\u201d, disse Barroso, em entrevista ao jornal\u00a0<em>Valor Econ\u00f4mico,\u00a0<\/em>publicada nesta segunda-feira, 30. \u201cEsse \u00e9 o meu desejo. Eu j\u00e1 conversei com o ministro Alexandre, e n\u00f3s temos a vis\u00e3o de que j\u00e1 h\u00e1 um horizonte de t\u00e9rmino \u00e0 vista, mas vai depender do Minist\u00e9rio P\u00fablico.\u201d<\/p>\n<h3 class=\"wp-block-heading\">Luis Roberto Barroso comentou ainda a situa\u00e7\u00e3o do X no Brasil<\/h3>\n<p>O presidente do STF tamb\u00e9m comentou a situa\u00e7\u00e3o do X no Brasil. \u201cA quest\u00e3o do X \u00e9 muito simples e n\u00e3o h\u00e1 raz\u00e3o para politiz\u00e1-la\u201d, disse. \u201cPela legisla\u00e7\u00e3o, toda empresa estrangeira que atua no Brasil precisa ter um representante legal no Brasil. O X retirou o seu representante do Brasil. Portanto, teve suspensa a sua opera\u00e7\u00e3o. Ent\u00e3o, n\u00e3o h\u00e1 nada de extraordin\u00e1rio, salvo uma politiza\u00e7\u00e3o, que eu acho que n\u00e3o cabe.\u201d<\/p>\n<p>Sobre a suspens\u00e3o n\u00e3o ter sido decidida pelo plen\u00e1rio, e, sim, pela 1\u00aa Turma o STF, o ministro disse que a compet\u00eancia era daquele colegiado.<\/p>\n<p>\u201cA turma poderia, se quisesse, ter afetado ao plen\u00e1rio, mas entendeu que podia decidir e decidiu unanimemente\u201d, observou Barroso. \u201cE eu n\u00e3o acho que haveria muita diverg\u00eancia no plen\u00e1rio, porque a lei \u00e9 bem clara.\u201d<\/p>\n<p><strong><a href=\"https:\/\/revistaoeste.com\/politica\/o-legado-que-luis-roberto-barroso-quer-deixar-no-stf\/\">Source link<\/a><\/strong><\/p>\n<\/div>\n<p><br \/>\n<br \/><a href=\"https:\/\/paulofigueiredoshow.com\/o-legado-que-barroso-quer-deixar-no-stf\/\">Source link <\/a><\/p>","protected":false},"excerpt":{"rendered":"<p>Presidente do tribunal quer a \u2018reciviliza\u00e7\u00e3o\u2019 do pa\u00eds inteiro O presidente do\u00a0Supremo Tribunal Federal (STF), Lu\u00eds Roberto Barroso, disse que quer deixar como legado no STF a \u201ctotal reciviliza\u00e7\u00e3o do&hellip;<\/p>","protected":false},"author":1,"featured_media":13284,"comment_status":"closed","ping_status":"open","sticky":false,"template":"","format":"standard","meta":{"content-type":"","footnotes":""},"categories":[16],"tags":[24260,425,871],"class_list":["post-43531","post","type-post","status-publish","format-standard","has-post-thumbnail","hentry","category-noticias","tag-recivilizacao","tag-moraes","tag-stf"],"_links":{"self":[{"href":"https:\/\/tvbrazilusa.com\/pt\/wp-json\/wp\/v2\/posts\/43531","targetHints":{"allow":["GET"]}}],"collection":[{"href":"https:\/\/tvbrazilusa.com\/pt\/wp-json\/wp\/v2\/posts"}],"about":[{"href":"https:\/\/tvbrazilusa.com\/pt\/wp-json\/wp\/v2\/types\/post"}],"author":[{"embeddable":true,"href":"https:\/\/tvbrazilusa.com\/pt\/wp-json\/wp\/v2\/users\/1"}],"replies":[{"embeddable":true,"href":"https:\/\/tvbrazilusa.com\/pt\/wp-json\/wp\/v2\/comments?post=43531"}],"version-history":[{"count":1,"href":"https:\/\/tvbrazilusa.com\/pt\/wp-json\/wp\/v2\/posts\/43531\/revisions"}],"predecessor-version":[{"id":43532,"href":"https:\/\/tvbrazilusa.com\/pt\/wp-json\/wp\/v2\/posts\/43531\/revisions\/43532"}],"wp:featuredmedia":[{"embeddable":true,"href":"https:\/\/tvbrazilusa.com\/pt\/wp-json\/wp\/v2\/media\/13284"}],"wp:attachment":[{"href":"https:\/\/tvbrazilusa.com\/pt\/wp-json\/wp\/v2\/media?parent=43531"}],"wp:term":[{"taxonomy":"category","embeddable":true,"href":"https:\/\/tvbrazilusa.com\/pt\/wp-json\/wp\/v2\/categories?post=43531"},{"taxonomy":"post_tag","embeddable":true,"href":"https:\/\/tvbrazilusa.com\/pt\/wp-json\/wp\/v2\/tags?post=43531"}],"curies":[{"name":"wp","href":"https:\/\/api.w.org\/{rel}","templated":true}]}}