{"id":43533,"date":"2024-10-01T03:05:54","date_gmt":"2024-10-01T03:05:54","guid":{"rendered":"https:\/\/tvbrazilusa.com\/2024\/10\/01\/tanques-e-blindados-israelenses-avancam-no-libano\/"},"modified":"2024-10-01T03:05:55","modified_gmt":"2024-10-01T03:05:55","slug":"tanques-e-blindados-israelenses-avancam-no-libano","status":"publish","type":"post","link":"https:\/\/tvbrazilusa.com\/pt\/2024\/10\/01\/tanques-e-blindados-israelenses-avancam-no-libano\/","title":{"rendered":"Tanques e blindados israelenses avan\u00e7am no L\u00edbano"},"content":{"rendered":"<p> <script async src=\"https:\/\/pagead2.googlesyndication.com\/pagead\/js\/adsbygoogle.js?client=ca-pub-8864793242727901\"\r\n     crossorigin=\"anonymous\"><\/script><br \/>\n<\/p>\n<div id=\"taboola-read-more\" style=\"display:block; width:100%\">\n<p>As For\u00e7as de Defesa de Israel (FDI) iniciaram uma opera\u00e7\u00e3o por terra no L\u00edbano nesta segunda, 30.\n<\/p>\n<p>A a\u00e7\u00e3o, com o uso de tanques e pe\u00e7as de artilharia, tem in\u00edcio quase um ano ap\u00f3s o grupo terrorista Hezbollah come\u00e7ar a disparar m\u00edsseis e foguetes contra Israel, em solidariedade aos terroristas do Hamas na Faixa de Gaza.<\/p>\n<p>O porta-voz das FDI, Daniel Hagari, pediu aos israelenses n\u00e3o divulgarem informa\u00e7\u00f5es sobre a opera\u00e7\u00e3o militar, para n\u00e3o colocar em risco a seguran\u00e7a dos militares israelenses.\n<\/p>\n<p>\u201c<em>Nas \u00faltimas horas, houve muitos relat\u00f3rios e rumores sobre atividades das FDI na fronteira com o L\u00edbano. Pedimos a n\u00e3o transmiss\u00e3o de relat\u00f3rios sobre as atividades das for\u00e7as, devido \u00e0 seguran\u00e7a das nossas for\u00e7as. Atenham-se apenas aos relat\u00f3rios oficiais e n\u00e3o espalhem rumores irrespons\u00e1veis<\/em>\u201c, escreveu Hagari nas redes sociais.\n<\/p>\n<p>De acordo com o Departamento de Estado americano, Israel est\u00e1 \u201c<em>atualmente conduzindo opera\u00e7\u00f5es limitadas ao longo da fronteira<\/em>\u201c.\n<\/p>\n<p>As FDI tamb\u00e9m divulgaram uma mensagem em \u00e1rabe para a popula\u00e7\u00e3o libanesa para evacuar tr\u00eas ed\u00edf\u00edcios ligados ao Hezbollah no bairro de Dahiyeh, ao sul de Beirute.\n<\/p>\n<p>\u201c<em>Se voc\u00ea est\u00e1 nas proximidades desses pr\u00e9dios do Hezbollah, saiba que as FDI agir\u00e3o com for\u00e7a contra eles. Para sua seguran\u00e7a e a de seus familiares, evacue esses edif\u00edcios imediatamente e fique a pelo menos 500 metros de dist\u00e2ncia deles<\/em>\u201d, disse o porta-voz das FDI para mensagens em \u00e1rabe, Avichai Adraee.\n<\/p>\n<p>Com a aproxima\u00e7\u00e3o dos tanques e blindados israelenses, o Ex\u00e9rcito do L\u00edbano afastou-se da fronteira.\n<\/p>\n<p>A entrada por terra tem por objetivo atingir alvos de infraestrutura do grupo terrorista Hezbollah.\n<\/p>\n<p>Fontes no governo de Benjamin Netanyahu afirmaram que a opera\u00e7\u00e3o ser\u00e1 limitada e de curta dura\u00e7\u00e3o.\n<\/p>\n<p><strong>O Antagonista\u00a0<\/strong> <\/p>\n<\/div>\n<p><br \/>\n<br \/><a href=\"https:\/\/diariodobrasilnoticias.com.br\/noticia\/tanques-e-blindados-israelenses-avancam-no-libano-66fb253e912ad\">Source link <\/a><\/p>","protected":false},"excerpt":{"rendered":"<p>As For\u00e7as de Defesa de Israel (FDI) iniciaram uma opera\u00e7\u00e3o por terra no L\u00edbano nesta segunda, 30. A a\u00e7\u00e3o, com o uso de tanques e pe\u00e7as de artilharia, tem in\u00edcio&hellip;<\/p>","protected":false},"author":1,"featured_media":43534,"comment_status":"closed","ping_status":"open","sticky":false,"template":"","format":"standard","meta":{"content-type":"","footnotes":""},"categories":[16],"tags":[123,2448,5313,1267],"class_list":["post-43533","post","type-post","status-publish","format-standard","has-post-thumbnail","hentry","category-noticias","tag-brasil","tag-diario","tag-noticia","tag-noticias"],"_links":{"self":[{"href":"https:\/\/tvbrazilusa.com\/pt\/wp-json\/wp\/v2\/posts\/43533","targetHints":{"allow":["GET"]}}],"collection":[{"href":"https:\/\/tvbrazilusa.com\/pt\/wp-json\/wp\/v2\/posts"}],"about":[{"href":"https:\/\/tvbrazilusa.com\/pt\/wp-json\/wp\/v2\/types\/post"}],"author":[{"embeddable":true,"href":"https:\/\/tvbrazilusa.com\/pt\/wp-json\/wp\/v2\/users\/1"}],"replies":[{"embeddable":true,"href":"https:\/\/tvbrazilusa.com\/pt\/wp-json\/wp\/v2\/comments?post=43533"}],"version-history":[{"count":1,"href":"https:\/\/tvbrazilusa.com\/pt\/wp-json\/wp\/v2\/posts\/43533\/revisions"}],"predecessor-version":[{"id":43535,"href":"https:\/\/tvbrazilusa.com\/pt\/wp-json\/wp\/v2\/posts\/43533\/revisions\/43535"}],"wp:featuredmedia":[{"embeddable":true,"href":"https:\/\/tvbrazilusa.com\/pt\/wp-json\/wp\/v2\/media\/43534"}],"wp:attachment":[{"href":"https:\/\/tvbrazilusa.com\/pt\/wp-json\/wp\/v2\/media?parent=43533"}],"wp:term":[{"taxonomy":"category","embeddable":true,"href":"https:\/\/tvbrazilusa.com\/pt\/wp-json\/wp\/v2\/categories?post=43533"},{"taxonomy":"post_tag","embeddable":true,"href":"https:\/\/tvbrazilusa.com\/pt\/wp-json\/wp\/v2\/tags?post=43533"}],"curies":[{"name":"wp","href":"https:\/\/api.w.org\/{rel}","templated":true}]}}