{"id":43538,"date":"2024-10-01T02:59:00","date_gmt":"2024-10-01T02:59:00","guid":{"rendered":"https:\/\/tvbrazilusa.com\/2024\/10\/01\/malafaia-alfineta-nikolas-apos-video-contra-nunes-paulo-figueiredo\/"},"modified":"2024-10-01T03:21:40","modified_gmt":"2024-10-01T03:21:40","slug":"malafaia-alfineta-nikolas-apos-video-contra-nunes-paulo-figueiredo","status":"publish","type":"post","link":"https:\/\/tvbrazilusa.com\/pt\/2024\/10\/01\/malafaia-alfineta-nikolas-apos-video-contra-nunes-paulo-figueiredo\/","title":{"rendered":"Malafaia alfineta Nikolas ap\u00f3s v\u00eddeo contra Nunes &#8211; Paulo Figueiredo"},"content":{"rendered":"<p> <script async src=\"https:\/\/pagead2.googlesyndication.com\/pagead\/js\/adsbygoogle.js?client=ca-pub-8864793242727901\"\r\n     crossorigin=\"anonymous\"><\/script><br \/>\n<\/p>\n<div id=\"wtr-content\" data-bg=\"#FFFFFF\" data-fg=\"#006d91\" data-width=\"25\" data-mute=\"1\" data-fgopacity=\"1.00\" data-mutedopacity=\"0.5\" data-placement=\"bottom\" data-placement-offset=\"0\" data-content-offset=\"262\" data-placement-touch=\"bottom\" data-placement-offset-touch=\"0\" data-transparent=\"\" data-shadow=\"0\" data-touch=\"1\" data-non-touch=\"1\" data-comments=\"0\" data-commentsbg=\"transparent\" data-location=\"page\" data-mutedfg=\"#006d91\" data-endfg=\"#006d91\" data-rtl=\"\">\n<p class=\"has-small-font-size\">Foto \u2013 Bruno Santos<\/p>\n<h3 class=\"wp-block-heading\">O l\u00edder evang\u00e9lico chamou o candidato do PRTB de \u201cpsicopata farsante\u201d<\/h3>\n<p>O pastor Silas Malafaia gravou mais um v\u00eddeo para expor o candidato \u00e0 Prefeitura de S\u00e3o Paulo, Pablo Mar\u00e7al (PRTB), dizendo que ele n\u00e3o representa a direita pol\u00edtica do pa\u00eds. Na grava\u00e7\u00e3o, o l\u00edder evang\u00e9lico tamb\u00e9m manda uma indireta ao deputado federal Nikolas Ferreira (PL-MG) que disse recentemente que Mar\u00e7al \u00e9 um candidato que n\u00e3o tem apoio do \u201csistema\u201d.<\/p>\n<p>Para justificar suas cr\u00edticas, Malafaia divulgou um v\u00eddeo em que o candidato do PRTB diz que o pedido de impeachment do ministro Alexandre de Moraes, do Supremo Tribunal Federal (STF), n\u00e3o \u00e9 pauta da direita, apenas do pr\u00f3prio pastor e do ex-presidente Jair Bolsonaro (PL).<\/p>\n<p>\u2013 \u00c9 uma afronta, um deboche, a todo mundo que pertence \u00e0 direita \u2013 disse o pastor sobre a resposta de Mar\u00e7al contra o impeachment de Moraes.<\/p>\n<p>Em seguida, ele fala sobre o v\u00eddeo do Nikolas Ferreira, mas sem citar o nome do deputado. H\u00e1 alguns dias, o parlamentar mineiro gravou um v\u00eddeo dizendo que o candidato \u00e0 reelei\u00e7\u00e3o Ricardo Nunes (MDB) \u201cpertence ao sistema\u201d e que Mar\u00e7al n\u00e3o faz parte disso.<\/p>\n<p>Para o pastor, a fala de Nikolas foi contra Bolsonaro, pois o ex-presidente tem feito campanha para o atual prefeito da capital paulista.<\/p>\n<p>\u2013 No m\u00ednimo voc\u00ea deve respeito e considera\u00e7\u00e3o a Bolsonaro. Tinha que ficar de boca fechada. (\u2026) Voc\u00ea est\u00e1 fazendo o jogo desse psicopata farsante \u2013 declarou.<\/p>\n<figure class=\"wp-block-embed is-type-rich is-provider-twitter wp-block-embed-twitter\">\n<div class=\"wp-block-embed__wrapper\">\n<blockquote class=\"twitter-tweet\" data-width=\"550\" data-dnt=\"true\">\n<p lang=\"pt\" dir=\"ltr\">\ud83d\udea8URGENTE \u2013 Silas Malafaia vai para cima de Nikolas e diz que ele \u00e9 um camarada que nem tirou a fralda na pol\u00edtica<\/p>\n<p>\u201cTinha que ficar de boca fechada. Deixa de conversa fiada. Voc\u00ea est\u00e1 fazendo o jogo desse psicopata farsante.\u201d <a href=\"https:\/\/t.co\/iWKUQiT37V\">pic.twitter.com\/iWKUQiT37V<\/a><\/p>\n<p>\u2014 SPACE LIBERDADE \uea00 (@NewsLiberdade) <a href=\"https:\/\/twitter.com\/NewsLiberdade\/status\/1840816791100277042?ref_src=twsrc%5Etfw\">September 30, 2024<\/a><\/p><\/blockquote>\n<\/div>\n<\/figure>\n<h3 class=\"wp-block-heading\"><strong>Pablo Mar\u00e7al defende Nikolas Ferreira e desafia Malafaia: \u201cVai cuidar da sua vida\u201d<\/strong><\/h3>\n<p>Em uma declara\u00e7\u00e3o contundente, Pablo Mar\u00e7al saiu em defesa do deputado federal Nikolas Ferreira e direcionou cr\u00edticas ao pastor Silas Malafaia. Mar\u00e7al afirmou que Nikolas \u00e9 \u201co cara mais respeitado da direita no Brasil\u201d e o apontou como \u201cnosso futuro presidente\u201d. Em tom desafiador, Mar\u00e7al ainda pediu que Malafaia \u201crespeitasse Nikolas\u201d e focasse em cuidar de sua pr\u00f3pria vida.<\/p>\n<p>O epis\u00f3dio acendeu um debate nas redes sociais, com apoiadores de ambos os lados comentando a declara\u00e7\u00e3o.<\/p>\n<figure class=\"wp-block-embed is-type-rich is-provider-twitter wp-block-embed-twitter\">\n<div class=\"wp-block-embed__wrapper\">\n<blockquote class=\"twitter-tweet\" data-width=\"550\" data-dnt=\"true\">\n<p lang=\"pt\" dir=\"ltr\">\ud83d\udea8URGENTE \u2013 Pablo Mar\u00e7al sai em defesa de Nikolas Ferreira e diz para Malafaia atacar ele! <\/p>\n<p>\u201cN\u00e3o fala do Nikolas n\u00e3o. Ele \u00e9 o cara mais respeitado da direita no Brasil, \u00e9 o nosso futuro presidente. Respeita ele, vai cuidar da sua vida Malafaia!\u201d <a href=\"https:\/\/t.co\/ky0ElC7nPd\">pic.twitter.com\/ky0ElC7nPd<\/a><\/p>\n<p>\u2014 SPACE LIBERDADE \uea00 (@NewsLiberdade) <a href=\"https:\/\/twitter.com\/NewsLiberdade\/status\/1840881431419159020?ref_src=twsrc%5Etfw\">September 30, 2024<\/a><\/p><\/blockquote>\n<\/div>\n<\/figure>\n<p><strong><a href=\"http:\/\/Nikolas\">Source link<\/a><\/strong><\/p>\n<\/div>\n<p><script async src=\"\/\/platform.twitter.com\/widgets.js\" charset=\"utf-8\"><\/script><br \/>\n<br \/><br \/>\n<br \/><a href=\"https:\/\/paulofigueiredoshow.com\/malafaia-alfineta-nikolas-apos-video-contra-nunes\/\">Source link <\/a><\/p>","protected":false},"excerpt":{"rendered":"<p>Foto \u2013 Bruno Santos O l\u00edder evang\u00e9lico chamou o candidato do PRTB de \u201cpsicopata farsante\u201d O pastor Silas Malafaia gravou mais um v\u00eddeo para expor o candidato \u00e0 Prefeitura de&hellip;<\/p>","protected":false},"author":1,"featured_media":43539,"comment_status":"closed","ping_status":"open","sticky":false,"template":"","format":"standard","meta":{"content-type":"","footnotes":""},"categories":[16],"tags":[136,1408,17532,315,346,1603,19327,871],"class_list":["post-43538","post","type-post","status-publish","format-standard","has-post-thumbnail","hentry","category-noticias","tag-bolsonaro","tag-eleicoes","tag-malafaia","tag-marcal","tag-nikolas","tag-pl","tag-psd","tag-stf"],"_links":{"self":[{"href":"https:\/\/tvbrazilusa.com\/pt\/wp-json\/wp\/v2\/posts\/43538","targetHints":{"allow":["GET"]}}],"collection":[{"href":"https:\/\/tvbrazilusa.com\/pt\/wp-json\/wp\/v2\/posts"}],"about":[{"href":"https:\/\/tvbrazilusa.com\/pt\/wp-json\/wp\/v2\/types\/post"}],"author":[{"embeddable":true,"href":"https:\/\/tvbrazilusa.com\/pt\/wp-json\/wp\/v2\/users\/1"}],"replies":[{"embeddable":true,"href":"https:\/\/tvbrazilusa.com\/pt\/wp-json\/wp\/v2\/comments?post=43538"}],"version-history":[{"count":1,"href":"https:\/\/tvbrazilusa.com\/pt\/wp-json\/wp\/v2\/posts\/43538\/revisions"}],"predecessor-version":[{"id":43540,"href":"https:\/\/tvbrazilusa.com\/pt\/wp-json\/wp\/v2\/posts\/43538\/revisions\/43540"}],"wp:featuredmedia":[{"embeddable":true,"href":"https:\/\/tvbrazilusa.com\/pt\/wp-json\/wp\/v2\/media\/43539"}],"wp:attachment":[{"href":"https:\/\/tvbrazilusa.com\/pt\/wp-json\/wp\/v2\/media?parent=43538"}],"wp:term":[{"taxonomy":"category","embeddable":true,"href":"https:\/\/tvbrazilusa.com\/pt\/wp-json\/wp\/v2\/categories?post=43538"},{"taxonomy":"post_tag","embeddable":true,"href":"https:\/\/tvbrazilusa.com\/pt\/wp-json\/wp\/v2\/tags?post=43538"}],"curies":[{"name":"wp","href":"https:\/\/api.w.org\/{rel}","templated":true}]}}