{"id":43589,"date":"2024-10-01T01:08:52","date_gmt":"2024-10-01T01:08:52","guid":{"rendered":"https:\/\/tvbrazilusa.com\/2024\/10\/01\/pesquisa-para-sao-paulo-e-divulgada-pelo-real-time-big-data-paulo-figueiredo-2\/"},"modified":"2024-10-01T06:09:36","modified_gmt":"2024-10-01T06:09:36","slug":"pesquisa-para-sao-paulo-e-divulgada-pelo-real-time-big-data-paulo-figueiredo-2","status":"publish","type":"post","link":"https:\/\/tvbrazilusa.com\/pt\/2024\/10\/01\/pesquisa-para-sao-paulo-e-divulgada-pelo-real-time-big-data-paulo-figueiredo-2\/","title":{"rendered":"Pesquisa para S\u00e3o Paulo \u00e9 divulgada pelo Real Time Big Data &#8211; Paulo Figueiredo"},"content":{"rendered":"<p> <script async src=\"https:\/\/pagead2.googlesyndication.com\/pagead\/js\/adsbygoogle.js?client=ca-pub-8864793242727901\"\r\n     crossorigin=\"anonymous\"><\/script><br \/>\n<\/p>\n<div id=\"wtr-content\" data-bg=\"#FFFFFF\" data-fg=\"#006d91\" data-width=\"25\" data-mute=\"1\" data-fgopacity=\"1.00\" data-mutedopacity=\"0.5\" data-placement=\"bottom\" data-placement-offset=\"0\" data-content-offset=\"262\" data-placement-touch=\"bottom\" data-placement-offset-touch=\"0\" data-transparent=\"\" data-shadow=\"0\" data-touch=\"1\" data-non-touch=\"1\" data-comments=\"0\" data-commentsbg=\"transparent\" data-location=\"page\" data-mutedfg=\"#006d91\" data-endfg=\"#006d91\" data-rtl=\"\">\n<h3 class=\"wp-block-heading\">Pesquisa de inten\u00e7\u00e3o de voto divulgada nesta segunda (30) mostra cen\u00e1rio eleitoral em S\u00e3o Paulo (SP).<\/h3>\n<p>O instituto Real Time Big Data divulgou nesta segunda-feira (30) uma pesquisa que mostra como est\u00e1 a corrida eleitoral para a prefeitura de S\u00e3o Paulo (SP) nas\u00a0elei\u00e7\u00f5es municipais de 2024.\u00a0A pesquisa estimulada mostra empate t\u00e9cnico triplo entre\u00a0<strong>Ricardo Nunes<\/strong>\u00a0(MDB),\u00a0<strong>Guilherme Boulos<\/strong>\u00a0(Psol) e Pablo Mar\u00e7al (PRTB).<\/p>\n<p>Neste cen\u00e1rio, Nunes tem 26% das inten\u00e7\u00f5es de voto, Boulos 25% e Mar\u00e7al 23%. Na pesquisa espont\u00e2nea, os tr\u00eas concorrentes est\u00e3o empatados numericamente, com 18%. Foram entrevistados 1,5 mil eleitores da capital.<\/p>\n<h3 class=\"wp-block-heading\">Real Time Big Data: pesquisa para a prefeitura de S\u00e3o Paulo<\/h3>\n<p><strong>Estimulada<\/strong><\/p>\n<ul class=\"wp-block-list\">\n<li>Ricardo Nunes (MDB):\u00a026%<\/li>\n<li>Guilherme Boulos (Psol):\u00a025%<\/li>\n<li>Pablo Mar\u00e7al (PRTB):\u00a023%<\/li>\n<li>Tabata Amaral (PSB):\u00a010%<\/li>\n<li>Datena (PSDB):\u00a05%<\/li>\n<li>Marina Helena (Novo):\u00a02%<\/li>\n<li>Outros:\u00a01%<\/li>\n<li>Branco\/Nulo:\u00a04%<\/li>\n<li>N\u00e3o sabe\/N\u00e3o respondeu:\u00a04%<\/li>\n<\/ul>\n<p>A soma dos candidatos: Altino Prazeres (PSTU), Bebeto Haddad (DC), Jo\u00e3o Pimenta (PCO) e Ricardo Senese (UP) atingiu 1%.<\/p>\n<p><strong>Espont\u00e2nea<\/strong><\/p>\n<ul class=\"wp-block-list\">\n<li>Ricardo Nunes (MDB):\u00a018%<\/li>\n<li>Guilherme Boulos (Psol):\u00a018%<\/li>\n<li>Pablo Mar\u00e7al (PRTB):\u00a018%<\/li>\n<li>Tabata Amaral (PSB):\u00a08%<\/li>\n<li>Datena (PSDB):\u00a02%<\/li>\n<li>Outros:\u00a04%<\/li>\n<li>Branco\/Nulo:\u00a09%<\/li>\n<li>N\u00e3o sabe\/N\u00e3o respondeu:\u00a023%<\/li>\n<\/ul>\n<h3 class=\"wp-block-heading\">Real Time Big Data simulou cen\u00e1rios de segundo turno<\/h3>\n<p><strong>Cen\u00e1rio 1<\/strong><\/p>\n<ul class=\"wp-block-list\">\n<li>Ricardo Nunes (MDB):\u00a049%<\/li>\n<li>Guilherme Boulos (Psol):\u00a034%<\/li>\n<li>Branco\/Nulo:\u00a09%<\/li>\n<li>N\u00e3o sabe\/N\u00e3o respondeu:\u00a08%<\/li>\n<\/ul>\n<p><strong>Cen\u00e1rio 2<\/strong><\/p>\n<ul class=\"wp-block-list\">\n<li>Ricardo Nunes (MDB):\u00a045%<\/li>\n<li>Pablo Mar\u00e7al (PRTB):\u00a033%<\/li>\n<li>Branco\/Nulo:\u00a011%<\/li>\n<li>N\u00e3o sabe\/N\u00e3o respondeu:\u00a011%<\/li>\n<\/ul>\n<p><strong>Cen\u00e1rio 3<\/strong><\/p>\n<ul class=\"wp-block-list\">\n<li>Guilherme Boulos (Psol):\u00a041%<\/li>\n<li>Pablo Mar\u00e7al (PRTB):\u00a038%<\/li>\n<li>Branco\/Nulo:\u00a011%<\/li>\n<li>N\u00e3o sabe\/N\u00e3o respondeu:\u00a010%<\/li>\n<\/ul>\n<h3 class=\"wp-block-heading\">Pesquisa em S\u00e3o Paulo apurou conhecimento e votabilidade<\/h3>\n<p><strong>Ricardo Nunes (MDB)<\/strong><\/p>\n<ul class=\"wp-block-list\">\n<li>Votaria com certeza:\u00a018%<\/li>\n<li>Poderia votar:\u00a040%<\/li>\n<li>N\u00e3o votaria:\u00a037%<\/li>\n<li>N\u00e3o conhece suficiente para opinar:\u00a04%<\/li>\n<\/ul>\n<p><strong>Pablo Mar\u00e7al (PRTB)<\/strong><\/p>\n<ul class=\"wp-block-list\">\n<li>Votaria com certeza:\u00a018%<\/li>\n<li>Poderia votar:\u00a022%<\/li>\n<li>N\u00e3o votaria:\u00a053%<\/li>\n<li>N\u00e3o conhece suficiente para opinar:\u00a07%<\/li>\n<\/ul>\n<p><strong>Guilherme Boulos (Psol)<\/strong><\/p>\n<ul class=\"wp-block-list\">\n<li>Votaria com certeza:\u00a017%<\/li>\n<li>Poderia votar:\u00a029%<\/li>\n<li>N\u00e3o votaria:\u00a050%<\/li>\n<li>N\u00e3o conhece suficiente para opinar:\u00a04%<\/li>\n<\/ul>\n<p><strong>Tabata Amaral (PSB)<\/strong><\/p>\n<ul class=\"wp-block-list\">\n<li>Votaria com certeza:\u00a08%<\/li>\n<li>Poderia votar:\u00a050%<\/li>\n<li>N\u00e3o votaria:\u00a034%<\/li>\n<li>N\u00e3o conhece suficiente para opinar:\u00a08%<\/li>\n<\/ul>\n<p><strong>Datena (PSDB)<\/strong><\/p>\n<ul class=\"wp-block-list\">\n<li>Votaria com certeza:\u00a03%<\/li>\n<li>Poderia votar:\u00a039%<\/li>\n<li>N\u00e3o votaria:\u00a055%<\/li>\n<li>N\u00e3o conhece suficiente para opinar:\u00a03%<\/li>\n<\/ul>\n<p><strong>Marina Helena (Novo)<\/strong><\/p>\n<ul class=\"wp-block-list\">\n<li>Votaria com certeza:\u00a01%<\/li>\n<li>Poderia votar:\u00a027%<\/li>\n<li>N\u00e3o votaria:\u00a037%<\/li>\n<li>N\u00e3o conhece suficiente para opinar:\u00a035%<\/li>\n<\/ul>\n<h3 class=\"wp-block-heading\">Real Time Big Data perguntou sobre a aprova\u00e7\u00e3o dos governos municipal, estadual e federal<\/h3>\n<p><strong>Avalia\u00e7\u00e3o do prefeito Ricardo Nunes<\/strong><\/p>\n<ul class=\"wp-block-list\">\n<li>Aprova:\u00a055%<\/li>\n<li>Desaprova:\u00a042%<\/li>\n<li>N\u00e3o sabe\/N\u00e3o respondeu:\u00a03%<\/li>\n<\/ul>\n<p><strong>Avalia\u00e7\u00e3o do governador Tarc\u00edsio de Freitas<\/strong><\/p>\n<ul class=\"wp-block-list\">\n<li>Aprova:\u00a055%<\/li>\n<li>Desaprova:\u00a040%<\/li>\n<li>N\u00e3o sabe\/N\u00e3o respondeu:\u00a05%<\/li>\n<\/ul>\n<p><strong>Avalia\u00e7\u00e3o do presidente Lula<\/strong><\/p>\n<ul class=\"wp-block-list\">\n<li>Aprova:\u00a046%<\/li>\n<li>Desaprova:\u00a049%<\/li>\n<li>N\u00e3o sabe\/N\u00e3o respondeu:\u00a05%<\/li>\n<\/ul>\n<p><strong>Metodologia<\/strong>: 1.500 entrevistados pelo Real Time Big Data entre os dias 27 e 28 de setembro de 2024. A pesquisa em S\u00e3o Paulo foi contratada pela 3 Poderes M\u00eddia e Comunica\u00e7\u00e3o. Confian\u00e7a: 95%. Margem de erro: 3 pontos percentuais. Registro no TSE n\u00ba SP-05171\/2024.<\/p>\n<p><strong><a href=\"https:\/\/www.gazetadopovo.com.br\/eleicoes\/2024\/pesquisa-eleitoral\/real-time-big-data-sao-paulo-sp-setembro-2024-3\/\">Source link<\/a><\/strong><\/p>\n<\/div>\n<p><br \/>\n<br \/><a href=\"https:\/\/paulofigueiredoshow.com\/pesquisa-para-sao-paulo-e-divulgada-pelo-real-time-big-data-2\/\">Source link <\/a><\/p>","protected":false},"excerpt":{"rendered":"<p>Pesquisa de inten\u00e7\u00e3o de voto divulgada nesta segunda (30) mostra cen\u00e1rio eleitoral em S\u00e3o Paulo (SP). O instituto Real Time Big Data divulgou nesta segunda-feira (30) uma pesquisa que mostra&hellip;<\/p>","protected":false},"author":1,"featured_media":31223,"comment_status":"closed","ping_status":"open","sticky":false,"template":"","format":"standard","meta":{"content-type":"","footnotes":""},"categories":[16],"tags":[1408,4669],"class_list":["post-43589","post","type-post","status-publish","format-standard","has-post-thumbnail","hentry","category-noticias","tag-eleicoes","tag-sao-paulo"],"_links":{"self":[{"href":"https:\/\/tvbrazilusa.com\/pt\/wp-json\/wp\/v2\/posts\/43589","targetHints":{"allow":["GET"]}}],"collection":[{"href":"https:\/\/tvbrazilusa.com\/pt\/wp-json\/wp\/v2\/posts"}],"about":[{"href":"https:\/\/tvbrazilusa.com\/pt\/wp-json\/wp\/v2\/types\/post"}],"author":[{"embeddable":true,"href":"https:\/\/tvbrazilusa.com\/pt\/wp-json\/wp\/v2\/users\/1"}],"replies":[{"embeddable":true,"href":"https:\/\/tvbrazilusa.com\/pt\/wp-json\/wp\/v2\/comments?post=43589"}],"version-history":[{"count":1,"href":"https:\/\/tvbrazilusa.com\/pt\/wp-json\/wp\/v2\/posts\/43589\/revisions"}],"predecessor-version":[{"id":43590,"href":"https:\/\/tvbrazilusa.com\/pt\/wp-json\/wp\/v2\/posts\/43589\/revisions\/43590"}],"wp:featuredmedia":[{"embeddable":true,"href":"https:\/\/tvbrazilusa.com\/pt\/wp-json\/wp\/v2\/media\/31223"}],"wp:attachment":[{"href":"https:\/\/tvbrazilusa.com\/pt\/wp-json\/wp\/v2\/media?parent=43589"}],"wp:term":[{"taxonomy":"category","embeddable":true,"href":"https:\/\/tvbrazilusa.com\/pt\/wp-json\/wp\/v2\/categories?post=43589"},{"taxonomy":"post_tag","embeddable":true,"href":"https:\/\/tvbrazilusa.com\/pt\/wp-json\/wp\/v2\/tags?post=43589"}],"curies":[{"name":"wp","href":"https:\/\/api.w.org\/{rel}","templated":true}]}}