{"id":43654,"date":"2024-10-01T10:51:04","date_gmt":"2024-10-01T10:51:04","guid":{"rendered":"https:\/\/tvbrazilusa.com\/2024\/10\/01\/descubra-motivo-de-familia-ter-escondido-estado-de-saude-de-silvio-santos\/"},"modified":"2024-10-01T10:51:06","modified_gmt":"2024-10-01T10:51:06","slug":"descubra-motivo-de-familia-ter-escondido-estado-de-saude-de-silvio-santos","status":"publish","type":"post","link":"https:\/\/tvbrazilusa.com\/pt\/2024\/10\/01\/descubra-motivo-de-familia-ter-escondido-estado-de-saude-de-silvio-santos\/","title":{"rendered":"Descubra motivo de fam\u00edlia ter escondido estado de sa\u00fade de Silvio Santos"},"content":{"rendered":"<p> <script async src=\"https:\/\/pagead2.googlesyndication.com\/pagead\/js\/adsbygoogle.js?client=ca-pub-8864793242727901\"\r\n     crossorigin=\"anonymous\"><\/script><br \/>\n<\/p>\n<div id=\"taboola-read-more\" style=\"display:block; width:100%\">\n<p>Silvio Santos morreu no dia 17 de agosto, aos 93 anos, mas a despedida da fam\u00edlia come\u00e7ou, pelo menos, 20 dias antes. A revela\u00e7\u00e3o foi feita por Silvia Abravanel, 53, uma das filhas do dono do SBT, dizendo que a fam\u00edlia temia criar alarde ao divulgar o estado de sa\u00fade delicado do pai.\n<\/p>\n<p>\u201cQuando soube da not\u00edcia \u00e0s seis da manh\u00e3 de s\u00e1bado, eu esperava que fosse \u2018ele est\u00e1 indo para casa\u2019. Mas minha irm\u00e3 deu not\u00edcia de que ele tinha descansado\u201d, disse Silvia, emocionada, em entrevista ao programa de Rodrigo Faro.<\/p>\n<p>Silvia contou que n\u00e3o tem sido f\u00e1cil lidar com a aus\u00eancia do apresentador. \u201cPara 99,9% das pessoas, \u00e9 o Silvio Santos. Para mim, \u00e9 meu pai. Meu mestre. Depois de Deus, \u00e9 meu melhor amigo. \u00c9 quem me formou. Foram muitas hist\u00f3rias, viv\u00eancias\u201d, desabafou ela, expressando ainda os aprendizados que teve com o pai: \u201cIgualdade, gratid\u00e3o e que ningu\u00e9m \u00e9 melhor que ningu\u00e9m\u201d.\n<\/p>\n<p>Fonte: Veja <\/p>\n<\/div>\n<p><br \/>\n<br \/><a href=\"https:\/\/diariodobrasilnoticias.com.br\/noticia\/descubra-motivo-de-familia-ter-escondido-estado-de-saude-de-silvio-santos-66fb73a8dda8b\">Source link <\/a><\/p>","protected":false},"excerpt":{"rendered":"<p>Silvio Santos morreu no dia 17 de agosto, aos 93 anos, mas a despedida da fam\u00edlia come\u00e7ou, pelo menos, 20 dias antes. A revela\u00e7\u00e3o foi feita por Silvia Abravanel, 53,&hellip;<\/p>","protected":false},"author":1,"featured_media":43655,"comment_status":"closed","ping_status":"open","sticky":false,"template":"","format":"standard","meta":{"content-type":"","footnotes":""},"categories":[16],"tags":[123,2448,5313,1267],"class_list":["post-43654","post","type-post","status-publish","format-standard","has-post-thumbnail","hentry","category-noticias","tag-brasil","tag-diario","tag-noticia","tag-noticias"],"_links":{"self":[{"href":"https:\/\/tvbrazilusa.com\/pt\/wp-json\/wp\/v2\/posts\/43654","targetHints":{"allow":["GET"]}}],"collection":[{"href":"https:\/\/tvbrazilusa.com\/pt\/wp-json\/wp\/v2\/posts"}],"about":[{"href":"https:\/\/tvbrazilusa.com\/pt\/wp-json\/wp\/v2\/types\/post"}],"author":[{"embeddable":true,"href":"https:\/\/tvbrazilusa.com\/pt\/wp-json\/wp\/v2\/users\/1"}],"replies":[{"embeddable":true,"href":"https:\/\/tvbrazilusa.com\/pt\/wp-json\/wp\/v2\/comments?post=43654"}],"version-history":[{"count":1,"href":"https:\/\/tvbrazilusa.com\/pt\/wp-json\/wp\/v2\/posts\/43654\/revisions"}],"predecessor-version":[{"id":43656,"href":"https:\/\/tvbrazilusa.com\/pt\/wp-json\/wp\/v2\/posts\/43654\/revisions\/43656"}],"wp:featuredmedia":[{"embeddable":true,"href":"https:\/\/tvbrazilusa.com\/pt\/wp-json\/wp\/v2\/media\/43655"}],"wp:attachment":[{"href":"https:\/\/tvbrazilusa.com\/pt\/wp-json\/wp\/v2\/media?parent=43654"}],"wp:term":[{"taxonomy":"category","embeddable":true,"href":"https:\/\/tvbrazilusa.com\/pt\/wp-json\/wp\/v2\/categories?post=43654"},{"taxonomy":"post_tag","embeddable":true,"href":"https:\/\/tvbrazilusa.com\/pt\/wp-json\/wp\/v2\/tags?post=43654"}],"curies":[{"name":"wp","href":"https:\/\/api.w.org\/{rel}","templated":true}]}}