{"id":43663,"date":"2024-10-01T11:41:51","date_gmt":"2024-10-01T11:41:51","guid":{"rendered":"https:\/\/tvbrazilusa.com\/2024\/10\/01\/inmet-emite-alerta-de-vendaval-para-mais-de-130-cidades-do-rn-confira\/"},"modified":"2024-10-01T11:41:52","modified_gmt":"2024-10-01T11:41:52","slug":"inmet-emite-alerta-de-vendaval-para-mais-de-130-cidades-do-rn-confira","status":"publish","type":"post","link":"https:\/\/tvbrazilusa.com\/pt\/2024\/10\/01\/inmet-emite-alerta-de-vendaval-para-mais-de-130-cidades-do-rn-confira\/","title":{"rendered":"Inmet emite alerta de vendaval para mais de 130 cidades do RN; confira"},"content":{"rendered":"<p> <script async src=\"https:\/\/pagead2.googlesyndication.com\/pagead\/js\/adsbygoogle.js?client=ca-pub-8864793242727901\"\r\n     crossorigin=\"anonymous\"><\/script><br \/>\n<\/p>\n<div id=\"taboola-read-more\" style=\"display:block; width:100%\">\n<p>O Instituto Nacional de Meteorologia (Inmet) emitiu um alerta amarelo (que indica perigo potencial) para 131 cidades do Rio Grande do Norte nesta segunda-feira (30). O informe, emitido durante a manh\u00e3, \u00e9 v\u00e1lido at\u00e9 \u00e0s 10h00 desta ter\u00e7a-feira (1\u00ba).\n<\/p>\n<p>De acordo com instituto, o vento deve variar entre 40 km\/h e 60 km\/h. O risco de queda de galhos de \u00e1rvores \u00e9 baixo. Como orienta\u00e7\u00e3o, o Inmet recomendou que, em caso de rajadas de vento, a popula\u00e7\u00e3o n\u00e3o deve se abrigar debaixo de \u00e1rvores, pois h\u00e1 leve risco de queda e descargas el\u00e9tricas. Al\u00e9m disso, o ato de estacionar ve\u00edculos pr\u00f3ximos a torres de transmiss\u00e3o e placas de propaganda n\u00e3o \u00e9 recomendado.<\/p>\n<p>\u00a0<\/p>\n<p>Obtenha mais informa\u00e7\u00f5es junto \u00e0 Defesa Civil (telefone 199) e ao Corpo de Bombeiros (telefone 193).\n<\/p>\n<p><strong>Confira a lista de cidades potiguares listadas no informe abaixo:<\/strong>\n<\/p>\n<ol class=\"wp-block-list\">\n<li>Acari<\/li>\n<li>A\u00e7u<\/li>\n<li>Afonso Bezerra<\/li>\n<li>\u00c1gua Nova<\/li>\n<li>Alexandria<\/li>\n<li>Almino Afonso<\/li>\n<li>Alto do Rodrigues<\/li>\n<li>Angicos<\/li>\n<li>Ant\u00f4nio Martins<\/li>\n<li>Apodi<\/li>\n<li>Augusto Severo<\/li>\n<li>Bara\u00fana<\/li>\n<li>Barcelona<\/li>\n<li>Bento Fernandes<\/li>\n<li>Bod\u00f3<\/li>\n<li>Bom Jesus<\/li>\n<li>Cai\u00e7ara do Rio do Vento<\/li>\n<li>Caic\u00f3<\/li>\n<li>Campo Redondo<\/li>\n<li>Cara\u00fabas<\/li>\n<li>Carna\u00faba dos Dantas<\/li>\n<li>Carnaubais<\/li>\n<li>Cear\u00e1-Mirim<\/li>\n<li>Cerro Cor\u00e1<\/li>\n<li>Coronel Ezequiel<\/li>\n<li>Coronel Jo\u00e3o Pessoa<\/li>\n<li>Cruzeta<\/li>\n<li>Currais Novos<\/li>\n<li>Doutor Severiano<\/li>\n<li>Encanto<\/li>\n<li>Equador<\/li>\n<li>Felipe Guerra<\/li>\n<li>Fernando Pedroza<\/li>\n<li>Flor\u00e2nia<\/li>\n<li>Francisco Dantas<\/li>\n<li>Frutuoso Gomes<\/li>\n<li>Governador Dix-Sept Rosado<\/li>\n<li>Ielmo Marinho<\/li>\n<li>Ipangua\u00e7u<\/li>\n<li>Ipueira<\/li>\n<li>Itaj\u00e1<\/li>\n<li>Ita\u00fa<\/li>\n<li>Ja\u00e7an\u00e3<\/li>\n<li>Janda\u00edra<\/li>\n<li>Jandu\u00eds<\/li>\n<li>Janu\u00e1rio Cicco<\/li>\n<li>Japi<\/li>\n<li>Jardim de Angicos<\/li>\n<li>Jardim de Piranhas<\/li>\n<li>Jardim do Serid\u00f3<\/li>\n<li>Jo\u00e3o C\u00e2mara<\/li>\n<li>Jo\u00e3o Dias<\/li>\n<li>Jos\u00e9 da Penha<\/li>\n<li>Jucurutu<\/li>\n<li>Lagoa de Pedras<\/li>\n<li>Lagoa de Velhos<\/li>\n<li>Lagoa Nova<\/li>\n<li>Lagoa Salgada<\/li>\n<li>Lajes<\/li>\n<li>Lajes Pintadas<\/li>\n<li>Lucr\u00e9cia<\/li>\n<li>Lu\u00eds Gomes<\/li>\n<li>Maca\u00edba<\/li>\n<li>Macau<\/li>\n<li>Major Sales<\/li>\n<li>Marcelino Vieira<\/li>\n<li>Martins<\/li>\n<li>Messias Targino<\/li>\n<li>Monte Alegre<\/li>\n<li>Monte das Gameleiras<\/li>\n<li>Mossor\u00f3<\/li>\n<li>Olho d\u2019\u00c1gua do Borges<\/li>\n<li>Ouro Branco<\/li>\n<li>Paran\u00e1<\/li>\n<li>Para\u00fa<\/li>\n<li>Parazinho<\/li>\n<li>Parelhas<\/li>\n<li>Patu<\/li>\n<li>Pau dos Ferros<\/li>\n<li>Pedra Preta<\/li>\n<li>Pedro Avelino<\/li>\n<li>Pend\u00eancias<\/li>\n<li>Pil\u00f5es<\/li>\n<li>Po\u00e7o Branco<\/li>\n<li>Portalegre<\/li>\n<li>Rafael Fernandes<\/li>\n<li>Rafael Godeiro<\/li>\n<li>Riacho da Cruz<\/li>\n<li>Riacho de Santana<\/li>\n<li>Riachuelo<\/li>\n<li>Rodolfo Fernandes<\/li>\n<li>Ruy Barbosa<\/li>\n<li>Santa Cruz<\/li>\n<li>Santa Maria<\/li>\n<li>Santana do Matos<\/li>\n<li>Santana do Serid\u00f3<\/li>\n<li>S\u00e3o Bento do Trair\u00ed<\/li>\n<li>S\u00e3o Fernando<\/li>\n<li>S\u00e3o Francisco do Oeste<\/li>\n<li>S\u00e3o Gon\u00e7alo do Amarante<\/li>\n<li>S\u00e3o Jo\u00e3o do Sabugi<\/li>\n<li>S\u00e3o Jos\u00e9 de Mipibu<\/li>\n<li>S\u00e3o Jos\u00e9 do Campestre<\/li>\n<li>S\u00e3o Jos\u00e9 do Serid\u00f3<\/li>\n<li>S\u00e3o Miguel<\/li>\n<li>S\u00e3o Paulo do Potengi<\/li>\n<li>S\u00e3o Pedro<\/li>\n<li>S\u00e3o Rafael<\/li>\n<li>S\u00e3o Tom\u00e9<\/li>\n<li>S\u00e3o Vicente<\/li>\n<li>Senador El\u00f3i de Souza<\/li>\n<li>Serra Caiada<\/li>\n<li>Serra do Mel<\/li>\n<li>Serra Negra do Norte<\/li>\n<li>Serrinha<\/li>\n<li>Serrinha dos Pintos<\/li>\n<li>Severiano Melo<\/li>\n<li>S\u00edtio Novo<\/li>\n<li>Taboleiro Grande<\/li>\n<li>Taipu<\/li>\n<li>Tangar\u00e1<\/li>\n<li>Tenente Ananias<\/li>\n<li>Tenente Laurentino Cruz<\/li>\n<li>Timba\u00faba dos Batistas<\/li>\n<li>Touros<\/li>\n<li>Triunfo Potiguar<\/li>\n<li>Umarizal<\/li>\n<li>Upanema<\/li>\n<li>Venha-Ver<\/li>\n<li>Vera Cruz<\/li>\n<li>Vi\u00e7osa<\/li>\n<\/ol>\n<p>Fonte: Tribuna do Norte <\/p>\n<\/div>\n<p><br \/>\n<br \/><a href=\"https:\/\/diariodobrasilnoticias.com.br\/noticia\/inmet-emite-alerta-de-vendaval-para-mais-de-130-cidades-do-rn-confira-66fb75ac38251\">Source link <\/a><\/p>","protected":false},"excerpt":{"rendered":"<p>O Instituto Nacional de Meteorologia (Inmet) emitiu um alerta amarelo (que indica perigo potencial) para 131 cidades do Rio Grande do Norte nesta segunda-feira (30). O informe, emitido durante a&hellip;<\/p>","protected":false},"author":1,"featured_media":43664,"comment_status":"closed","ping_status":"open","sticky":false,"template":"","format":"standard","meta":{"content-type":"","footnotes":""},"categories":[16],"tags":[123,2448,5313,1267],"class_list":["post-43663","post","type-post","status-publish","format-standard","has-post-thumbnail","hentry","category-noticias","tag-brasil","tag-diario","tag-noticia","tag-noticias"],"_links":{"self":[{"href":"https:\/\/tvbrazilusa.com\/pt\/wp-json\/wp\/v2\/posts\/43663","targetHints":{"allow":["GET"]}}],"collection":[{"href":"https:\/\/tvbrazilusa.com\/pt\/wp-json\/wp\/v2\/posts"}],"about":[{"href":"https:\/\/tvbrazilusa.com\/pt\/wp-json\/wp\/v2\/types\/post"}],"author":[{"embeddable":true,"href":"https:\/\/tvbrazilusa.com\/pt\/wp-json\/wp\/v2\/users\/1"}],"replies":[{"embeddable":true,"href":"https:\/\/tvbrazilusa.com\/pt\/wp-json\/wp\/v2\/comments?post=43663"}],"version-history":[{"count":1,"href":"https:\/\/tvbrazilusa.com\/pt\/wp-json\/wp\/v2\/posts\/43663\/revisions"}],"predecessor-version":[{"id":43665,"href":"https:\/\/tvbrazilusa.com\/pt\/wp-json\/wp\/v2\/posts\/43663\/revisions\/43665"}],"wp:featuredmedia":[{"embeddable":true,"href":"https:\/\/tvbrazilusa.com\/pt\/wp-json\/wp\/v2\/media\/43664"}],"wp:attachment":[{"href":"https:\/\/tvbrazilusa.com\/pt\/wp-json\/wp\/v2\/media?parent=43663"}],"wp:term":[{"taxonomy":"category","embeddable":true,"href":"https:\/\/tvbrazilusa.com\/pt\/wp-json\/wp\/v2\/categories?post=43663"},{"taxonomy":"post_tag","embeddable":true,"href":"https:\/\/tvbrazilusa.com\/pt\/wp-json\/wp\/v2\/tags?post=43663"}],"curies":[{"name":"wp","href":"https:\/\/api.w.org\/{rel}","templated":true}]}}