{"id":43672,"date":"2024-10-01T12:09:29","date_gmt":"2024-10-01T12:09:29","guid":{"rendered":"https:\/\/tvbrazilusa.com\/2024\/10\/01\/record-ganha-processo-judicial-contra-a-familia-nardoni\/"},"modified":"2024-10-01T12:09:29","modified_gmt":"2024-10-01T12:09:29","slug":"record-ganha-processo-judicial-contra-a-familia-nardoni","status":"publish","type":"post","link":"https:\/\/tvbrazilusa.com\/pt\/2024\/10\/01\/record-ganha-processo-judicial-contra-a-familia-nardoni\/","title":{"rendered":"Record ganha processo judicial contra a fam\u00edlia Nardoni"},"content":{"rendered":"<p> <script async src=\"https:\/\/pagead2.googlesyndication.com\/pagead\/js\/adsbygoogle.js?client=ca-pub-8864793242727901\"\r\n     crossorigin=\"anonymous\"><\/script><br \/>\n<\/p>\n<div id=\"taboola-read-more\" style=\"display:block; width:100%\">\n<p>Recentemente, a Record venceu em primeira inst\u00e2ncia um processo movido por Antonio Nardoni, pai de Alexandre Nardoni, condenado a 30 anos pela morte de sua filha Isabella em 2008. O caso est\u00e1 sendo julgado no Tribunal de Justi\u00e7a de S\u00e3o Paulo e ainda cabe recurso.\n<\/p>\n<p>Antonio Nardoni reivindicava uma indeniza\u00e7\u00e3o de R$ 20 mil por danos morais, alegando que a emissora exibiu, sem autoriza\u00e7\u00e3o, uma foto de sua esposa, Maria Aparecida Nardoni, ao noticiar seu falecimento em fevereiro deste ano. A fam\u00edlia afirmou que sempre tentou preservar sua intimidade e vida privada, considerando a exibi\u00e7\u00e3o da foto uma viola\u00e7\u00e3o. A decis\u00e3o foi divulgada pela nossa coluna em primeira m\u00e3o.<\/p>\n<p><strong>Qual a Argumenta\u00e7\u00e3o da Defesa dos Nardoni?<\/strong>\n<\/p>\n<p>A defesa dos Nardoni argumentou que, embora fosse compreens\u00edvel a publica\u00e7\u00e3o da not\u00edcia do falecimento, a foto utilizada deveria ser de Alexandre Nardoni, e n\u00e3o de sua m\u00e3e, Maria Aparecida. Alegaram que a exibi\u00e7\u00e3o sem autoriza\u00e7\u00e3o violava a privacidade e exigiram a remo\u00e7\u00e3o dos v\u00eddeos e links noticiando a morte de Maria.\n<\/p>\n<p><strong>O Que Alegou a Defesa da Record?<\/strong><br \/>A Record alegou que apenas noticiou um fato ver\u00eddico e de interesse p\u00fablico, n\u00e3o justificando a indeniza\u00e7\u00e3o. A emissora enfatizou que Maria Aparecida Nardoni \u00e9 m\u00e3e de Alexandre Nardoni, figura central em um caso criminal de grande repercuss\u00e3o nacional, justificando a publica\u00e7\u00e3o.\n<\/p>\n<p><strong>Qual Foi a Decis\u00e3o do Juiz Pedro Bortolini?<\/strong><br \/>O juiz Pedro Bortolini rejeitou o pedido de liminar da fam\u00edlia Nardoni, aceitando os argumentos da Record. Ele destacou que a reportagem est\u00e1 respaldada pelo interesse p\u00fablico, devido \u00e0 notoriedade nacional do caso envolvendo Maria Aparecida Nardoni.\n<\/p>\n<p><strong>O Impacto da Decis\u00e3o e o Pr\u00f3ximo Passo<\/strong><br \/>A decis\u00e3o destacou que Alexandre Nardoni, ap\u00f3s 16 anos preso, deixou a cadeia em maio e agora cumpre pena em regime aberto. A fam\u00edlia ainda pode recorrer da decis\u00e3o, mantendo o interesse p\u00fablico no caso.\n<\/p>\n<p>Fonte: O antagonista <\/p>\n<\/div>\n<p><br \/>\n<br \/><a href=\"https:\/\/diariodobrasilnoticias.com.br\/noticia\/record-ganha-processo-judicial-contra-a-familia-nardoni-66fbd3eb0f140\">Source link <\/a><\/p>","protected":false},"excerpt":{"rendered":"<p>Recentemente, a Record venceu em primeira inst\u00e2ncia um processo movido por Antonio Nardoni, pai de Alexandre Nardoni, condenado a 30 anos pela morte de sua filha Isabella em 2008. O&hellip;<\/p>","protected":false},"author":1,"featured_media":43673,"comment_status":"closed","ping_status":"open","sticky":false,"template":"","format":"standard","meta":{"content-type":"","footnotes":""},"categories":[16],"tags":[123,2448,5313,1267],"class_list":["post-43672","post","type-post","status-publish","format-standard","has-post-thumbnail","hentry","category-noticias","tag-brasil","tag-diario","tag-noticia","tag-noticias"],"_links":{"self":[{"href":"https:\/\/tvbrazilusa.com\/pt\/wp-json\/wp\/v2\/posts\/43672","targetHints":{"allow":["GET"]}}],"collection":[{"href":"https:\/\/tvbrazilusa.com\/pt\/wp-json\/wp\/v2\/posts"}],"about":[{"href":"https:\/\/tvbrazilusa.com\/pt\/wp-json\/wp\/v2\/types\/post"}],"author":[{"embeddable":true,"href":"https:\/\/tvbrazilusa.com\/pt\/wp-json\/wp\/v2\/users\/1"}],"replies":[{"embeddable":true,"href":"https:\/\/tvbrazilusa.com\/pt\/wp-json\/wp\/v2\/comments?post=43672"}],"version-history":[{"count":1,"href":"https:\/\/tvbrazilusa.com\/pt\/wp-json\/wp\/v2\/posts\/43672\/revisions"}],"predecessor-version":[{"id":43674,"href":"https:\/\/tvbrazilusa.com\/pt\/wp-json\/wp\/v2\/posts\/43672\/revisions\/43674"}],"wp:featuredmedia":[{"embeddable":true,"href":"https:\/\/tvbrazilusa.com\/pt\/wp-json\/wp\/v2\/media\/43673"}],"wp:attachment":[{"href":"https:\/\/tvbrazilusa.com\/pt\/wp-json\/wp\/v2\/media?parent=43672"}],"wp:term":[{"taxonomy":"category","embeddable":true,"href":"https:\/\/tvbrazilusa.com\/pt\/wp-json\/wp\/v2\/categories?post=43672"},{"taxonomy":"post_tag","embeddable":true,"href":"https:\/\/tvbrazilusa.com\/pt\/wp-json\/wp\/v2\/tags?post=43672"}],"curies":[{"name":"wp","href":"https:\/\/api.w.org\/{rel}","templated":true}]}}