{"id":43695,"date":"2024-10-01T13:27:37","date_gmt":"2024-10-01T13:27:37","guid":{"rendered":"https:\/\/tvbrazilusa.com\/2024\/10\/01\/homem-de-terryville-acusado-apos-denunciar-falsamente-veiculo-roubado\/"},"modified":"2024-10-01T13:43:36","modified_gmt":"2024-10-01T13:43:36","slug":"homem-de-terryville-acusado-apos-denunciar-falsamente-veiculo-roubado","status":"publish","type":"post","link":"https:\/\/tvbrazilusa.com\/pt\/2024\/10\/01\/homem-de-terryville-acusado-apos-denunciar-falsamente-veiculo-roubado\/","title":{"rendered":"Homem de Terryville acusado ap\u00f3s denunciar falsamente ve\u00edculo roubado"},"content":{"rendered":"<script async src=\"https:\/\/pagead2.googlesyndication.com\/pagead\/js\/adsbygoogle.js?client=ca-pub-8864793242727901\"\r\n     crossorigin=\"anonymous\"><\/script>\n<p>TERRYVILLE, Connecticut (WTNH) \u2013 Um homem de Terryville foi preso e acusado na segunda-feira ap\u00f3s denunciar falsamente um ve\u00edculo roubado \u00e0 pol\u00edcia no in\u00edcio de julho, de acordo com a pol\u00edcia. <\/p>\n<p>Em 3 de julho, Whiszim Alli, de Terryville, relatou que seu Dodge Challenger 2018 foi roubado de sua garagem durante a noite. Segundo a pol\u00edcia, o Dodge Challenger valia cerca de US$ 80 mil e era segurado pela Geico.  <\/p>\n<p>A pol\u00edcia disse que o carro estava equipado com um dispositivo de rastreamento que, quando ativado, poderia alertar a empresa e as autoridades sobre a localiza\u00e7\u00e3o do carro, mas durante a investiga\u00e7\u00e3o Alli n\u00e3o ativou o dispositivo de rastreamento. <\/p>\n<div class=\"nlp-ignore-block article-content rich-text\">\n<aside class=\"promo-link\">\n\t<a href=\"https:\/\/www.wtnh.com\/news\/connecticut\/hartford\/connecticut-prison-system-under-fire-for-alleged-inhumane-conditions\/?ipid=promo-link-block1\" class=\"promo-link__link\"><\/p>\n<p>\t\tSistema prisional de Connecticut sob ataque por supostas condi\u00e7\u00f5es \u201cdesumanas\u201d\t<\/a><br \/>\n<\/aside>\n<\/div>\n<p>Quando a pol\u00edcia entrou em contato com a empresa, foi dito que ela precisava fazer o upload de documentos para que o rastreamento come\u00e7asse imediatamente, mas isso nunca foi feito. <\/p>\n<p>A pol\u00edcia disse que no dia 17 de setembro, durante uma entrevista formal, Alli admitiu que o carro nunca foi roubado, mas sim escondido em sua garagem o tempo todo. <\/p>\n<p>O carro tinha um grande problema mec\u00e2nico que custaria at\u00e9 US$ 20 mil para consertar e Alli queria usar o dinheiro do seguro para consertar o carro e depois us\u00e1-lo como show car no futuro e n\u00e3o registr\u00e1-lo, segundo a pol\u00edcia. <\/p>\n<p>A pol\u00edcia conseguiu encontrar o carro na casa de Alli. <\/p>\n<p>Alli foi preso com mandado ativo em 30 de setembro. Ele foi acusado de tentativa criminosa de cometer fraude de seguro e de denunciar falsamente o roubo de um ve\u00edculo motorizado.<\/p>\n<p>Alli foi libertada sob fian\u00e7a de US$ 5.000 e deve comparecer ao Tribunal Superior da Nova Gr\u00e3-Bretanha em 29 de outubro. <\/p>\n<p><br \/>\n<br \/><a href=\"https:\/\/www.wtnh.com\/news\/connecticut\/litchfield\/terryville-man-charged-after-falsely-reporting-stolen-vehicle\/\">Source link <\/a><\/p>","protected":false},"excerpt":{"rendered":"<p>TERRYVILLE, Connecticut (WTNH) \u2013 Um homem de Terryville foi preso e acusado na segunda-feira ap\u00f3s denunciar falsamente um ve\u00edculo roubado \u00e0 pol\u00edcia no in\u00edcio de julho, de acordo com a&hellip;<\/p>","protected":false},"author":1,"featured_media":43356,"comment_status":"closed","ping_status":"open","sticky":false,"template":"","format":"standard","meta":{"content-type":"","footnotes":""},"categories":[1],"tags":[],"class_list":["post-43695","post","type-post","status-publish","format-standard","has-post-thumbnail","hentry","category-uncategorized"],"_links":{"self":[{"href":"https:\/\/tvbrazilusa.com\/pt\/wp-json\/wp\/v2\/posts\/43695","targetHints":{"allow":["GET"]}}],"collection":[{"href":"https:\/\/tvbrazilusa.com\/pt\/wp-json\/wp\/v2\/posts"}],"about":[{"href":"https:\/\/tvbrazilusa.com\/pt\/wp-json\/wp\/v2\/types\/post"}],"author":[{"embeddable":true,"href":"https:\/\/tvbrazilusa.com\/pt\/wp-json\/wp\/v2\/users\/1"}],"replies":[{"embeddable":true,"href":"https:\/\/tvbrazilusa.com\/pt\/wp-json\/wp\/v2\/comments?post=43695"}],"version-history":[{"count":1,"href":"https:\/\/tvbrazilusa.com\/pt\/wp-json\/wp\/v2\/posts\/43695\/revisions"}],"predecessor-version":[{"id":43696,"href":"https:\/\/tvbrazilusa.com\/pt\/wp-json\/wp\/v2\/posts\/43695\/revisions\/43696"}],"wp:featuredmedia":[{"embeddable":true,"href":"https:\/\/tvbrazilusa.com\/pt\/wp-json\/wp\/v2\/media\/43356"}],"wp:attachment":[{"href":"https:\/\/tvbrazilusa.com\/pt\/wp-json\/wp\/v2\/media?parent=43695"}],"wp:term":[{"taxonomy":"category","embeddable":true,"href":"https:\/\/tvbrazilusa.com\/pt\/wp-json\/wp\/v2\/categories?post=43695"},{"taxonomy":"post_tag","embeddable":true,"href":"https:\/\/tvbrazilusa.com\/pt\/wp-json\/wp\/v2\/tags?post=43695"}],"curies":[{"name":"wp","href":"https:\/\/api.w.org\/{rel}","templated":true}]}}