{"id":43697,"date":"2024-10-01T13:54:30","date_gmt":"2024-10-01T13:54:30","guid":{"rendered":"https:\/\/tvbrazilusa.com\/2024\/10\/01\/aneel-solicita-a-justica-que-rejeite-a-venda-compulsoria-da-amazonas-energia-para-os-irmaos-batista\/"},"modified":"2024-10-01T13:54:31","modified_gmt":"2024-10-01T13:54:31","slug":"aneel-solicita-a-justica-que-rejeite-a-venda-compulsoria-da-amazonas-energia-para-os-irmaos-batista","status":"publish","type":"post","link":"https:\/\/tvbrazilusa.com\/pt\/2024\/10\/01\/aneel-solicita-a-justica-que-rejeite-a-venda-compulsoria-da-amazonas-energia-para-os-irmaos-batista\/","title":{"rendered":"Aneel solicita \u00e0 Justi\u00e7a que rejeite a venda compuls\u00f3ria da Amazonas Energia para os irm\u00e3os Batista"},"content":{"rendered":"<p> <script async src=\"https:\/\/pagead2.googlesyndication.com\/pagead\/js\/adsbygoogle.js?client=ca-pub-8864793242727901\"\r\n     crossorigin=\"anonymous\"><\/script><br \/>\n<\/p>\n<div id=\"taboola-read-more\" style=\"display:block; width:100%\">\n<p>A Ag\u00eancia Nacional de Energia El\u00e9trica (Aneel) pediu \u00e0 Justi\u00e7a Federal do Amazonas que rejeite a a\u00e7\u00e3o movida pela Amazonas Energia, distribuidora de energia do Estado, que persiste na venda da companhia para os irm\u00e3os Joesley e Wesley Batista, do Grupo J&#038;F.\n<\/p>\n<p>A Aneel tamb\u00e9m pediu \u00e0 Justi\u00e7a que reveja a decis\u00e3o anterior que obrigava a ag\u00eancia a transferir a empresa para o grupo. A empresa qualifica como ilegais os pedidos de afastamento e pris\u00e3o de seus diretores, realizados pela Amazonas Energia.<\/p>\n<p>A \u00c2mbar, empresa do Grupo J&#038;F, controlado pelos irm\u00e3os Batista, tenta assumir a Amazonas Energia depois de receber benef\u00edcios do governo Luiz In\u00e1cio Lula da Silva por meio de uma medida provis\u00f3ria. A Justi\u00e7a Federal do Amazonas ordenou \u00e0 Aneel que aceitasse o plano, de maneira a contrariar a an\u00e1lise t\u00e9cnica da ag\u00eancia. A Aneel n\u00e3o autorizou a transfer\u00eancia.\n<\/p>\n<p>A ag\u00eancia estimou um custo de R$ 16 bilh\u00f5es para os consumidores de todo o Brasil caso a proposta original dos irm\u00e3os Batista fosse aprovada.\n<\/p>\n<p><strong>A Amazonas Energia insiste<\/strong><br \/>A Amazonas Energia submeteu um novo pedido para insistir na a\u00e7\u00e3o, a fim de transferir seu controle acion\u00e1rio para a \u00c2mbar com base em uma nova proposta, estimada em R$ 14 bilh\u00f5es, para a conta de luz dos brasileiros.\n<\/p>\n<p>O processo est\u00e1 sob a responsabilidade da ju\u00edza Jaiza Maria Pinto Fraxe. A Aneel argumentou que o novo pedido da Amazonas Energia busca uma nova decis\u00e3o judicial, e n\u00e3o o cumprimento da anterior, pois se baseia na nova proposta do Grupo J&#038;F.\n<\/p>\n<p>A Aneel declarou, no pedido \u00e0 Justi\u00e7a do Amazonas, que \u00e9 \u201ccompletamente ilegal o pleito de afastamento como medida coercitiva at\u00edpica\u201d e que a pris\u00e3o dos diretores tamb\u00e9m contraria a legisla\u00e7\u00e3o. A medida que favorece a venda da Amazonas Energia \u00e9 v\u00e1lida at\u00e9 10 de outubro.\n<\/p>\n<p>A ag\u00eancia tamb\u00e9m solicitou que seja estabelecido um \u201cprazo razo\u00e1vel\u201d para que a diretoria analise tecnicamente a nova proposta dos irm\u00e3os Batista e possa decidir sobre a transfer\u00eancia. O pedido foi apresentado pela Advocacia-Geral da Uni\u00e3o (AGU), que representa a Aneel juridicamente. Isso causou discord\u00e2ncia entre os diretores da ag\u00eancia.\n<\/p>\n<p><strong>O imbr\u00f3glio dos irm\u00e3os Batista<\/strong><br \/>A Aneel recorreu da decis\u00e3o que obrigava a ag\u00eancia a transferir o controle da Amazonas Energia para os irm\u00e3os Batista. O desembargador Newton Ramos, do Tribunal Regional Federal da 1\u00aa Regi\u00e3o, recebeu a a\u00e7\u00e3o, mas se declarou suspeito e impedido de julgar.\n<\/p>\n<p>Na sexta-feira 6, os diretores da Aneel criticaram a decis\u00e3o judicial que obrigava a transfer\u00eancia de controle. O diretor-geral da ag\u00eancia, Sandoval Feitosa, responsabilizou o governo Lula pela falta de indica\u00e7\u00e3o de um diretor para a vaga aberta, que poderia desempatar essa e outras an\u00e1lises.\n<\/p>\n<p>O Minist\u00e9rio de Minas e Energia, por sua vez, afirmou que o impasse na Aneel ocorreu devido a \u201cdecis\u00f5es deliberadas de diretores de descumprirem senten\u00e7a proferida por ju\u00edza federal, em total afronta \u00e0 lei, ao Estado Democr\u00e1tico de Direito e ao Poder Judici\u00e1rio\u201d.\n<\/p>\n<p>Fonte: Revista Oeste <\/p>\n<\/div>\n<p><br \/>\n<br \/><a href=\"https:\/\/diariodobrasilnoticias.com.br\/noticia\/aneel-solicita-a-justica-que-rejeite-a-venda-compulsoria-da-amazonas-energia-para-os-irmaos-batista-66fbd0740d2d5\">Source link <\/a><\/p>","protected":false},"excerpt":{"rendered":"<p>A Ag\u00eancia Nacional de Energia El\u00e9trica (Aneel) pediu \u00e0 Justi\u00e7a Federal do Amazonas que rejeite a a\u00e7\u00e3o movida pela Amazonas Energia, distribuidora de energia do Estado, que persiste na venda&hellip;<\/p>","protected":false},"author":1,"featured_media":43698,"comment_status":"closed","ping_status":"open","sticky":false,"template":"","format":"standard","meta":{"content-type":"","footnotes":""},"categories":[16],"tags":[123,2448,5313,1267],"class_list":["post-43697","post","type-post","status-publish","format-standard","has-post-thumbnail","hentry","category-noticias","tag-brasil","tag-diario","tag-noticia","tag-noticias"],"_links":{"self":[{"href":"https:\/\/tvbrazilusa.com\/pt\/wp-json\/wp\/v2\/posts\/43697","targetHints":{"allow":["GET"]}}],"collection":[{"href":"https:\/\/tvbrazilusa.com\/pt\/wp-json\/wp\/v2\/posts"}],"about":[{"href":"https:\/\/tvbrazilusa.com\/pt\/wp-json\/wp\/v2\/types\/post"}],"author":[{"embeddable":true,"href":"https:\/\/tvbrazilusa.com\/pt\/wp-json\/wp\/v2\/users\/1"}],"replies":[{"embeddable":true,"href":"https:\/\/tvbrazilusa.com\/pt\/wp-json\/wp\/v2\/comments?post=43697"}],"version-history":[{"count":1,"href":"https:\/\/tvbrazilusa.com\/pt\/wp-json\/wp\/v2\/posts\/43697\/revisions"}],"predecessor-version":[{"id":43699,"href":"https:\/\/tvbrazilusa.com\/pt\/wp-json\/wp\/v2\/posts\/43697\/revisions\/43699"}],"wp:featuredmedia":[{"embeddable":true,"href":"https:\/\/tvbrazilusa.com\/pt\/wp-json\/wp\/v2\/media\/43698"}],"wp:attachment":[{"href":"https:\/\/tvbrazilusa.com\/pt\/wp-json\/wp\/v2\/media?parent=43697"}],"wp:term":[{"taxonomy":"category","embeddable":true,"href":"https:\/\/tvbrazilusa.com\/pt\/wp-json\/wp\/v2\/categories?post=43697"},{"taxonomy":"post_tag","embeddable":true,"href":"https:\/\/tvbrazilusa.com\/pt\/wp-json\/wp\/v2\/tags?post=43697"}],"curies":[{"name":"wp","href":"https:\/\/api.w.org\/{rel}","templated":true}]}}