{"id":43703,"date":"2024-10-01T14:19:29","date_gmt":"2024-10-01T14:19:29","guid":{"rendered":"https:\/\/tvbrazilusa.com\/2024\/10\/01\/israel-inicia-operacao-por-terra-contra-o-hezbollah-no-libano-paulo-figueiredo\/"},"modified":"2024-10-01T14:20:30","modified_gmt":"2024-10-01T14:20:30","slug":"israel-inicia-operacao-por-terra-contra-o-hezbollah-no-libano-paulo-figueiredo","status":"publish","type":"post","link":"https:\/\/tvbrazilusa.com\/pt\/2024\/10\/01\/israel-inicia-operacao-por-terra-contra-o-hezbollah-no-libano-paulo-figueiredo\/","title":{"rendered":"Israel inicia opera\u00e7\u00e3o por terra contra o Hezbollah no L\u00edbano &#8211; Paulo Figueiredo"},"content":{"rendered":"<p> <script async src=\"https:\/\/pagead2.googlesyndication.com\/pagead\/js\/adsbygoogle.js?client=ca-pub-8864793242727901\"\r\n     crossorigin=\"anonymous\"><\/script><br \/>\n<\/p>\n<div id=\"wtr-content\" data-bg=\"#FFFFFF\" data-fg=\"#006d91\" data-width=\"25\" data-mute=\"1\" data-fgopacity=\"1.00\" data-mutedopacity=\"0.5\" data-placement=\"bottom\" data-placement-offset=\"0\" data-content-offset=\"262\" data-placement-touch=\"bottom\" data-placement-offset-touch=\"0\" data-transparent=\"\" data-shadow=\"0\" data-touch=\"1\" data-non-touch=\"1\" data-comments=\"0\" data-commentsbg=\"transparent\" data-location=\"page\" data-mutedfg=\"#006d91\" data-endfg=\"#006d91\" data-rtl=\"\">\n<p class=\"has-small-font-size\">Foto \u2013 divulga\u00e7\u00e3o FDI<\/p>\n<h3 class=\"wp-block-heading\">For\u00e7as de Defesa anunciaram ofensiva a alvos do grupo terrorista em \u00e1reas pr\u00f3ximas \u00e0 fronteira<\/h3>\n<p>O Ex\u00e9rcito de Israel anunciou nesta ter\u00e7a-feira, 1\u00ba, o in\u00edcio de uma opera\u00e7\u00e3o terrestre \u201climitada e localizada\u201d contra alvos do Hezbollah no sul do L\u00edbano. A ofensiva abre uma nova frente no conflito com o grupo terrorista iraniano.<\/p>\n<p>Em um comunicado breve, as\u00a0<strong>For\u00e7as de Defesa de Israel (FDI)<\/strong>\u00a0informaram que os militares estavam atacando alvos do Hezbollah em \u00e1reas pr\u00f3ximas \u00e0 fronteira israelense.<\/p>\n<p>A incurs\u00e3o, chamada de Opera\u00e7\u00e3o Flechas do Norte, tem o objetivo de atingir locais que \u201crepresentam uma amea\u00e7a imediata \u00e0s comunidades israelenses no norte de Israel\u201d.<\/p>\n<p>Segundo as FDI, unidades da for\u00e7a a\u00e9rea e de artilharia apoiam as for\u00e7as terrestres na incurs\u00e3o. \u201cEsses alvos est\u00e3o localizados em vilarejos pr\u00f3ximos \u00e0 fronteira e representam uma amea\u00e7a imediata \u00e0s comunidades israelenses no norte de Israel\u201d, diz o comunicado.<\/p>\n<p>J\u00e1 o Ex\u00e9rcito liban\u00eas reposicionou suas tropas no sul do pa\u00eds, na fronteira com Israel, disse um oficial militar \u00e0 ag\u00eancia de not\u00edcias AFP.<\/p>\n<p>Em resposta, o Hezbollah declarou que estava atacando movimentos de tropas israelenses em cidades na fronteira libanesa.<\/p>\n<p>Durante a ofensiva, sirenes de ataque a\u00e9reo que alertam sobre o lan\u00e7amento de foguetes vindos do L\u00edbano tamb\u00e9m dispararam no centro do pa\u00eds, inclusive nos sub\u00farbios de Tel-Aviv.<\/p>\n<h3 class=\"wp-block-heading\">Israel alertou moradores do L\u00edbano antes de ofensiva<\/h3>\n<p>O Ex\u00e9rcito de Israel tamb\u00e9m emitiu um \u201caviso urgente\u201d aos moradores do sul do L\u00edbano, pedindo para que n\u00e3o dirigissem ve\u00edculos para o sul do Rio Litani.<\/p>\n<p><strong><a href=\"https:\/\/revistaoeste.com\/mundo\/israel-inicia-operacao-por-terra-contra-o-hezbollah-no-libano\/\">Source link<\/a><\/strong><\/p>\n<\/div>\n<p><br \/>\n<br \/><a href=\"https:\/\/paulofigueiredoshow.com\/israel-inicia-operacao-por-terra-contra-o-hezbollah-no-libano\/\">Source link <\/a><\/p>","protected":false},"excerpt":{"rendered":"<p>Foto \u2013 divulga\u00e7\u00e3o FDI For\u00e7as de Defesa anunciaram ofensiva a alvos do grupo terrorista em \u00e1reas pr\u00f3ximas \u00e0 fronteira O Ex\u00e9rcito de Israel anunciou nesta ter\u00e7a-feira, 1\u00ba, o in\u00edcio de&hellip;<\/p>","protected":false},"author":1,"featured_media":43704,"comment_status":"closed","ping_status":"open","sticky":false,"template":"","format":"standard","meta":{"content-type":"","footnotes":""},"categories":[16],"tags":[2959,2961,1688,108],"class_list":["post-43703","post","type-post","status-publish","format-standard","has-post-thumbnail","hentry","category-noticias","tag-fdi","tag-hezbollah","tag-militares","tag-por"],"_links":{"self":[{"href":"https:\/\/tvbrazilusa.com\/pt\/wp-json\/wp\/v2\/posts\/43703","targetHints":{"allow":["GET"]}}],"collection":[{"href":"https:\/\/tvbrazilusa.com\/pt\/wp-json\/wp\/v2\/posts"}],"about":[{"href":"https:\/\/tvbrazilusa.com\/pt\/wp-json\/wp\/v2\/types\/post"}],"author":[{"embeddable":true,"href":"https:\/\/tvbrazilusa.com\/pt\/wp-json\/wp\/v2\/users\/1"}],"replies":[{"embeddable":true,"href":"https:\/\/tvbrazilusa.com\/pt\/wp-json\/wp\/v2\/comments?post=43703"}],"version-history":[{"count":1,"href":"https:\/\/tvbrazilusa.com\/pt\/wp-json\/wp\/v2\/posts\/43703\/revisions"}],"predecessor-version":[{"id":43705,"href":"https:\/\/tvbrazilusa.com\/pt\/wp-json\/wp\/v2\/posts\/43703\/revisions\/43705"}],"wp:featuredmedia":[{"embeddable":true,"href":"https:\/\/tvbrazilusa.com\/pt\/wp-json\/wp\/v2\/media\/43704"}],"wp:attachment":[{"href":"https:\/\/tvbrazilusa.com\/pt\/wp-json\/wp\/v2\/media?parent=43703"}],"wp:term":[{"taxonomy":"category","embeddable":true,"href":"https:\/\/tvbrazilusa.com\/pt\/wp-json\/wp\/v2\/categories?post=43703"},{"taxonomy":"post_tag","embeddable":true,"href":"https:\/\/tvbrazilusa.com\/pt\/wp-json\/wp\/v2\/tags?post=43703"}],"curies":[{"name":"wp","href":"https:\/\/api.w.org\/{rel}","templated":true}]}}