{"id":43712,"date":"2024-10-01T14:48:49","date_gmt":"2024-10-01T14:48:49","guid":{"rendered":"https:\/\/tvbrazilusa.com\/2024\/10\/01\/milhares-de-pacientes-da-baptist-health-manterao-a-cobertura-do-acordo-florida-blue-jacksonville-today\/"},"modified":"2024-10-01T15:05:58","modified_gmt":"2024-10-01T15:05:58","slug":"milhares-de-pacientes-da-baptist-health-manterao-a-cobertura-do-acordo-florida-blue-jacksonville-today","status":"publish","type":"post","link":"https:\/\/tvbrazilusa.com\/pt\/2024\/10\/01\/milhares-de-pacientes-da-baptist-health-manterao-a-cobertura-do-acordo-florida-blue-jacksonville-today\/","title":{"rendered":"Milhares de pacientes da Baptist Health manter\u00e3o a cobertura do acordo Florida Blue &#8211; Jacksonville Today"},"content":{"rendered":"<p> <script async src=\"https:\/\/pagead2.googlesyndication.com\/pagead\/js\/adsbygoogle.js?client=ca-pub-8864793242727901\"\r\n     crossorigin=\"anonymous\"><\/script><br \/>\n<\/p>\n<div>\n<p>Com apenas algumas horas de sobra, <a href=\"https:\/\/www.baptistjax.com\/\" rel=\"nofollow noopener\" target=\"_blank\">Sa\u00fade Batista<\/a> e <a href=\"https:\/\/www.floridablue.com\/\" rel=\"nofollow noopener\" target=\"_blank\">Fl\u00f3rida Azul<\/a> chegou a um acordo na ter\u00e7a-feira em uma disputa que afeta os cuidados de sa\u00fade de milhares de pessoas no nordeste da Fl\u00f3rida.<\/p>\n<p>O acordo significa que at\u00e9 50.000 residentes poder\u00e3o continuar a usar o Baptist como fornecedor da rede num futuro pr\u00f3ximo.<\/p>\n<p>Sua cobertura de rede <a href=\"https:\/\/jaxtoday.org\/2024\/09\/15\/florida-blue-baptist-negotiations-stall-as-deadline-approaches\/\">teria terminado<\/a> \u00e0 meia-noite sem acordo.<\/p>\n<p>O maior sistema de sa\u00fade do nordeste da Fl\u00f3rida e seu maior provedor de seguro sa\u00fade passaram meses negociando um contrato que delinearia quanto Florida Blue reembolsaria Baptist pelos custos de sa\u00fade.<\/p>\n<p>Custos de sa\u00fade <a href=\"https:\/\/jaxtoday.org\/2024\/01\/12\/costs-overwhelm-uf-health-in-care-for-poor-and-inmates\/\">aumentaram<\/a> em todo o pa\u00eds desde o in\u00edcio da pandemia de COVID-19.<\/p>\n<p>Uma an\u00e1lise realizada em Julho pela empresa de consultoria de cuidados de sa\u00fade Kaufman Hall concluiu que os custos laborais e n\u00e3o laborais para os hospitais em todo o pa\u00eds aumentaram 19% desde 2021. Os medicamentos e os fornecimentos prescritos aumentaram 21% e 22%, respectivamente, nesse per\u00edodo.<\/p>\n<\/div>\n<p><br \/>\n<br \/><a href=\"https:\/\/jaxtoday.org\/2024\/10\/01\/baptist-health-florida-blue-deal\/\">Source link <\/a><\/p>","protected":false},"excerpt":{"rendered":"<p>Com apenas algumas horas de sobra, Sa\u00fade Batista e Fl\u00f3rida Azul chegou a um acordo na ter\u00e7a-feira em uma disputa que afeta os cuidados de sa\u00fade de milhares de pessoas&hellip;<\/p>","protected":false},"author":1,"featured_media":43713,"comment_status":"closed","ping_status":"open","sticky":false,"template":"","format":"standard","meta":{"content-type":"","footnotes":""},"categories":[1],"tags":[],"class_list":["post-43712","post","type-post","status-publish","format-standard","has-post-thumbnail","hentry","category-uncategorized"],"_links":{"self":[{"href":"https:\/\/tvbrazilusa.com\/pt\/wp-json\/wp\/v2\/posts\/43712","targetHints":{"allow":["GET"]}}],"collection":[{"href":"https:\/\/tvbrazilusa.com\/pt\/wp-json\/wp\/v2\/posts"}],"about":[{"href":"https:\/\/tvbrazilusa.com\/pt\/wp-json\/wp\/v2\/types\/post"}],"author":[{"embeddable":true,"href":"https:\/\/tvbrazilusa.com\/pt\/wp-json\/wp\/v2\/users\/1"}],"replies":[{"embeddable":true,"href":"https:\/\/tvbrazilusa.com\/pt\/wp-json\/wp\/v2\/comments?post=43712"}],"version-history":[{"count":1,"href":"https:\/\/tvbrazilusa.com\/pt\/wp-json\/wp\/v2\/posts\/43712\/revisions"}],"predecessor-version":[{"id":43714,"href":"https:\/\/tvbrazilusa.com\/pt\/wp-json\/wp\/v2\/posts\/43712\/revisions\/43714"}],"wp:featuredmedia":[{"embeddable":true,"href":"https:\/\/tvbrazilusa.com\/pt\/wp-json\/wp\/v2\/media\/43713"}],"wp:attachment":[{"href":"https:\/\/tvbrazilusa.com\/pt\/wp-json\/wp\/v2\/media?parent=43712"}],"wp:term":[{"taxonomy":"category","embeddable":true,"href":"https:\/\/tvbrazilusa.com\/pt\/wp-json\/wp\/v2\/categories?post=43712"},{"taxonomy":"post_tag","embeddable":true,"href":"https:\/\/tvbrazilusa.com\/pt\/wp-json\/wp\/v2\/tags?post=43712"}],"curies":[{"name":"wp","href":"https:\/\/api.w.org\/{rel}","templated":true}]}}