{"id":43775,"date":"2024-10-01T18:30:00","date_gmt":"2024-10-01T18:30:00","guid":{"rendered":"https:\/\/tvbrazilusa.com\/2024\/10\/01\/a-conta-de-energia-eletrica-tera-um-aumento-a-partir-desta-terca-feira\/"},"modified":"2024-10-01T18:30:01","modified_gmt":"2024-10-01T18:30:01","slug":"a-conta-de-energia-eletrica-tera-um-aumento-a-partir-desta-terca-feira","status":"publish","type":"post","link":"https:\/\/tvbrazilusa.com\/pt\/2024\/10\/01\/a-conta-de-energia-eletrica-tera-um-aumento-a-partir-desta-terca-feira\/","title":{"rendered":"A conta de energia el\u00e9trica ter\u00e1 um aumento a partir desta ter\u00e7a-feira."},"content":{"rendered":"<p> <script async src=\"https:\/\/pagead2.googlesyndication.com\/pagead\/js\/adsbygoogle.js?client=ca-pub-8864793242727901\"\r\n     crossorigin=\"anonymous\"><\/script><br \/>\n<\/p>\n<div id=\"taboola-read-more\" style=\"display:block; width:100%\">\n<p>A conta de energia el\u00e9trica fica mais cara a partir desta ter\u00e7a-feira (1\u00ba), com o acionamento da bandeira vermelha patamar 2, o est\u00e1gio tarif\u00e1rio mais alto do sistema da Ag\u00eancia Nacional de Energia El\u00e9trica (Aneel). Com a medida, o pre\u00e7o para cada 100 quilowatts-hora consumidos passa de R$ 4,463 para R$ 7,877.\n<\/p>\n<p>A decis\u00e3o foi anunciada na \u00faltima sexta-feira (27) em nota da Aneel, em consequ\u00eancia do risco hidrol\u00f3gico, com reservat\u00f3rios baixos, e a eleva\u00e7\u00e3o do pre\u00e7o da energia no mercado, impactada pelo custo do que foi produzido e n\u00e3o contratado.<\/p>\n<p>O sistema de bandeiras tarif\u00e1rias \u00e9 composto pelas cores verde, amarelo e vermelho, em patamares 1 e 2. A cor verde patamar 1 significa tarifa sem custo extra.\n<\/p>\n<p>A bandeira vermelha patamar 1 estava em vigor desde setembro, ap\u00f3s um per\u00edodo em que a bandeira verde patamar 1, a mais barata do sistema, prevaleceu por v\u00e1rios meses do ano.\n<\/p>\n<p>De acordo com a ag\u00eancia, o sistema de bandeiras tarif\u00e1rias \u00e9 uma forma de tornar a cobran\u00e7a complementar mais transparente aos consumidores de energia el\u00e9trica conectados ao Sistema Interligado Nacional (SIN). Criado em 2015, ele indica os custos da gera\u00e7\u00e3o de energia no Brasil e possibilita adapta\u00e7\u00f5es no consumo para redu\u00e7\u00e3o no valor da conta de luz.\n<\/p>\n<p>Com informa\u00e7\u00f5es de Ag\u00eancia Brasil <\/p>\n<\/div>\n<p><br \/>\n<br \/><a href=\"https:\/\/diariodobrasilnoticias.com.br\/noticia\/a-conta-de-energia-eletrica-tera-um-aumento-a-partir-desta-terca-feira-66fc154ec8e20\">Source link <\/a><\/p>","protected":false},"excerpt":{"rendered":"<p>A conta de energia el\u00e9trica fica mais cara a partir desta ter\u00e7a-feira (1\u00ba), com o acionamento da bandeira vermelha patamar 2, o est\u00e1gio tarif\u00e1rio mais alto do sistema da Ag\u00eancia&hellip;<\/p>","protected":false},"author":1,"featured_media":43776,"comment_status":"closed","ping_status":"open","sticky":false,"template":"","format":"standard","meta":{"content-type":"","footnotes":""},"categories":[16],"tags":[123,2448,5313,1267],"class_list":["post-43775","post","type-post","status-publish","format-standard","has-post-thumbnail","hentry","category-noticias","tag-brasil","tag-diario","tag-noticia","tag-noticias"],"_links":{"self":[{"href":"https:\/\/tvbrazilusa.com\/pt\/wp-json\/wp\/v2\/posts\/43775","targetHints":{"allow":["GET"]}}],"collection":[{"href":"https:\/\/tvbrazilusa.com\/pt\/wp-json\/wp\/v2\/posts"}],"about":[{"href":"https:\/\/tvbrazilusa.com\/pt\/wp-json\/wp\/v2\/types\/post"}],"author":[{"embeddable":true,"href":"https:\/\/tvbrazilusa.com\/pt\/wp-json\/wp\/v2\/users\/1"}],"replies":[{"embeddable":true,"href":"https:\/\/tvbrazilusa.com\/pt\/wp-json\/wp\/v2\/comments?post=43775"}],"version-history":[{"count":1,"href":"https:\/\/tvbrazilusa.com\/pt\/wp-json\/wp\/v2\/posts\/43775\/revisions"}],"predecessor-version":[{"id":43777,"href":"https:\/\/tvbrazilusa.com\/pt\/wp-json\/wp\/v2\/posts\/43775\/revisions\/43777"}],"wp:featuredmedia":[{"embeddable":true,"href":"https:\/\/tvbrazilusa.com\/pt\/wp-json\/wp\/v2\/media\/43776"}],"wp:attachment":[{"href":"https:\/\/tvbrazilusa.com\/pt\/wp-json\/wp\/v2\/media?parent=43775"}],"wp:term":[{"taxonomy":"category","embeddable":true,"href":"https:\/\/tvbrazilusa.com\/pt\/wp-json\/wp\/v2\/categories?post=43775"},{"taxonomy":"post_tag","embeddable":true,"href":"https:\/\/tvbrazilusa.com\/pt\/wp-json\/wp\/v2\/tags?post=43775"}],"curies":[{"name":"wp","href":"https:\/\/api.w.org\/{rel}","templated":true}]}}