{"id":43797,"date":"2024-10-01T19:57:17","date_gmt":"2024-10-01T19:57:17","guid":{"rendered":"https:\/\/tvbrazilusa.com\/2024\/10\/01\/john-amos-icone-da-tv-de-nj-e-estrela-de-good-times-roots-e-coming-to-america-morre-aos-84-anos\/"},"modified":"2024-10-01T20:04:32","modified_gmt":"2024-10-01T20:04:32","slug":"john-amos-icone-da-tv-de-nj-e-estrela-de-good-times-roots-e-coming-to-america-morre-aos-84-anos","status":"publish","type":"post","link":"https:\/\/tvbrazilusa.com\/pt\/2024\/10\/01\/john-amos-icone-da-tv-de-nj-e-estrela-de-good-times-roots-e-coming-to-america-morre-aos-84-anos\/","title":{"rendered":"John Amos, \u00edcone da TV de NJ e estrela de &#8216;Good Times&#8217;, &#8216;Roots&#8217; e &#8216;Coming to America&#8217;, morre aos 84 anos"},"content":{"rendered":"<p> <script async src=\"https:\/\/pagead2.googlesyndication.com\/pagead\/js\/adsbygoogle.js?client=ca-pub-8864793242727901\"\r\n     crossorigin=\"anonymous\"><\/script><br \/>\n<\/p>\n<div>\n<p class=\"article__paragraph article__paragraph--left\" id=\"PDEMUY6P2RB25KZTIIYMCIZLHU\"><a href=\"https:\/\/www.nj.com\/entertainment\/2020\/10\/john-amos-on-coming-2-america-with-eddie-murphy-and-joining-nj-hall-of-fame.html\" target=\"_blank\" rel=\"noopener\">Jo\u00e3o Am\u00f3s<\/a>\u00edcone da TV e do cinema de Nova Jersey, morreu.<\/p>\n<p class=\"article__paragraph article__paragraph--left\" id=\"BMWWOT5FJJGDHGVY2VMWWOJFWY\">Am\u00f3s, o <a href=\"https:\/\/www.nj.com\/entertainment\/2020\/10\/john-amos-on-coming-2-america-with-eddie-murphy-and-joining-nj-hall-of-fame.html\" target=\"_blank\" rel=\"noopener\">Ator indicado ao Emmy<\/a> que estrelou \u201c<a href=\"https:\/\/www.nj.com\/entertainment\/2020\/10\/john-amos-on-coming-2-america-with-eddie-murphy-and-joining-nj-hall-of-fame.html\" target=\"_blank\" rel=\"noopener\">Bons tempos<\/a>\u201d, \u201c<a href=\"https:\/\/www.nj.com\/entertainment\/2020\/10\/john-amos-on-coming-2-america-with-eddie-murphy-and-joining-nj-hall-of-fame.html\" target=\"_blank\" rel=\"noopener\">Ra\u00edzes<\/a>\u201d, \u201c<a href=\"https:\/\/www.nj.com\/entertainment\/2020\/10\/john-amos-on-coming-2-america-with-eddie-murphy-and-joining-nj-hall-of-fame.html\" target=\"_blank\" rel=\"noopener\">Vindo para a Am\u00e9rica<\/a>\u201de mais, <a href=\"https:\/\/variety.com\/2024\/tv\/obituaries-people-news\/john-amos-dead-good-times-roots-1236161810\/\" target=\"_blank\" rel=\"noopener\">morreu<\/a> de causas naturais em Los Angeles <a href=\"https:\/\/variety.com\/2024\/tv\/obituaries-people-news\/john-amos-dead-good-times-roots-1236161810\/\" target=\"_blank\" rel=\"noopener\">21 de agosto<\/a>Relat\u00f3rios de variedades. Ele tinha 84 anos.<\/p>\n<p class=\"article__paragraph article__paragraph--left\" id=\"Y4WIYETFU5DJHEGO4NPI73NP2M\">\u201c\u00c9 com sincera tristeza que compartilho com voc\u00eas que meu pai fez a transi\u00e7\u00e3o\u201d, disse seu filho <a href=\"https:\/\/variety.com\/2024\/tv\/obituaries-people-news\/john-amos-dead-good-times-roots-1236161810\/\" target=\"_blank\" rel=\"noopener\">Kelly Christopher Amos<\/a> disse em um comunicado. \u201cEle era um homem com o cora\u00e7\u00e3o mais gentil e um cora\u00e7\u00e3o de ouro\u2026 e era amado em todo o mundo.\u201d<\/p>\n<p class=\"article__paragraph article__paragraph--left\" id=\"7INJ54ZC5BHKDPBQ4XRDMBNC6U\">\u201cMuitos f\u00e3s o consideram seu <a href=\"https:\/\/variety.com\/2024\/tv\/obituaries-people-news\/john-amos-dead-good-times-roots-1236161810\/\" target=\"_blank\" rel=\"noopener\">Pai da televis\u00e3o<\/a>\u201d, ele continuou. \u201cEle viveu uma vida boa. Seu legado viver\u00e1 em seus excelentes trabalhos na televis\u00e3o e no cinema como ator. Meu pai adorou trabalhar como ator durante toda a sua vida\u2026. mais recentemente em &#8216;Suits LA&#8217; interpretando a si mesmo e nosso document\u00e1rio sobre sua jornada de vida como ator, &#8216;America&#8217;s Dad&#8217;. Ele era meu pai, meu melhor amigo e meu her\u00f3i. Obrigado por suas ora\u00e7\u00f5es e apoio neste momento.\u201d<\/p>\n<p class=\"article__paragraph article__paragraph--left\" id=\"TNAWA2OZGJAJZIQJ4TSBLRLTD4\">Amos foi indicado ao Emmy por interpretar o adulto Kunta Kinte em \u201c<a href=\"https:\/\/youtu.be\/h7NABoP49gI\" target=\"_blank\" rel=\"noopener\">Ra\u00edzes<\/a>.\u201d<\/p>\n<figure class=\"article__image\">\n<div class=\"article__image-wrapper\"><picture><source media=\"(max-width: 500px)\" srcset=\"https:\/\/www.nj.com\/resizer\/v2\/V5AOHAZJMRCNLPUKRXZHSCEO6A.jpg?auth=20381a67abf649790e9d353e5d47f555f4e9e5c169813e22d4f2850e4067b367&#038;width=500&#038;quality=90 500w\"\/><source media=\"(max-width: 800px)\" srcset=\"https:\/\/www.nj.com\/resizer\/v2\/V5AOHAZJMRCNLPUKRXZHSCEO6A.jpg?auth=20381a67abf649790e9d353e5d47f555f4e9e5c169813e22d4f2850e4067b367&#038;width=800&#038;quality=90 800w\"\/><source srcset=\"https:\/\/www.nj.com\/resizer\/v2\/V5AOHAZJMRCNLPUKRXZHSCEO6A.jpg?auth=20381a67abf649790e9d353e5d47f555f4e9e5c169813e22d4f2850e4067b367&#038;width=1280&#038;quality=90 1280w\"\/><\/picture><figcaption class=\"article__image-caption\">\n<p class=\"article__mm-image-caption-text\">John Amos como o adulto Kunta Kinte em &#8220;Roots&#8221;. Ele foi indicado ao Emmy por sua atua\u00e7\u00e3o.<span class=\"article__mm-image-credit\">abc<\/span><\/p>\n<\/figcaption><\/div>\n<\/figure>\n<p class=\"article__paragraph article__paragraph--left\" id=\"YP4MOBFWPBFXHCG62SGOAWTOMM\">A inovadora miniss\u00e9rie vencedora do Emmy de 1977, baseada no livro de Alex Haley, centrada em Kinte, interpretado por LeVar Burton quando adolescente, que \u00e9 capturado na \u00c1frica e vendido como escravo. <a href=\"https:\/\/variety.com\/2024\/tv\/obituaries-people-news\/john-amos-dead-good-times-roots-1236161810\/\" target=\"_blank\" rel=\"noopener\">Mais de 130 milh\u00f5es de pessoas<\/a> \u2013 mais da metade da popula\u00e7\u00e3o dos EUA na \u00e9poca \u2013 assistiu \u00e0 s\u00e9rie. O final de \u201cRoots\u201d foi a terceira transmiss\u00e3o de TV mais assistida da hist\u00f3ria e o segundo final mais assistido.<\/p>\n<p class=\"article__paragraph article__paragraph--left\" id=\"NQFAFBLCMJH5FIYIUH6EUILRNQ\">Amos, que interpretou Cleo McDowell, propriet\u00e1ria da McDowell&#8217;s no cl\u00e1ssico de Eddie Murphy de 1988, \u201cComing to America\u201d, reprisou seu papel na sequ\u00eancia de 2020, \u201cComing 2 America\u201d. Ele falou com a NJ Advance Media antes da estreia do filme e de sua introdu\u00e7\u00e3o no Hall da Fama de Nova Jersey naquele ano.<\/p>\n<p class=\"article__paragraph article__paragraph--left\" id=\"7GNZKUDNXFFULJPODP3MOZLBBI\"><a href=\"https:\/\/www.nj.com\/entertainment\/2020\/10\/john-amos-on-coming-2-america-with-eddie-murphy-and-joining-nj-hall-of-fame.html\" target=\"_blank\" rel=\"noopener\"><b>MAIS: Entrevista com John Amos &#8211; ator fala sobre &#8216;Coming 2 America&#8217; com Eddie Murphy e se junta ao Hall da Fama de NJ<\/b><\/a><\/p>\n<p class=\"article__paragraph article__paragraph--left\" id=\"2MGD676DVJDQLASGPFB37CNQWM\">O ator, que nasceu em Newark, cresceu em East Orange e morou em Tewksbury antes de se mudar para Westcliffe, Colorado. <\/p>\n<p class=\"article__paragraph article__paragraph--left\" id=\"GIJMWIIGJ5HK7MGAMEN26G6QCQ\">\u201cMinhas lembran\u00e7as do ensino m\u00e9dio s\u00e3o as que mais gosto\u201d, disse Amos. \u201cEra uma escola maravilhosa para se estudar, East Orange High School. Foi uma escola excelente academicamente, bem como do ponto de vista atl\u00e9tico. Eles ofereceram praticamente todos os esportes e parec\u00edamos sempre nos sair bem.\u201d<\/p>\n<p class=\"article__paragraph article__paragraph--left\" id=\"FAA3JCCE4RDF3KQB7IRDLWH6HQ\">Na d\u00e9cada de 1950, foi jogador do <a href=\"https:\/\/www.nj.com\/entertainment\/2020\/10\/john-amos-on-coming-2-america-with-eddie-murphy-and-joining-nj-hall-of-fame.html\" target=\"_blank\" rel=\"noopener\">Panteras da Laranja Oriental<\/a> (o \u00edcone da m\u00fasica Dionne Warwick era uma l\u00edder de torcida l\u00e1).<\/p>\n<p class=\"article__paragraph article__paragraph--left\" id=\"FAA3JCCE4RDF3KQB7IRDLWH6HQ\">Antes de sua carreira como ator, Amos era jogador de futebol. <\/p>\n<figure class=\"article__image\">\n<div class=\"article__image-wrapper\"><picture><source media=\"(max-width: 500px)\" srcset=\"https:\/\/www.nj.com\/resizer\/v2\/IRH6RFNBFJC2ZKDWTHTUDAZHCA.jpg?auth=7688fae69823c212eb46b8350e29ed73a4a2c3dc9c23391d0341b4cfc0ed32e9&#038;width=500&#038;quality=90 500w\"\/><source media=\"(max-width: 800px)\" srcset=\"https:\/\/www.nj.com\/resizer\/v2\/IRH6RFNBFJC2ZKDWTHTUDAZHCA.jpg?auth=7688fae69823c212eb46b8350e29ed73a4a2c3dc9c23391d0341b4cfc0ed32e9&#038;width=800&#038;quality=90 800w\"\/><source srcset=\"https:\/\/www.nj.com\/resizer\/v2\/IRH6RFNBFJC2ZKDWTHTUDAZHCA.jpg?auth=7688fae69823c212eb46b8350e29ed73a4a2c3dc9c23391d0341b4cfc0ed32e9&#038;width=1280&#038;quality=90 1280w\"\/><img loading=\"lazy\" src=\"https:\/\/www.nj.com\/resizer\/v2\/IRH6RFNBFJC2ZKDWTHTUDAZHCA.jpg?auth=7688fae69823c212eb46b8350e29ed73a4a2c3dc9c23391d0341b4cfc0ed32e9&#038;width=500&#038;quality=90\" sizes=\"auto, 50vw\" fetchpriority=\"low\" alt=\"J\u00c1\" decoding=\"async\" class=\"article__image-content\" height=\"600\" width=\"300\"\/><\/picture><figcaption class=\"article__image-caption\">\n<p class=\"article__mm-image-caption-text\">Amos, o patriarca da fam\u00edlia de \u201cGood Times\u201d, foi demitido do programa depois de discordar do produtor e dos roteiristas do programa sobre a dire\u00e7\u00e3o dos personagens. <span class=\"article__mm-image-credit\">CBS<\/span><\/p>\n<\/figcaption><\/div>\n<\/figure>\n<p class=\"article__paragraph article__paragraph--left\" id=\"UC3VTC7VJ5EBXJ66UTBOQVYMKY\">O membro da Guarda Nacional de Nova Jersey jogou pelo Colorado State Rams e pelo Jersey City Jets, bem como pelo Kansas City Chiefs na entressafra da NFL, antes de se tornar uma estrela de TV na d\u00e9cada de 1970 em \u201c<a href=\"https:\/\/www.nj.com\/entertainment\/2020\/10\/john-amos-on-coming-2-america-with-eddie-murphy-and-joining-nj-hall-of-fame.html\" target=\"_blank\" rel=\"noopener\">Ra\u00edzes<\/a>\u201d, \u201c<a href=\"https:\/\/www.nj.com\/entertainment\/2020\/10\/john-amos-on-coming-2-america-with-eddie-murphy-and-joining-nj-hall-of-fame.html\" target=\"_blank\" rel=\"noopener\">Bons tempos<\/a>&#8221; e &#8220;<a href=\"https:\/\/www.nj.com\/entertainment\/2020\/10\/john-amos-on-coming-2-america-with-eddie-murphy-and-joining-nj-hall-of-fame.html\" target=\"_blank\" rel=\"noopener\">O show de Mary Tyler Moore<\/a>.\u201d<\/p>\n<p class=\"article__paragraph article__paragraph--left\" id=\"6ZQRXYDLKNDX7CW55IKNZEO2W4\">Amos interpretou o meteorologista Gordy Howard em \u201cThe Mary Tyler Moore Show\u201d antes de estrelar como <a href=\"https:\/\/youtu.be\/Fg-ySHzeSO0\" target=\"_blank\" rel=\"noopener\">James Evans em \u201cBons Tempos\u201d<\/a> na CBS. Como pai da fam\u00edlia Evans de Chicago, ele liderou uma das primeiras com\u00e9dias com elenco negro. O personagem, originalmente chamado de Henry Evans, e sua esposa Florida Evans, interpretada por Esther Rolle, tiveram origem na s\u00e9rie \u201cMaude\u201d, spin-off de \u201cAll in the Family\u201d. <\/p>\n<p class=\"article__paragraph article__paragraph--left\" id=\"YI6FKBH5FRCWNCOSWWYBP7KXII\">\u201cGood Times\u201d foi exibido de 1974 a 1979, mas Amos foi <a href=\"https:\/\/www.youtube.com\/watch?v=30aFA0TmUOU\" target=\"_blank\" rel=\"noopener\">demitido do show em 1976<\/a> depois que o ator expressou obje\u00e7\u00f5es sobre o show. Ele questionou a representa\u00e7\u00e3o da fam\u00edlia negra e dos personagens da s\u00e9rie, que n\u00e3o tinha nenhum escritor negro. Na entrevista \u00e0 NJ Advance Media, Amos falou sobre seu conflito com o produtor executivo de \u201cGood Times\u201d <a href=\"https:\/\/www.nj.com\/entertainment\/2020\/10\/john-amos-on-coming-2-america-with-eddie-murphy-and-joining-nj-hall-of-fame.html\" target=\"_blank\" rel=\"noopener\">Norman Lear<\/a> (que tamb\u00e9m co-criou \u201cAll in the Family\u201d e \u201cMaude\u201d e tinha 101 anos quando <a href=\"https:\/\/www.nytimes.com\/2023\/12\/06\/arts\/television\/norman-lear-dead.html\" target=\"_blank\" rel=\"noopener\">morreu<\/a> em 2023). <\/p>\n<p class=\"article__paragraph article__paragraph--left\" id=\"MQ6EIWCGFVCJBDNNY72AD2UPG4\">\u201cTivemos nossas diferen\u00e7as, n\u00f3s as resolvemos\u201d, disse o ator. <\/p>\n<p class=\"article__paragraph article__paragraph--left\" id=\"PDIP42NDOZHGNIJ6VQQXWG45PI\">Em 2019, participou da encena\u00e7\u00e3o de \u201cGood Times\u201d de Lear para o programa \u201c<a href=\"https:\/\/abc.com\/shows\/live-in-front-of-a-studio-audience-all-in-the-family-and-good-times\" target=\"_blank\" rel=\"noopener\">Viva na frente de um p\u00fablico de est\u00fadio<\/a>.\u201d <a href=\"https:\/\/www.nj.com\/entertainment\/2023\/12\/nj-actor-andre-braugher-mourned-by-co-stars-from-homicide-life-on-the-street-brooklyn-nine-nine.html\" target=\"_blank\" rel=\"noopener\">Andr\u00e9 Braugher<\/a>o ator vencedor do Emmy de South Orange que morreu em 2023, interpretou James Evans e Amos interpretou o vereador Fred Davis (Viola Davis interpretou Florida Evans; Rolle morreu em 1998).<\/p>\n<p class=\"article__paragraph article__paragraph--left\" id=\"2NPXTK4MWZF43CMN6RFWVEW35U\">\u201cQuando fizemos o show de reuni\u00e3o, tive a oportunidade de expressar meu apre\u00e7o por Norman como produtor, como diretor e como ser humano\u201d, disse Amos \u00e0 NJ Advance Media. <\/p>\n<p class=\"article__paragraph article__paragraph--left\" id=\"CZUV7PKUYJGXZJ6JP7244E5R64\">\u201cEle \u00e9 um homem maravilhoso e, convenhamos, ele foi um inovador. Ele mudou a cara da televis\u00e3o para melhor com os programas que criou.\u201d<\/p>\n<p class=\"article__paragraph article__paragraph--left\" id=\"X32O7ELXU5HEBDN7EUGXEHMXBM\">Jimmie Walker, que interpretou James Evans Jr., tamb\u00e9m conhecido como \u201cJJ\u201d, voltou para a homenagem, assim como Bernnadette Stanis, conhecida por interpretar Thelma no show.<\/p>\n<p class=\"article__paragraph article__paragraph--left\" id=\"HCC2E4CAQRCJ5KZBMUM645YDEA\">\u201cFoi \u00f3timo estar na companhia deles novamente\u201d, disse Amos. \u201cEu n\u00e3o sabia se teria a chance de trabalhar com a maioria deles novamente em minha carreira. Ficamos todos felizes por nos reunirmos novamente e ver que todos ainda est\u00e3o fazendo isso.\u201d<\/p>\n<p class=\"article__paragraph article__paragraph--left\" id=\"LB3LEIJKIFHAPD6OPZIMP334CE\">Na d\u00e9cada de 2000, Amos era conhecido por interpretar Percy Fitzwallace, presidente do Estado-Maior Conjunto em \u201c<a href=\"https:\/\/youtu.be\/vN8U-TSbfwE\" target=\"_blank\" rel=\"noopener\">A Ala Oeste<\/a>.\u201d<\/p>\n<p class=\"article__paragraph article__paragraph--left\" id=\"UJVB3R3LHVDDXKFJXTEYCCSWKY\">Amos tamb\u00e9m apareceu no filme de sucesso de Adam Sandler de 2019, \u201cUncut Gems\u201d, dos irm\u00e3os Safdie, em um papel pequeno, mas memor\u00e1vel, como um vizinho que n\u00e3o deixa o filho de Sandler usar o banheiro. <\/p>\n<p class=\"article__paragraph article__paragraph--left\" id=\"63KIKH773NH2BIDHR26X7B6CIQ\">No palco, Amos apareceu ao lado de Phylicia Rashad em \u201c<a href=\"https:\/\/playbill.com\/article\/wilsons-gem-of-the-ocean-with-rashad-begins-nj-performances-oct-11-com-128527\" target=\"_blank\" rel=\"noopener\">Gema do Oceano<\/a>\u201dE escreveu e estrelou a pe\u00e7a de um homem s\u00f3\u201c<a href=\"https:\/\/playbill.com\/article\/john-amos-to-tour-in-1-man-halleys-comet-com-328779\" target=\"_blank\" rel=\"noopener\">Cometa Halley<\/a>.\u201d <\/p>\n<p class=\"article__paragraph article__paragraph--left\" id=\"IKETNKXDXNG5JEUJYNVR3RQWMY\">Seus outros cr\u00e9ditos incluem os filmes \u201cDie Hard 2\u2033 (1990) e \u201cThe Beastmaster\u201d (1982), e os programas de TV \u201cThe Fresh Prince of Bel-Air\u201d, com Will Smith, e \u201cIn the House\u201d, com LL Cool J. <\/p>\n<p class=\"article__paragraph article__paragraph--left\" id=\"J6CIGMMN35H3DM7J76OQNWWAEI\">As apari\u00e7\u00f5es recentes do ator, al\u00e9m de \u201cComing 2 America\u201d, incluem uma participa\u00e7\u00e3o especial em \u201cThe Righteous Gemstones\u201d da HBO em 2022, no filme brit\u00e2nico de 2023 \u201cThe Last Rifleman\u201d e no filme de 2022 de Kevin Hart e Mark Wahlberg \u201cMe Time\u201d. Ele tamb\u00e9m teve pap\u00e9is nas s\u00e9ries \u201cBallers\u201d e \u201cThe Last OG\u201d, e seu \u00faltimo papel na TV est\u00e1 previsto para ser \u201cSuits LA\u201d.<\/p>\n<p class=\"article__paragraph article__paragraph--left\" id=\"IKETNKXDXNG5JEUJYNVR3RQWMY\">Tamb\u00e9m ser\u00e1 lan\u00e7ado \u201cAmerica&#8217;s Dad\u201d, o document\u00e1rio que Amos fez com seu filho.<\/p>\n<section class=\"Stories-By-Author-module_wrapper__ezbcK Stories-By-Author-module_nj__Ap1-Y\"\/>\n<p class=\"article__paragraph article__paragraph--left\" id=\"W6TVVVKEFNDYLOKXJO4LRIJ5D4\"><i>Obrigado por ler. Por favor, considere apoiar <\/i><a href=\"http:\/\/nj.com\/\"><i>NJ.com<\/i><\/a><i> com uma assinatura.<\/i><\/p>\n<p class=\"article__paragraph article__paragraph--left\" id=\"DUDRAAG4WNAEZKONOMLQZOPSSQ\"><i>Amy Kuperinsky pode ser contatada em <\/i><a href=\"https:\/\/www.nj.com\/entertainment\/2024\/10\/mailto:akuperinsky@njadvancemedia.com\"><i>akuperinsky@njadvancemedia.com<\/i><\/a><i> e seguiu em <\/i><a href=\"http:\/\/www.twitter.com\/amykup\"><i>@AmyKup<\/i><\/a><i>.<\/i><\/p>\n<\/div>\n<p><script async src=\"\/\/platform.twitter.com\/widgets.js\" charset=\"utf-8\"><\/script><br \/>\n<br \/><br \/>\n<br \/><a href=\"https:\/\/www.nj.com\/entertainment\/2024\/10\/john-amos-nj-tv-icon-and-star-of-good-times-roots-and-coming-to-america-dies-at-84.html\">Source link <\/a><\/p>","protected":false},"excerpt":{"rendered":"<p>Jo\u00e3o Am\u00f3s\u00edcone da TV e do cinema de Nova Jersey, morreu. Am\u00f3s, o Ator indicado ao Emmy que estrelou \u201cBons tempos\u201d, \u201cRa\u00edzes\u201d, \u201cVindo para a Am\u00e9rica\u201de mais, morreu de causas&hellip;<\/p>","protected":false},"author":1,"featured_media":43798,"comment_status":"closed","ping_status":"open","sticky":false,"template":"","format":"standard","meta":{"content-type":"","footnotes":""},"categories":[1],"tags":[],"class_list":["post-43797","post","type-post","status-publish","format-standard","has-post-thumbnail","hentry","category-uncategorized"],"_links":{"self":[{"href":"https:\/\/tvbrazilusa.com\/pt\/wp-json\/wp\/v2\/posts\/43797","targetHints":{"allow":["GET"]}}],"collection":[{"href":"https:\/\/tvbrazilusa.com\/pt\/wp-json\/wp\/v2\/posts"}],"about":[{"href":"https:\/\/tvbrazilusa.com\/pt\/wp-json\/wp\/v2\/types\/post"}],"author":[{"embeddable":true,"href":"https:\/\/tvbrazilusa.com\/pt\/wp-json\/wp\/v2\/users\/1"}],"replies":[{"embeddable":true,"href":"https:\/\/tvbrazilusa.com\/pt\/wp-json\/wp\/v2\/comments?post=43797"}],"version-history":[{"count":1,"href":"https:\/\/tvbrazilusa.com\/pt\/wp-json\/wp\/v2\/posts\/43797\/revisions"}],"predecessor-version":[{"id":43799,"href":"https:\/\/tvbrazilusa.com\/pt\/wp-json\/wp\/v2\/posts\/43797\/revisions\/43799"}],"wp:featuredmedia":[{"embeddable":true,"href":"https:\/\/tvbrazilusa.com\/pt\/wp-json\/wp\/v2\/media\/43798"}],"wp:attachment":[{"href":"https:\/\/tvbrazilusa.com\/pt\/wp-json\/wp\/v2\/media?parent=43797"}],"wp:term":[{"taxonomy":"category","embeddable":true,"href":"https:\/\/tvbrazilusa.com\/pt\/wp-json\/wp\/v2\/categories?post=43797"},{"taxonomy":"post_tag","embeddable":true,"href":"https:\/\/tvbrazilusa.com\/pt\/wp-json\/wp\/v2\/tags?post=43797"}],"curies":[{"name":"wp","href":"https:\/\/api.w.org\/{rel}","templated":true}]}}