{"id":43841,"date":"2024-10-01T21:57:36","date_gmt":"2024-10-01T21:57:36","guid":{"rendered":"https:\/\/tvbrazilusa.com\/2024\/10\/01\/jctc-continua-a-temporada-de-outono-com-heranca-hispanica-e-teatro-de-fantoches\/"},"modified":"2024-10-01T22:10:33","modified_gmt":"2024-10-01T22:10:33","slug":"jctc-continua-a-temporada-de-outono-com-heranca-hispanica-e-teatro-de-fantoches","status":"publish","type":"post","link":"https:\/\/tvbrazilusa.com\/pt\/2024\/10\/01\/jctc-continua-a-temporada-de-outono-com-heranca-hispanica-e-teatro-de-fantoches\/","title":{"rendered":"JCTC continua a temporada de outono com heran\u00e7a hisp\u00e2nica e teatro de fantoches"},"content":{"rendered":"<script async src=\"https:\/\/pagead2.googlesyndication.com\/pagead\/js\/adsbygoogle.js?client=ca-pub-8864793242727901\"\r\n     crossorigin=\"anonymous\"><\/script>\n<div>\n<p class=\"article__paragraph article__paragraph--left\" id=\"3BMATB4DBVCLXPBFWJK6LKJFB4\">Quer voc\u00ea v\u00e1 dan\u00e7ar ou mergulhe na cultura hisp\u00e2nica, o Ra\u00edces y Ritmos do Jersey City Theatre Center est\u00e1 oferecendo algo para todos enquanto celebram a heran\u00e7a hisp\u00e2nica no s\u00e1bado, 5 de outubro, \u00e0s 19h.<\/p>\n<p class=\"article__paragraph article__paragraph--left\" id=\"X326FTK6ABCEXM2FWZ7QWPHZ6Y\">Ra\u00edces y Ritmos, organizado por Siara Mirabel e Juana Penson, \u00e9 uma noite que celebra a m\u00fasica, a arte e a narra\u00e7\u00e3o de hist\u00f3rias hisp\u00e2nicas, ao mesmo tempo que destaca as profundas ra\u00edzes culturais (ra\u00edces) e os ritmos vibrantes (ritmos) que definem a comunidade hisp\u00e2nica.<\/p>\n<p class=\"article__paragraph article__paragraph--left\" id=\"6UOIGM2JSRGNHKSK4HPSAWKHZI\">O evento contar\u00e1 com apresenta\u00e7\u00f5es de artistas consagrados, incluindo a cantora e compositora Giselle Bellas e apresenta\u00e7\u00f5es da Banda Los Hermanos Garcia.<\/p>\n<p class=\"article__paragraph article__paragraph--left\" id=\"4B7W32TBABHSBECGFPO6HKDOJQ\">\u201cRa\u00edces y Ritmos\u201d \u00e9 uma celebra\u00e7\u00e3o de identidade, hist\u00f3ria e unidade\u201d, disse Olga Levina, produtora executiva do Jersey City Theatre Center. \u201cAtrav\u00e9s deste evento, pretendemos homenagear a heran\u00e7a das comunidades hisp\u00e2nicas e unir as pessoas atrav\u00e9s de experi\u00eancias partilhadas de m\u00fasica e conta\u00e7\u00e3o de hist\u00f3rias. N\u00e3o \u00e9 apenas uma performance; \u00e9 uma homenagem aos ricos legados que continuam a moldar a nossa sociedade e o nosso futuro.\u201d<\/p>\n<p class=\"article__paragraph article__paragraph--left\" id=\"R7I5A2P3SBA5PFMTKJTIF2NTAM\">Em seguida, o p\u00fablico poder\u00e1 vivenciar o Bread &#038; Puppet Theatre enquanto traz seu espet\u00e1culo politicamente carregado, \u201cThe Beginning After the End of Humanity Circus\u201d, para Jersey City na sexta-feira, 11 de outubro, \u00e0s 19h.<\/p>\n<p class=\"article__paragraph article__paragraph--left\" id=\"WZAHQXV6LNEZRAGVKE3VYNXQ2E\">A apresenta\u00e7\u00e3o conta com dan\u00e7arinos de pernas de pau, criaturas de papel mach\u00ea e uma banda de metais, todos abordando quest\u00f5es sociais e pol\u00edticas contempor\u00e2neas em uma apresenta\u00e7\u00e3o comemorativa e instigante.<\/p>\n<p class=\"article__paragraph article__paragraph--left\" id=\"GEOXOVAAKFD2LF4ECQ4GOUDLX4\">Ap\u00f3s a apresenta\u00e7\u00e3o, Bread &#038; Puppets compartilhar\u00e1 seu famoso p\u00e3o de centeio com molho aioli e uma oportunidade de comprar recorda\u00e7\u00f5es da \u201cArte Barata\u201d.<\/p>\n<p class=\"article__paragraph article__paragraph--left\" id=\"HAIQZE662JFA5KA6AFI6NEG7LU\">Para mais informa\u00e7\u00f5es sobre esses eventos e para adquirir ingressos, acesse <a href=\"https:\/\/click.convertkit-mail2.com\/v8ukvlzxxrbrhxq7e0rtghvlpo8llh9\/qvh8h7hrm2g5ndfl\/aHR0cDovL3d3dy5qY3RjZW50ZXIub3Jn\" target=\"_blank\" rel=\"noopener\">www.JCTCenter.org<\/a>.<\/p>\n<p class=\"article__paragraph article__paragraph--left\" id=\"OHHMEEMGZFFPVD4RNBOWGO2KSE\">O Jersey City Theatre Center est\u00e1 localizado em 339 Newark Ave., Jersey City.<\/p>\n<p class=\"article__paragraph article__paragraph--left\" id=\"HSZQXHL5BVHOHJHRU5VZXPXWCE\">\u200b<\/p>\n<\/div>\n<p><br \/>\n<br \/><a href=\"https:\/\/www.nj.com\/hudson\/2024\/10\/jctc-continues-fall-season-with-hispanic-heritage-and-puppet-theater.html\">Source link <\/a><\/p>","protected":false},"excerpt":{"rendered":"<p>Quer voc\u00ea v\u00e1 dan\u00e7ar ou mergulhe na cultura hisp\u00e2nica, o Ra\u00edces y Ritmos do Jersey City Theatre Center est\u00e1 oferecendo algo para todos enquanto celebram a heran\u00e7a hisp\u00e2nica no s\u00e1bado,&hellip;<\/p>","protected":false},"author":1,"featured_media":43842,"comment_status":"closed","ping_status":"open","sticky":false,"template":"","format":"standard","meta":{"content-type":"","footnotes":""},"categories":[1],"tags":[24563,24564,24575,24555,24553,24569,24567,23439,24572,22561,2099,3452,3906,2995,3129,3227,6809,7680,3389,24559,2491,2078,24573,24574,24294,24571,24570,24568,24566,24565,24562,24561,24560,24558,24557,24556,24554,24552,22849,22855,2177,1338,2184,1325,1317,22847],"class_list":["post-43841","post","type-post","status-publish","format-standard","has-post-thumbnail","hentry","category-uncategorized","tag-palavra-chave-algo","tag-palavra-chave-corridas","tag-palavra-chave-futuro","tag-palavra-chave-heranca","tag-palavra-chave-pao","tag-palavra-chave-performances","tag-palavra-chave-teatro","tag-palavra-chave-todos","tag-palavra-chave-unidade","tag-palavra-chavearte","tag-palavra-chavecamisa","tag-palavra-chavecidade","tag-palavra-chavecomunidade","tag-palavra-chavecultura","tag-palavra-chavedesempenho","tag-palavra-chaveevento","tag-palavra-chavehistoria","tag-palavra-chaveidentidade","tag-palavra-chavemusica","tag-palavra-chavenarrativa","tag-palavra-chavenoite","tag-palavra-chavepessoas","tag-palavra-chaveprodutor","tag-palavra-chavesociedade","tag-palavra-chavetributo","tag-24571","tag-24570","tag-24568","tag-24566","tag-24565","tag-24562","tag-24561","tag-24560","tag-24558","tag-24557","tag-24556","tag-24554","tag-24552","tag-etiqueta-nome_adequado","tag-etiqueta-substantivo","tag-frequencia10","tag-frequencia2","tag-frequencia3","tag-frequencia4","tag-frequencia5","tag-pontuacao-0"],"_links":{"self":[{"href":"https:\/\/tvbrazilusa.com\/pt\/wp-json\/wp\/v2\/posts\/43841","targetHints":{"allow":["GET"]}}],"collection":[{"href":"https:\/\/tvbrazilusa.com\/pt\/wp-json\/wp\/v2\/posts"}],"about":[{"href":"https:\/\/tvbrazilusa.com\/pt\/wp-json\/wp\/v2\/types\/post"}],"author":[{"embeddable":true,"href":"https:\/\/tvbrazilusa.com\/pt\/wp-json\/wp\/v2\/users\/1"}],"replies":[{"embeddable":true,"href":"https:\/\/tvbrazilusa.com\/pt\/wp-json\/wp\/v2\/comments?post=43841"}],"version-history":[{"count":1,"href":"https:\/\/tvbrazilusa.com\/pt\/wp-json\/wp\/v2\/posts\/43841\/revisions"}],"predecessor-version":[{"id":43843,"href":"https:\/\/tvbrazilusa.com\/pt\/wp-json\/wp\/v2\/posts\/43841\/revisions\/43843"}],"wp:featuredmedia":[{"embeddable":true,"href":"https:\/\/tvbrazilusa.com\/pt\/wp-json\/wp\/v2\/media\/43842"}],"wp:attachment":[{"href":"https:\/\/tvbrazilusa.com\/pt\/wp-json\/wp\/v2\/media?parent=43841"}],"wp:term":[{"taxonomy":"category","embeddable":true,"href":"https:\/\/tvbrazilusa.com\/pt\/wp-json\/wp\/v2\/categories?post=43841"},{"taxonomy":"post_tag","embeddable":true,"href":"https:\/\/tvbrazilusa.com\/pt\/wp-json\/wp\/v2\/tags?post=43841"}],"curies":[{"name":"wp","href":"https:\/\/api.w.org\/{rel}","templated":true}]}}