{"id":43852,"date":"2024-10-01T22:39:58","date_gmt":"2024-10-01T22:39:58","guid":{"rendered":"https:\/\/tvbrazilusa.com\/2024\/10\/01\/fenomeno-de-audiencia-globo-convida-pablo-marcal-para-debate\/"},"modified":"2024-10-01T22:39:59","modified_gmt":"2024-10-01T22:39:59","slug":"fenomeno-de-audiencia-globo-convida-pablo-marcal-para-debate","status":"publish","type":"post","link":"https:\/\/tvbrazilusa.com\/pt\/2024\/10\/01\/fenomeno-de-audiencia-globo-convida-pablo-marcal-para-debate\/","title":{"rendered":"FEN\u00d4MENO DE AUDI\u00caNCIA: Globo convida Pablo Mar\u00e7al para debate"},"content":{"rendered":"<p> <script async src=\"https:\/\/pagead2.googlesyndication.com\/pagead\/js\/adsbygoogle.js?client=ca-pub-8864793242727901\"\r\n     crossorigin=\"anonymous\"><\/script><br \/>\n<\/p>\n<div id=\"taboola-read-more\" style=\"display:block; width:100%\">\n<p>A Globo informou os candidatos \u00e0 Prefeitura de S\u00e3o Paulo que, no debate marcado para esta quinta-feira (3\/10), ir\u00e1 interromper, cortar o som, retirar tempo de fala e at\u00e9 expulsar quem descumprir as regras e desrespeitar advers\u00e1rios. A emissora convidou Datena (PSDB), Guilherme Boulos (PSOL), Pablo Mar\u00e7al (PRTB), Ricardo Nunes (MDB) e Tabata Amaral (PSB).\n<\/p>\n<p>Segundo a Globo, o crit\u00e9rio para os convites considerou candidatos de partidos com representa\u00e7\u00e3o m\u00ednima de cinco parlamentares no Congresso ou que atingiram pelo menos 6% de inten\u00e7\u00e3o de voto na \u00faltima pesquisa da Quaest, divulgada em 30\/9. Dessa forma, Marina Helena (Novo) ficou de fora.<\/p>\n<p>\u201cOs candidatos dever\u00e3o se dirigir aos concorrentes de forma respeitosa, sem insultos ou gestos ofensivos, chamando-os pelo nome\u201d, afirmou a emissora. Em debates anteriores, houve problemas com apelidos.\n<\/p>\n<p>\u00a0<\/p>\n<p>Conforme o comunicado da Globo, \u201cna primeira advert\u00eancia, o candidato perde um minuto das considera\u00e7\u00f5es finais. Na segunda advert\u00eancia, ele perde o direito \u00e0s considera\u00e7\u00f5es finais. Na terceira advert\u00eancia, ser\u00e1 expulso do debate.\u201d\n<\/p>\n<p>Os candidatos ficar\u00e3o lado a lado no est\u00fadio, sem plateia. Cada participante poder\u00e1 ter apenas um assessor no local, mas ele n\u00e3o poder\u00e1 se manifestar ou circular pelo est\u00fadio. No debate do Flow, um assessor de Pablo Mar\u00e7al agrediu o marqueteiro de Ricardo Nunes com um soco no rosto ap\u00f3s uma confus\u00e3o nos bastidores.\n<\/p>\n<p>A Globo tamb\u00e9m proibiu assessores de filmar ou fotografar dentro do est\u00fadio sem autoriza\u00e7\u00e3o pr\u00e9via. Al\u00e9m disso, \u00e9 \u201cterminantemente proibido\u201d realizar lives durante o debate ou nos intervalos. Caso essa regra seja desrespeitada, o assessor poder\u00e1 ser retirado do local e o candidato perder\u00e1 um minuto de fala nas considera\u00e7\u00f5es finais.\n<\/p>\n<h3>Debate ser\u00e1 dividido em quatro blocos<\/h3>\n<p>O primeiro e o terceiro blocos ter\u00e3o temas livres. O candidato sorteado previamente escolher\u00e1 para quem dirigir sua pergunta. O escolhido n\u00e3o pode ter respondido no mesmo bloco. Dessa forma, todos dever\u00e3o fazer e responder uma pergunta.\n<\/p>\n<p>Os segundo e quarto blocos ter\u00e3o temas definidos. O mediador,\u00a0<a href=\"https:\/\/g1.globo.com\/tudo-sobre\/cesar-tralli\/\">C\u00e9sar Tralli<\/a>, usar\u00e1 uma urna para sortear o assunto que dever\u00e1 ser abordado.\n<\/p>\n<p>Cada candidato ter\u00e1 40 segundos para fazer a pergunta, 1 minuto e 40 segundos para a resposta, 1 minuto e 15 segundos para a r\u00e9plica e 1 minuto para a tr\u00e9plica. Ao final do quarto bloco, cada candidato ter\u00e1 2 minutos para fazer suas considera\u00e7\u00f5es finais.\n<\/p>\n<p><strong>Metr\u00f3poles\u00a0<\/strong> <\/p>\n<\/div>\n<p><br \/>\n<br \/><a href=\"https:\/\/diariodobrasilnoticias.com.br\/noticia\/fenomeno-de-audiencia-globo-convida-pablo-marcal-e-datena-para-um-debate-e-estabelece-regras-rigorosas-66fc536c460d2\">Source link <\/a><\/p>","protected":false},"excerpt":{"rendered":"<p>A Globo informou os candidatos \u00e0 Prefeitura de S\u00e3o Paulo que, no debate marcado para esta quinta-feira (3\/10), ir\u00e1 interromper, cortar o som, retirar tempo de fala e at\u00e9 expulsar&hellip;<\/p>","protected":false},"author":1,"featured_media":43853,"comment_status":"closed","ping_status":"open","sticky":false,"template":"","format":"standard","meta":{"content-type":"","footnotes":""},"categories":[16],"tags":[123,2448,5313,1267],"class_list":["post-43852","post","type-post","status-publish","format-standard","has-post-thumbnail","hentry","category-noticias","tag-brasil","tag-diario","tag-noticia","tag-noticias"],"_links":{"self":[{"href":"https:\/\/tvbrazilusa.com\/pt\/wp-json\/wp\/v2\/posts\/43852","targetHints":{"allow":["GET"]}}],"collection":[{"href":"https:\/\/tvbrazilusa.com\/pt\/wp-json\/wp\/v2\/posts"}],"about":[{"href":"https:\/\/tvbrazilusa.com\/pt\/wp-json\/wp\/v2\/types\/post"}],"author":[{"embeddable":true,"href":"https:\/\/tvbrazilusa.com\/pt\/wp-json\/wp\/v2\/users\/1"}],"replies":[{"embeddable":true,"href":"https:\/\/tvbrazilusa.com\/pt\/wp-json\/wp\/v2\/comments?post=43852"}],"version-history":[{"count":1,"href":"https:\/\/tvbrazilusa.com\/pt\/wp-json\/wp\/v2\/posts\/43852\/revisions"}],"predecessor-version":[{"id":43854,"href":"https:\/\/tvbrazilusa.com\/pt\/wp-json\/wp\/v2\/posts\/43852\/revisions\/43854"}],"wp:featuredmedia":[{"embeddable":true,"href":"https:\/\/tvbrazilusa.com\/pt\/wp-json\/wp\/v2\/media\/43853"}],"wp:attachment":[{"href":"https:\/\/tvbrazilusa.com\/pt\/wp-json\/wp\/v2\/media?parent=43852"}],"wp:term":[{"taxonomy":"category","embeddable":true,"href":"https:\/\/tvbrazilusa.com\/pt\/wp-json\/wp\/v2\/categories?post=43852"},{"taxonomy":"post_tag","embeddable":true,"href":"https:\/\/tvbrazilusa.com\/pt\/wp-json\/wp\/v2\/tags?post=43852"}],"curies":[{"name":"wp","href":"https:\/\/api.w.org\/{rel}","templated":true}]}}