{"id":43871,"date":"2024-10-01T23:22:18","date_gmt":"2024-10-01T23:22:18","guid":{"rendered":"https:\/\/tvbrazilusa.com\/2024\/10\/01\/carmen-lucia-responde-a-marcal-e-critica-a-rede-social-x\/"},"modified":"2024-10-01T23:22:19","modified_gmt":"2024-10-01T23:22:19","slug":"carmen-lucia-responde-a-marcal-e-critica-a-rede-social-x","status":"publish","type":"post","link":"https:\/\/tvbrazilusa.com\/pt\/2024\/10\/01\/carmen-lucia-responde-a-marcal-e-critica-a-rede-social-x\/","title":{"rendered":"C\u00e1rmen L\u00facia responde a Mar\u00e7al e critica a rede social X:"},"content":{"rendered":"<p> <script async src=\"https:\/\/pagead2.googlesyndication.com\/pagead\/js\/adsbygoogle.js?client=ca-pub-8864793242727901\"\r\n     crossorigin=\"anonymous\"><\/script><br \/>\n<\/p>\n<p>C\u00e1rmen L\u00facia, ministra do Supremo Tribunal Federal (STF) e presidente do Tribunal Superior Eleitoral (TSE), se posicionou nesta segunda-feira, 30, sobre as declara\u00e7\u00f5es de Pablo Mar\u00e7al, candidato \u00e0 prefeitura de S\u00e3o Paulo pelo PRTB, que afirmou que &#8220;mulher n\u00e3o vota em mulher&#8221;.\n<\/p>\n<p>Durante sua participa\u00e7\u00e3o no programa Roda Viva, da TV Cultura, a magistrada refor\u00e7ou a import\u00e2ncia da presen\u00e7a feminina na pol\u00edtica, destacando isso como um avan\u00e7o civilizat\u00f3rio. Suas observa\u00e7\u00f5es vieram em contraposi\u00e7\u00e3o \u00e0 declara\u00e7\u00e3o de Mar\u00e7al, feita no debate entre candidatos organizado pela Folha de S.Paulo e o UOL, tamb\u00e9m nesta segunda.<\/p>\n<p>&#8220;Inteligente \u00e9 uma pessoa que acha que mulheres e homens s\u00e3o iguais em direitos e que tem o direito de participar numa sociedade em que 52% da popula\u00e7\u00e3o brasileira e 52% do eleitorado \u00e9 de mulheres. Afirmar que uma mulher n\u00e3o vota em mulher realmente seria al\u00e9m de qualquer dado f\u00e1tico&#8221;, destacou a ministra.\n<\/p>\n<div>\n<p class=\"text\">C\u00e1rmen L\u00facia tamb\u00e9m aproveitou a oportunidade para criticar a postura da plataforma X (antigo Twitter), de propriedade do empres\u00e1rio Elon Musk, no Brasil. Ela defendeu o bloqueio imposto \u00e0 rede social, explicando que a medida foi necess\u00e1ria para garantir o cumprimento da lei brasileira.\n<\/p>\n<p class=\"text\">\u00a0\n<\/p>\n<p class=\"text\">&#8220;Num Estado soberano, todos n\u00f3s, cidad\u00e3os, e todos aqueles que atuam aqui, empresas, plataformas, que n\u00e3o deixam de ser empresas, t\u00eam que cumprir sim a lei do pa\u00eds. \u00c9 assim em todo lugar, o Brasil n\u00e3o \u00e9 menor, o Brasil n\u00e3o \u00e9 quintal de ningu\u00e9m, o Brasil \u00e9 um Estado soberano que precisa ter o seu direito respeitado para se dar o respeito, e n\u00f3s fizemos isso&#8221;, argumentou.\n<\/p>\n<p class=\"text\">\u00a0\n<\/p>\n<p class=\"text\">A ministra ainda questionou a atitude da empresa em n\u00e3o respeitar as leis brasileiras: &#8220;Por que uma empresa acha que pode tratar o Brasil como se o Brasil fosse algo que pudesse ser absolutamente desdenhado?&#8221;, disse.\n<\/p>\n<p class=\"text\"><strong>TERRA\u00a0<\/strong>\n<\/p>\n<\/div>\n<p><br \/>\n<br \/><a href=\"https:\/\/diariodobrasilnoticias.com.br\/noticia\/carmen-lucia-responde-a-marcal-e-critica-a-rede-social-x-brasil-nao-e-quintal-de-ninguem-66fc58d65f257\">Source link <\/a><\/p>","protected":false},"excerpt":{"rendered":"<p>C\u00e1rmen L\u00facia, ministra do Supremo Tribunal Federal (STF) e presidente do Tribunal Superior Eleitoral (TSE), se posicionou nesta segunda-feira, 30, sobre as declara\u00e7\u00f5es de Pablo Mar\u00e7al, candidato \u00e0 prefeitura de&hellip;<\/p>","protected":false},"author":1,"featured_media":43872,"comment_status":"closed","ping_status":"open","sticky":false,"template":"","format":"standard","meta":{"content-type":"","footnotes":""},"categories":[16],"tags":[123,2448,5313,1267],"class_list":["post-43871","post","type-post","status-publish","format-standard","has-post-thumbnail","hentry","category-noticias","tag-brasil","tag-diario","tag-noticia","tag-noticias"],"_links":{"self":[{"href":"https:\/\/tvbrazilusa.com\/pt\/wp-json\/wp\/v2\/posts\/43871","targetHints":{"allow":["GET"]}}],"collection":[{"href":"https:\/\/tvbrazilusa.com\/pt\/wp-json\/wp\/v2\/posts"}],"about":[{"href":"https:\/\/tvbrazilusa.com\/pt\/wp-json\/wp\/v2\/types\/post"}],"author":[{"embeddable":true,"href":"https:\/\/tvbrazilusa.com\/pt\/wp-json\/wp\/v2\/users\/1"}],"replies":[{"embeddable":true,"href":"https:\/\/tvbrazilusa.com\/pt\/wp-json\/wp\/v2\/comments?post=43871"}],"version-history":[{"count":1,"href":"https:\/\/tvbrazilusa.com\/pt\/wp-json\/wp\/v2\/posts\/43871\/revisions"}],"predecessor-version":[{"id":43873,"href":"https:\/\/tvbrazilusa.com\/pt\/wp-json\/wp\/v2\/posts\/43871\/revisions\/43873"}],"wp:featuredmedia":[{"embeddable":true,"href":"https:\/\/tvbrazilusa.com\/pt\/wp-json\/wp\/v2\/media\/43872"}],"wp:attachment":[{"href":"https:\/\/tvbrazilusa.com\/pt\/wp-json\/wp\/v2\/media?parent=43871"}],"wp:term":[{"taxonomy":"category","embeddable":true,"href":"https:\/\/tvbrazilusa.com\/pt\/wp-json\/wp\/v2\/categories?post=43871"},{"taxonomy":"post_tag","embeddable":true,"href":"https:\/\/tvbrazilusa.com\/pt\/wp-json\/wp\/v2\/tags?post=43871"}],"curies":[{"name":"wp","href":"https:\/\/api.w.org\/{rel}","templated":true}]}}