{"id":43881,"date":"2024-10-01T23:47:02","date_gmt":"2024-10-01T23:47:02","guid":{"rendered":"https:\/\/tvbrazilusa.com\/2024\/10\/01\/republicanos-nos-eua-propuseram-um-projeto-de-lei-que-visa-alexandre-de-moraes-e-busca-promover-a-cooperacao-com-o-brasil\/"},"modified":"2024-10-01T23:47:03","modified_gmt":"2024-10-01T23:47:03","slug":"republicanos-nos-eua-propuseram-um-projeto-de-lei-que-visa-alexandre-de-moraes-e-busca-promover-a-cooperacao-com-o-brasil","status":"publish","type":"post","link":"https:\/\/tvbrazilusa.com\/pt\/2024\/10\/01\/republicanos-nos-eua-propuseram-um-projeto-de-lei-que-visa-alexandre-de-moraes-e-busca-promover-a-cooperacao-com-o-brasil\/","title":{"rendered":"Republicanos nos EUA propuseram um projeto de lei que visa Alexandre de Moraes e busca promover a coopera\u00e7\u00e3o com o Brasil"},"content":{"rendered":"<p> <script async src=\"https:\/\/pagead2.googlesyndication.com\/pagead\/js\/adsbygoogle.js?client=ca-pub-8864793242727901\"\r\n     crossorigin=\"anonymous\"><\/script><br \/>\n<\/p>\n<p data-track-category=\"Link no Texto\" data-track-links=\"data-track-links\">Smith, Jordan e Salazar fizeram um levantamento de colabora\u00e7\u00f5es entre\u00a0<a class=\"class\" href=\"https:\/\/12ft.io\/proxy?q=https%3A%2F%2Foglobo.globo.com%2Ftudo-sobre%2Fcidade%2Fbrasilia\" target=\"_parent\" rel=\"noopener\">Bras\u00edlia<\/a>\u00a0e\u00a0<a class=\"class\" href=\"https:\/\/12ft.io\/proxy?q=https%3A%2F%2Foglobo.globo.com%2Ftudo-sobre%2Fcidade%2Fwashington\" target=\"_parent\" rel=\"noopener\">Washington<\/a>\u00a0no \u00e2mbito do combate \u00e0 desinforma\u00e7\u00e3o e \u00e0s fake news \u2013 apontadas pelos congressistas como instrumentos para a censura do livre discurso no Brasil.\n<\/p>\n<div data-block-type=\"unstyled\" data-block-weight=\"41\">\n<p class=\"content-text__container\" data-track-category=\"Link no Texto\" data-track-links=\"data-track-links\">\u201cO governo Biden-Harris conduziu uma \u2018armamentiza\u00e7\u00e3o\u2019 dos programas de assist\u00eancia a na\u00e7\u00f5es estrangeiras e outros meios para promover censura no Brasil e desmantelar a liberdade de express\u00e3o que estaria garantida em solo americano sob a Constitui\u00e7\u00e3o dos EUA\u201d, diz Smith.\n<\/p>\n<\/div>\n<div data-block-type=\"raw\" data-block-weight=\"7\">\n<p class=\"content-text__container\">\u00a0\n<\/p>\n<p><h2>Lista de coopera\u00e7\u00f5es entre Brasil e EUA<\/h2>\n<\/p>\n<\/div>\n<div data-block-type=\"unstyled\" data-block-weight=\"51\">\n<p class=\"content-text__container\" data-track-category=\"Link no Texto\" data-track-links=\"data-track-links\">Entre elas est\u00e1 uma coopera\u00e7\u00e3o entre o TSE e agentes do FBI, a Pol\u00edcia Federal dos EUA, e um agente do Departamento de Justi\u00e7a para debater os esfor\u00e7os das autoridades americanas em defesa da integridade eleitoral e contra not\u00edcias falsas ocorrida ainda em 2018, nos governos Trump e Michel Temer.\n<\/p>\n<p class=\"content-text__container\" data-track-category=\"Link no Texto\" data-track-links=\"data-track-links\">\u00a0\n<\/p>\n<\/div>\n<div data-block-type=\"unstyled\" data-block-weight=\"79\">\n<p class=\"content-text__container\" data-track-category=\"Link no Texto\" data-track-links=\"data-track-links\">S\u00e3o citadas ainda a participa\u00e7\u00e3o da Corte eleitoral brasileira em um estudo internacional contra as fake news financiado por um programa da ag\u00eancia americana para ajuda externa, a USAid, o interc\u00e2mbio entre o TSE e ONGs de combate \u00e0 desinforma\u00e7\u00e3o financiadas pelo mesmo \u00f3rg\u00e3o e o repasse de US$ 200 mil (R$ 1 milh\u00e3o em valores atualizados) de uma institui\u00e7\u00e3o cient\u00edfica vinculada ao Congresso americano \u00e0 Universidade George Washington para debelar a desinforma\u00e7\u00e3o no Brasil e em outros pa\u00edses.\n<\/p>\n<p class=\"content-text__container\" data-track-category=\"Link no Texto\" data-track-links=\"data-track-links\">\u00a0\n<\/p>\n<div class=\"mc-column content-text active-extra-styles\" data-block-type=\"unstyled\" data-block-weight=\"78\">\n<p class=\"content-text__container\" data-track-category=\"Link no Texto\" data-track-links=\"data-track-links\">\u201cO Comit\u00ea Judici\u00e1rio e o Subcomit\u00ea sobre a Armamentiza\u00e7\u00e3o do Governo Federal revelou como o FBI facilitou requerimentos de censura contra americanos por parte de um governo estrangeiro\u201d, acusa Jim Jordan, em refer\u00eancia a Elon Musk e o X, entre outros cidad\u00e3os dos EUA na mira da Justi\u00e7a brasileira. \u201cEsse projeto de lei \u00e9 crucial para impedir que autoridades do exterior silenciem vozes minorit\u00e1rias a partir [da ajuda] do Departamento de Justi\u00e7a dos EUA ou do FBI\u201d.\n<\/p>\n<p class=\"content-text__container\" data-track-category=\"Link no Texto\" data-track-links=\"data-track-links\">\u00a0\n<\/p>\n<\/div>\n<div class=\"mc-column content-text active-extra-styles\" data-block-type=\"unstyled\" data-block-weight=\"56\">\n<p class=\"content-text__container\" data-track-category=\"Link no Texto\" data-track-links=\"data-track-links\">O projeto agora deve ser discutido nas inst\u00e2ncias da C\u00e2mara de Representantes, de maioria republicana. As elei\u00e7\u00f5es de novembro nos EUA tamb\u00e9m eleger\u00e3o os deputados da pr\u00f3xima legislatura, al\u00e9m de decidir entre a atual vice-presidente\u00a0<a class=\"class\" href=\"https:\/\/12ft.io\/proxy?q=https%3A%2F%2Foglobo.globo.com%2Ftudo-sobre%2Fpolitico%2Fkamala-harris%2F\" target=\"_parent\" rel=\"noopener\">Kamala Harris<\/a>, do Partido Democrata, e o ex-ocupante da Casa Branca Donald Trump para o comando da maior pot\u00eancia do planeta.\n<\/p>\n<p class=\"content-text__container\" data-track-category=\"Link no Texto\" data-track-links=\"data-track-links\">\u00a0\n<\/p>\n<\/div>\n<div class=\"mc-column content-text active-extra-styles\" data-block-type=\"unstyled\" data-block-weight=\"48\">\n<p class=\"content-text__container\" data-track-category=\"Link no Texto\" data-track-links=\"data-track-links\">A nova ofensiva patrocinada pelos republicanos ocorre quase duas semanas ap\u00f3s tr\u00eas deputados e um senador pedirem ao Secret\u00e1rio de Estado americano,\u00a0<a class=\"class\" href=\"https:\/\/12ft.io\/proxy?q=https%3A%2F%2Foglobo.globo.com%2Ftudo-sobre%2Fpolitico%2Fantony-blinken%2F\" target=\"_parent\" rel=\"noopener\">Antony Blinken<\/a>, a revoga\u00e7\u00e3o dos vistos de todos os ministros do STF \u2014 com destaque para Alexandre de Moraes, descrito no documento como \u201cditador totalit\u00e1rio\u201d.\n<\/p>\n<p class=\"content-text__container\" data-track-category=\"Link no Texto\" data-track-links=\"data-track-links\">\u00a0\n<\/p>\n<div class=\"mc-column content-text active-extra-styles\" data-block-type=\"unstyled\" data-block-weight=\"39\">\n<p class=\"content-text__container\" data-track-category=\"Link no Texto\" data-track-links=\"data-track-links\">Na v\u00e9spera, outro grupo de deputados tamb\u00e9m havia protocolado um projeto que, na pr\u00e1tica, pode barrar o ministro Alexandre de Moraes de entrar no pa\u00eds ou at\u00e9 mesmo deport\u00e1-lo, sempre com a decis\u00e3o de suspender o X como justificativa.\n<\/p>\n<p class=\"content-text__container\" data-track-category=\"Link no Texto\" data-track-links=\"data-track-links\">\u00a0\n<\/p>\n<\/div>\n<div class=\"mc-column content-text active-extra-styles\" data-block-type=\"unstyled\" data-block-weight=\"45\">\n<p class=\"content-text__container\" data-track-category=\"Link no Texto\" data-track-links=\"data-track-links\">A trincheira pol\u00edtica conta com a participa\u00e7\u00e3o de bolsonaristas radicados nos EUA, que t\u00eam colaborado com os congressistas republicanos na press\u00e3o contra o STF. A expectativa destes apoiadores de Jair Bolsonaro \u00e9 que a opini\u00e3o p\u00fablica americana seja sensibilizada em rela\u00e7\u00e3o ao contexto do Brasil.\n<\/p>\n<p class=\"content-text__container\" data-track-category=\"Link no Texto\" data-track-links=\"data-track-links\">\u00a0\n<\/p>\n<\/div>\n<div class=\"mc-column content-text active-extra-styles\" data-block-type=\"unstyled\" data-block-weight=\"34\">\n<p class=\"content-text__container\" data-track-category=\"Link no Texto\" data-track-links=\"data-track-links\">Embora tenha sido ratificada por uma das turmas da Suprema Corte brasileira, o assunto provoca desconforto no pa\u00eds aliado, mesmo sob o governo democrata de\u00a0<a class=\"class\" href=\"https:\/\/12ft.io\/proxy?q=https%3A%2F%2Foglobo.globo.com%2Ftudo-sobre%2Fpolitico%2Fjoe-biden%2F\" target=\"_parent\" rel=\"noopener\">Joe Biden<\/a>, que mant\u00e9m boas rela\u00e7\u00f5es com\u00a0<a class=\"class\" href=\"https:\/\/12ft.io\/proxy?q=https%3A%2F%2Foglobo.globo.com%2Ftudo-sobre%2Fpolitico%2Fluiz-inacio-lula-da-silva\" target=\"_parent\" rel=\"noopener\">Lula<\/a>.\n<\/p>\n<p class=\"content-text__container\" data-track-category=\"Link no Texto\" data-track-links=\"data-track-links\"><strong>O Globo\u00a0<\/strong>\n<\/p>\n<\/div>\n<\/div>\n<\/div>\n<p><br \/>\n<br \/><a href=\"https:\/\/diariodobrasilnoticias.com.br\/noticia\/republicanos-nos-eua-propuseram-um-projeto-de-lei-que-visa-alexandre-de-moraes-e-busca-promover-a-cooperacao-com-o-brasil-66fc6a95330d0\">Source link <\/a><\/p>","protected":false},"excerpt":{"rendered":"<p>Smith, Jordan e Salazar fizeram um levantamento de colabora\u00e7\u00f5es entre\u00a0Bras\u00edlia\u00a0e\u00a0Washington\u00a0no \u00e2mbito do combate \u00e0 desinforma\u00e7\u00e3o e \u00e0s fake news \u2013 apontadas pelos congressistas como instrumentos para a censura do livre&hellip;<\/p>","protected":false},"author":1,"featured_media":43882,"comment_status":"closed","ping_status":"open","sticky":false,"template":"","format":"standard","meta":{"content-type":"","footnotes":""},"categories":[16],"tags":[123,2448,5313,1267],"class_list":["post-43881","post","type-post","status-publish","format-standard","has-post-thumbnail","hentry","category-noticias","tag-brasil","tag-diario","tag-noticia","tag-noticias"],"_links":{"self":[{"href":"https:\/\/tvbrazilusa.com\/pt\/wp-json\/wp\/v2\/posts\/43881","targetHints":{"allow":["GET"]}}],"collection":[{"href":"https:\/\/tvbrazilusa.com\/pt\/wp-json\/wp\/v2\/posts"}],"about":[{"href":"https:\/\/tvbrazilusa.com\/pt\/wp-json\/wp\/v2\/types\/post"}],"author":[{"embeddable":true,"href":"https:\/\/tvbrazilusa.com\/pt\/wp-json\/wp\/v2\/users\/1"}],"replies":[{"embeddable":true,"href":"https:\/\/tvbrazilusa.com\/pt\/wp-json\/wp\/v2\/comments?post=43881"}],"version-history":[{"count":1,"href":"https:\/\/tvbrazilusa.com\/pt\/wp-json\/wp\/v2\/posts\/43881\/revisions"}],"predecessor-version":[{"id":43883,"href":"https:\/\/tvbrazilusa.com\/pt\/wp-json\/wp\/v2\/posts\/43881\/revisions\/43883"}],"wp:featuredmedia":[{"embeddable":true,"href":"https:\/\/tvbrazilusa.com\/pt\/wp-json\/wp\/v2\/media\/43882"}],"wp:attachment":[{"href":"https:\/\/tvbrazilusa.com\/pt\/wp-json\/wp\/v2\/media?parent=43881"}],"wp:term":[{"taxonomy":"category","embeddable":true,"href":"https:\/\/tvbrazilusa.com\/pt\/wp-json\/wp\/v2\/categories?post=43881"},{"taxonomy":"post_tag","embeddable":true,"href":"https:\/\/tvbrazilusa.com\/pt\/wp-json\/wp\/v2\/tags?post=43881"}],"curies":[{"name":"wp","href":"https:\/\/api.w.org\/{rel}","templated":true}]}}