{"id":43886,"date":"2024-10-01T23:58:56","date_gmt":"2024-10-01T23:58:56","guid":{"rendered":"https:\/\/tvbrazilusa.com\/2024\/10\/01\/estadao-sob-a-lideranca-de-lula-o-brasil-se-distanciou-dos-valores-democraticos-para-se-alinhar-a-paises-como-china-russia-e-ira\/"},"modified":"2024-10-01T23:58:57","modified_gmt":"2024-10-01T23:58:57","slug":"estadao-sob-a-lideranca-de-lula-o-brasil-se-distanciou-dos-valores-democraticos-para-se-alinhar-a-paises-como-china-russia-e-ira","status":"publish","type":"post","link":"https:\/\/tvbrazilusa.com\/pt\/2024\/10\/01\/estadao-sob-a-lideranca-de-lula-o-brasil-se-distanciou-dos-valores-democraticos-para-se-alinhar-a-paises-como-china-russia-e-ira\/","title":{"rendered":"ESTAD\u00c3O: Sob a lideran\u00e7a de Lula, o Brasil se distanciou dos valores democr\u00e1ticos para se alinhar a pa\u00edses como China, R\u00fassia e Ir\u00e3"},"content":{"rendered":"<p> <script async src=\"https:\/\/pagead2.googlesyndication.com\/pagead\/js\/adsbygoogle.js?client=ca-pub-8864793242727901\"\r\n     crossorigin=\"anonymous\"><\/script><br \/>\n<\/p>\n<div id=\"taboola-read-more\" style=\"display:block; width:100%\">\n<p dir=\"ltr\">Na Assembleia-Geral da ONU, encerrada nesta segunda-feira, 30, em Nova York (EUA), o Brasil sob o comando de Luiz In\u00e1cio Lula da Silva abandonou sua independ\u00eancia diplom\u00e1tica e seus valores democr\u00e1ticos para se alinhar a China, R\u00fassia e Ir\u00e3. A an\u00e1lise \u00e9 do jornal\u00a0<em dir=\"ltr\">O Estado de S. Paulo<\/em>.\n<\/p>\n<p dir=\"ltr\">\u00a0<\/p>\n<p dir=\"ltr\">Em seu editorial \u201cO papel\u00e3o do Brasil na ONU\u201d, publicado nesta ter\u00e7a-feira, 1\u00ba, o ve\u00edculo diz que o Brasil\u00a0abandonou qualquer vest\u00edgio de independ\u00eancia. Isso por tomar partido na polariza\u00e7\u00e3o geopol\u00edtica entre o eixo sino-russo-iraniano e as democracias ocidentais, no momento em que decidiu boicotar o discurso do premi\u00ea israelense, Benjamin Netanyahu, no evento.\n<\/p>\n<p dir=\"ltr\">\u00a0\n<\/p>\n<p dir=\"ltr\">\u201cEnquanto isso, diplomatas brasileiros persuadiam pa\u00edses do chamado \u2018Sul Global\u2019 a apoiarem a proposta da China para a guerra na Ucr\u00e2nia, o que na pr\u00e1tica equivale \u00e0 rendi\u00e7\u00e3o de Kiev aos agressores russos\u201d, criticou o\u00a0<em dir=\"ltr\">Estad\u00e3o<\/em>.\n<\/p>\n<h2>Dois pesos e duas medidas de Lula<\/h2>\n<p>De acordo com a publica\u00e7\u00e3o, Israel pode ter cometido excessos e crimes, \u201cmas sua guerra \u00e9 de defesa\u201d. O texto ressaltou que a escalada no conflito em curso no Oriente M\u00e9dio come\u00e7ou um ano atr\u00e1s, com o ataque brutal do grupo terrorista Hamas.\n<\/p>\n<p>Ademais, Israel vem, desde ent\u00e3o, sofrendo ataques de grupos patrocinados pelo Ir\u00e3. Foram mais de 8 mil foguetes lan\u00e7ados pelo Hezbollah, centenas de drones dos houthis do I\u00eamen, dezenas de ataques das mil\u00edcias xiitas da S\u00edria e do Iraque, al\u00e9m de centenas de drones e m\u00edsseis que partiram do Ir\u00e3.\n<\/p>\n<p>O editorial tamb\u00e9m lembrou dos mais de cem ref\u00e9ns israelenses cativos do Hamas. Falou ainda dos cerca de 60 mil israelenses que deixaram seu pa\u00eds devido \u00e0s agress\u00f5es do Hezbollah.\n<\/p>\n<p>\u201cIsrael pode ter cometido excessos e crimes, mas sua guerra \u00e9 de defesa\u201d, analisa o\u00a0<em dir=\"ltr\">Estad\u00e3o<\/em>. \u201cTeer\u00e3 e seus associados terroristas s\u00e3o uma amea\u00e7a n\u00e3o s\u00f3 para Israel, mas para as na\u00e7\u00f5es sunitas e as democracias do mundo. Ao retaliar suas agress\u00f5es, Israel pode ter empregado meios eventualmente injustos, mas sua guerra, no geral, \u00e9 justa\u201d.\n<\/p>\n<p>Contudo, o jornal deixa claro que \u201ca guerra de agress\u00e3o da R\u00fassia \u00e9 injusta\u201d. Mas, ao inv\u00e9s de protestar contra o discurso do presidente iraniano, o vice-presidente brasileiro, Geraldo Alckmin, ganhou um posto de \u201chonra\u201d ao lado de l\u00edderes terroristas do Hamas do Hezbollah, da Jihad Isl\u00e2mica e dos houthis.\n<\/p>\n<p>Ironicamente, quando voltou a amea\u00e7ar o mundo com um conflito nuclear, o chanceler russo n\u00e3o foi alvo de nenhum protesto do Brasil na ONU. J\u00e1 o Vladimir Putin, condenado pelo Tribunal Penal Internacional pelo sequestro de crian\u00e7as ucranianas, entre outros crimes, seria recebido no Brasil sem ser preso, segundo o pr\u00f3prio Lula.\n<\/p>\n<p>\u201cO rancor antiocidental de Lula solapa valores comuns e desmoraliza a diplomacia brasileira\u201d, afirma o\u00a0<em dir=\"ltr\">Estad\u00e3o<\/em>. \u201c\u00c9 pura ideologia, e da pior qualidade\u201d.\n<\/p>\n<p><strong>Revista Oeste\u00a0<\/strong>\n<\/p>\n<\/div>\n<p><br \/>\n<br \/><a href=\"https:\/\/diariodobrasilnoticias.com.br\/noticia\/estadao-sob-a-lideranca-de-lula-o-brasil-se-distanciou-dos-valores-democraticos-para-se-alinhar-a-paises-como-china-russia-e-ira-66fc6b924810b\">Source link <\/a><\/p>","protected":false},"excerpt":{"rendered":"<p>Na Assembleia-Geral da ONU, encerrada nesta segunda-feira, 30, em Nova York (EUA), o Brasil sob o comando de Luiz In\u00e1cio Lula da Silva abandonou sua independ\u00eancia diplom\u00e1tica e seus valores&hellip;<\/p>","protected":false},"author":1,"featured_media":43887,"comment_status":"closed","ping_status":"open","sticky":false,"template":"","format":"standard","meta":{"content-type":"","footnotes":""},"categories":[16],"tags":[123,2448,5313,1267],"class_list":["post-43886","post","type-post","status-publish","format-standard","has-post-thumbnail","hentry","category-noticias","tag-brasil","tag-diario","tag-noticia","tag-noticias"],"_links":{"self":[{"href":"https:\/\/tvbrazilusa.com\/pt\/wp-json\/wp\/v2\/posts\/43886","targetHints":{"allow":["GET"]}}],"collection":[{"href":"https:\/\/tvbrazilusa.com\/pt\/wp-json\/wp\/v2\/posts"}],"about":[{"href":"https:\/\/tvbrazilusa.com\/pt\/wp-json\/wp\/v2\/types\/post"}],"author":[{"embeddable":true,"href":"https:\/\/tvbrazilusa.com\/pt\/wp-json\/wp\/v2\/users\/1"}],"replies":[{"embeddable":true,"href":"https:\/\/tvbrazilusa.com\/pt\/wp-json\/wp\/v2\/comments?post=43886"}],"version-history":[{"count":1,"href":"https:\/\/tvbrazilusa.com\/pt\/wp-json\/wp\/v2\/posts\/43886\/revisions"}],"predecessor-version":[{"id":43888,"href":"https:\/\/tvbrazilusa.com\/pt\/wp-json\/wp\/v2\/posts\/43886\/revisions\/43888"}],"wp:featuredmedia":[{"embeddable":true,"href":"https:\/\/tvbrazilusa.com\/pt\/wp-json\/wp\/v2\/media\/43887"}],"wp:attachment":[{"href":"https:\/\/tvbrazilusa.com\/pt\/wp-json\/wp\/v2\/media?parent=43886"}],"wp:term":[{"taxonomy":"category","embeddable":true,"href":"https:\/\/tvbrazilusa.com\/pt\/wp-json\/wp\/v2\/categories?post=43886"},{"taxonomy":"post_tag","embeddable":true,"href":"https:\/\/tvbrazilusa.com\/pt\/wp-json\/wp\/v2\/tags?post=43886"}],"curies":[{"name":"wp","href":"https:\/\/api.w.org\/{rel}","templated":true}]}}