{"id":43891,"date":"2024-10-02T00:11:28","date_gmt":"2024-10-02T00:11:28","guid":{"rendered":"https:\/\/tvbrazilusa.com\/2024\/10\/02\/congresso-pode-suspender-eficacia-de-decisoes-do-stf-com-voto-de-dois-tercos\/"},"modified":"2024-10-02T00:11:30","modified_gmt":"2024-10-02T00:11:30","slug":"congresso-pode-suspender-eficacia-de-decisoes-do-stf-com-voto-de-dois-tercos","status":"publish","type":"post","link":"https:\/\/tvbrazilusa.com\/pt\/2024\/10\/02\/congresso-pode-suspender-eficacia-de-decisoes-do-stf-com-voto-de-dois-tercos\/","title":{"rendered":"Congresso pode suspender efic\u00e1cia de decis\u00f5es do STF com voto de dois ter\u00e7os"},"content":{"rendered":"<p> <script async src=\"https:\/\/pagead2.googlesyndication.com\/pagead\/js\/adsbygoogle.js?client=ca-pub-8864793242727901\"\r\n     crossorigin=\"anonymous\"><\/script><br \/>\n<\/p>\n<div>\n<figure class=\"post-image\">\n<\/figure>\n<p><span style=\"font-size: 12px\">REPRODU\u00c7\u00c3O<\/span><\/p>\n<div id=\"taboola-read-more\" style=\"display:block; width:100%\">\n<p>Em uma movimenta\u00e7\u00e3o que pode impactar o equil\u00edbrio entre os poderes no Brasil, o Congresso Nacional poder\u00e1, a partir de agora, suspender a efic\u00e1cia de decis\u00f5es do Supremo Tribunal Federal (STF) com o apoio de dois ter\u00e7os de seus membros. Essa possibilidade, proposta em um novo projeto de lei, levanta debates acalorados sobre a autonomia do Judici\u00e1rio e a separa\u00e7\u00e3o de poderes.\n<\/p>\n<p>A proposta visa criar um mecanismo que permita ao Legislativo revisar decis\u00f5es consideradas controversas ou prejudiciais. Defensores argumentam que essa medida \u00e9 essencial para garantir a responsabilidade e a representatividade, enquanto cr\u00edticos temem que ela possa ser utilizada para minar a independ\u00eancia do STF e enfraquecer a prote\u00e7\u00e3o dos direitos fundamentais.<\/p>\n<p>L\u00edderes pol\u00edticos j\u00e1 expressaram suas opini\u00f5es sobre o tema. Para alguns, o projeto representa um passo necess\u00e1rio para um maior equil\u00edbrio entre os poderes. Outros alertam que essa mudan\u00e7a pode abrir precedentes perigosos, transformando o STF em um \u00f3rg\u00e3o vulner\u00e1vel \u00e0s influ\u00eancias pol\u00edticas.\n<\/p>\n<p>\u00c0 medida que o debate avan\u00e7a, a sociedade civil e especialistas em direito estar\u00e3o atentos ao desdobramento dessa proposta, que poder\u00e1 redefinir o papel do Judici\u00e1rio no Brasil. A vota\u00e7\u00e3o no Congresso est\u00e1 agendada para as pr\u00f3ximas semanas, e a expectativa \u00e9 alta sobre como essa medida poder\u00e1 impactar o futuro da democracia brasileira.\n<\/p>\n<\/div>\n<div class=\"row mt-3\">\n<div class=\"col-sm-6\">\n<p><a href=\"https:\/\/chat.whatsapp.com\/GwURnmOyPiN1XheGYvCspN\" target=\"_blank\" rel=\"noopener\"><br \/>\n<img decoding=\"async\" src=\"https:\/\/diariodobrasilnoticias.com.br\/assets-site\/images\/bot_whatsapp.png\"\/><\/a>\n<\/div>\n<div class=\"col-sm-6\">\n<a href=\"https:\/\/t.me\/+_4gTmi5LKo03OTM5\" target=\"_blank\" rel=\"noopener\"><br \/>\n<img decoding=\"async\" src=\"https:\/\/diariodobrasilnoticias.com.br\/assets-site\/images\/bot_telegram.png\"\/><\/a>\n<\/div>\n<\/div>\n<\/div>\n<p><br \/>\n<br \/><a href=\"https:\/\/diariodobrasilnoticias.com.br\/noticia\/congresso-pode-suspender-eficacia-de-decisoes-do-stf-com-voto-de-dois-tercos-66fc722a849f2\">Source link <\/a><\/p>","protected":false},"excerpt":{"rendered":"<p>REPRODU\u00c7\u00c3O Em uma movimenta\u00e7\u00e3o que pode impactar o equil\u00edbrio entre os poderes no Brasil, o Congresso Nacional poder\u00e1, a partir de agora, suspender a efic\u00e1cia de decis\u00f5es do Supremo Tribunal&hellip;<\/p>","protected":false},"author":1,"featured_media":43892,"comment_status":"closed","ping_status":"open","sticky":false,"template":"","format":"standard","meta":{"content-type":"","footnotes":""},"categories":[16],"tags":[123,2448,5313,1267],"class_list":["post-43891","post","type-post","status-publish","format-standard","has-post-thumbnail","hentry","category-noticias","tag-brasil","tag-diario","tag-noticia","tag-noticias"],"_links":{"self":[{"href":"https:\/\/tvbrazilusa.com\/pt\/wp-json\/wp\/v2\/posts\/43891","targetHints":{"allow":["GET"]}}],"collection":[{"href":"https:\/\/tvbrazilusa.com\/pt\/wp-json\/wp\/v2\/posts"}],"about":[{"href":"https:\/\/tvbrazilusa.com\/pt\/wp-json\/wp\/v2\/types\/post"}],"author":[{"embeddable":true,"href":"https:\/\/tvbrazilusa.com\/pt\/wp-json\/wp\/v2\/users\/1"}],"replies":[{"embeddable":true,"href":"https:\/\/tvbrazilusa.com\/pt\/wp-json\/wp\/v2\/comments?post=43891"}],"version-history":[{"count":1,"href":"https:\/\/tvbrazilusa.com\/pt\/wp-json\/wp\/v2\/posts\/43891\/revisions"}],"predecessor-version":[{"id":43893,"href":"https:\/\/tvbrazilusa.com\/pt\/wp-json\/wp\/v2\/posts\/43891\/revisions\/43893"}],"wp:featuredmedia":[{"embeddable":true,"href":"https:\/\/tvbrazilusa.com\/pt\/wp-json\/wp\/v2\/media\/43892"}],"wp:attachment":[{"href":"https:\/\/tvbrazilusa.com\/pt\/wp-json\/wp\/v2\/media?parent=43891"}],"wp:term":[{"taxonomy":"category","embeddable":true,"href":"https:\/\/tvbrazilusa.com\/pt\/wp-json\/wp\/v2\/categories?post=43891"},{"taxonomy":"post_tag","embeddable":true,"href":"https:\/\/tvbrazilusa.com\/pt\/wp-json\/wp\/v2\/tags?post=43891"}],"curies":[{"name":"wp","href":"https:\/\/api.w.org\/{rel}","templated":true}]}}