{"id":43934,"date":"2024-10-02T02:36:21","date_gmt":"2024-10-02T02:36:21","guid":{"rendered":"https:\/\/tvbrazilusa.com\/2024\/10\/02\/temos-um-presidente-inexistente-afirma-trump-apos-ataques-do-ira\/"},"modified":"2024-10-02T02:36:22","modified_gmt":"2024-10-02T02:36:22","slug":"temos-um-presidente-inexistente-afirma-trump-apos-ataques-do-ira","status":"publish","type":"post","link":"https:\/\/tvbrazilusa.com\/pt\/2024\/10\/02\/temos-um-presidente-inexistente-afirma-trump-apos-ataques-do-ira\/","title":{"rendered":"\u201cTemos um presidente inexistente\u201d, afirma Trump ap\u00f3s ataques do Ir\u00e3"},"content":{"rendered":"<p> <script async src=\"https:\/\/pagead2.googlesyndication.com\/pagead\/js\/adsbygoogle.js?client=ca-pub-8864793242727901\"\r\n     crossorigin=\"anonymous\"><\/script><br \/>\n<\/p>\n<div id=\"taboola-read-more\" style=\"display:block; width:100%\">\n<p>Ap\u00f3s os iranianos atacarem Tel Aviv, capital de Israel, com centenas de m\u00edsseis nesta ter\u00e7a-feira (1\/10), o ex-presidente dos Estados Unidos Donald Trump afirmou que \u201co mundo est\u00e1 pegando fogo e saindo do controle\u201d. \u201cN\u00e3o temos lideran\u00e7a, ningu\u00e9m comandando o pa\u00eds\u201d, comentou em nota o candidato republicano \u00e0 presid\u00eancia dos EUA.\n<\/p>\n<p>Trump chamou o presidente Joe Bidem de \u201cinexistente\u201d e a vice-presidente e canditada pelo Partido Democrata, Kamala Harris, de \u201causente\u201d. O republicano lembrou seu mandato como presidente e afirmou que, durante seu governo, \u201co Ir\u00e3 n\u00e3o tinha for\u00e7as\u201d.<\/p>\n<p>\u201cQuando eu era presidente, o Ir\u00e3 estava em xeque total. Eles estavam famintos por dinheiro, totalmente contidos e desesperados para fazer um acordo. Kamala os inundou com dinheiro americano e, desde ent\u00e3o, eles t\u00eam exportado terror para todo lado e desvendado o Oriente M\u00e9dio\u201d, afirmou Trump.\n<\/p>\n<p>\u00a0<\/p>\n<p>O candidato republicano tamb\u00e9m n\u00e3o poupou cr\u00edticas a sua oponente Kamala Harris e seu poss\u00edvel mandato presidencial.\n<\/p>\n<p>\u201cN\u00e3o \u00e9 nenhuma surpresa que o Ir\u00e3 queira desesperadamente que Kamala Harris seja presidente, porque eles sabem que, enquanto ela estiver no poder, eles podem tirar vantagem da Am\u00e9rica. \u00c9 por isso que eles tentaram me atingir\u201d, disse o ex-presidente.\n<\/p>\n<p>\u00a0<\/p>\n<p>Na nota divulgada nas redes sociais, Trump concluiu destacando que ele seria o \u00fanico a impedir as guerras que o mundo est\u00e1 vivenciando.\n<\/p>\n<p><strong>Metr\u00f3poles\u00a0<\/strong> <\/p>\n<\/div>\n<p><br \/>\n<br \/><a href=\"https:\/\/diariodobrasilnoticias.com.br\/noticia\/-temos-um-presidente-inexistente-afirma-trump-apos-ataques-do-ira-66fc8a1b4183a\">Source link <\/a><\/p>","protected":false},"excerpt":{"rendered":"<p>Ap\u00f3s os iranianos atacarem Tel Aviv, capital de Israel, com centenas de m\u00edsseis nesta ter\u00e7a-feira (1\/10), o ex-presidente dos Estados Unidos Donald Trump afirmou que \u201co mundo est\u00e1 pegando fogo&hellip;<\/p>","protected":false},"author":1,"featured_media":43935,"comment_status":"closed","ping_status":"open","sticky":false,"template":"","format":"standard","meta":{"content-type":"","footnotes":""},"categories":[16],"tags":[123,2448,5313,1267],"class_list":["post-43934","post","type-post","status-publish","format-standard","has-post-thumbnail","hentry","category-noticias","tag-brasil","tag-diario","tag-noticia","tag-noticias"],"_links":{"self":[{"href":"https:\/\/tvbrazilusa.com\/pt\/wp-json\/wp\/v2\/posts\/43934","targetHints":{"allow":["GET"]}}],"collection":[{"href":"https:\/\/tvbrazilusa.com\/pt\/wp-json\/wp\/v2\/posts"}],"about":[{"href":"https:\/\/tvbrazilusa.com\/pt\/wp-json\/wp\/v2\/types\/post"}],"author":[{"embeddable":true,"href":"https:\/\/tvbrazilusa.com\/pt\/wp-json\/wp\/v2\/users\/1"}],"replies":[{"embeddable":true,"href":"https:\/\/tvbrazilusa.com\/pt\/wp-json\/wp\/v2\/comments?post=43934"}],"version-history":[{"count":1,"href":"https:\/\/tvbrazilusa.com\/pt\/wp-json\/wp\/v2\/posts\/43934\/revisions"}],"predecessor-version":[{"id":43936,"href":"https:\/\/tvbrazilusa.com\/pt\/wp-json\/wp\/v2\/posts\/43934\/revisions\/43936"}],"wp:featuredmedia":[{"embeddable":true,"href":"https:\/\/tvbrazilusa.com\/pt\/wp-json\/wp\/v2\/media\/43935"}],"wp:attachment":[{"href":"https:\/\/tvbrazilusa.com\/pt\/wp-json\/wp\/v2\/media?parent=43934"}],"wp:term":[{"taxonomy":"category","embeddable":true,"href":"https:\/\/tvbrazilusa.com\/pt\/wp-json\/wp\/v2\/categories?post=43934"},{"taxonomy":"post_tag","embeddable":true,"href":"https:\/\/tvbrazilusa.com\/pt\/wp-json\/wp\/v2\/tags?post=43934"}],"curies":[{"name":"wp","href":"https:\/\/api.w.org\/{rel}","templated":true}]}}