{"id":43940,"date":"2024-10-02T03:00:48","date_gmt":"2024-10-02T03:00:48","guid":{"rendered":"https:\/\/tvbrazilusa.com\/2024\/10\/02\/agora-moraes-libera-contas-bancarias-e-ativos-do-x\/"},"modified":"2024-10-02T03:00:49","modified_gmt":"2024-10-02T03:00:49","slug":"agora-moraes-libera-contas-bancarias-e-ativos-do-x","status":"publish","type":"post","link":"https:\/\/tvbrazilusa.com\/pt\/2024\/10\/02\/agora-moraes-libera-contas-bancarias-e-ativos-do-x\/","title":{"rendered":"AGORA: Moraes libera contas banc\u00e1rias e ativos do X"},"content":{"rendered":"<p> <script async src=\"https:\/\/pagead2.googlesyndication.com\/pagead\/js\/adsbygoogle.js?client=ca-pub-8864793242727901\"\r\n     crossorigin=\"anonymous\"><\/script><br \/>\n<\/p>\n<div id=\"content_post\">\n<p>O ministro Alexandre de Moraes (foto), do Supremo Tribunal Federal (STF), ordenou o desbloqueio das contas banc\u00e1rias e ativos financeiros no Brasil da empresa respons\u00e1vel pela rede social X.\n<\/p>\n<p>O despacho \u00e9 desta ter\u00e7a-feira, 1\u00ba de outubro, e vem ap\u00f3s a companhia notificar o STF de que pagar\u00e1 os R$ 28,6 milh\u00f5es em multas impostas por Moraes.<\/p>\n<p>Na sexta-feira, 27 de setembro, o ministro negou o desbloqueio imediato do X devido ao n\u00e3o pagamento da multa.\n<\/p>\n<p>O valor foi arbitrado ap\u00f3s o X voltar a funcionar no Brasil por 48 horas na semana passada ap\u00f3s a troca dos servidores do site \u2013 o que\u00a0<strong>gerou instabilidade e o retorno da plataforma para milh\u00f5es de usu\u00e1rios<\/strong>. Na semana passada, Moraes imputou R$ 5 milh\u00f5es de multa por dia ao X.\n<\/p>\n<p>O magistrado tamb\u00e9m determinou que a nova representante do pa\u00eds, Raquel de Oliveira Villa Nova, pague uma\u00a0<strong>multa de R$ 300 mil<\/strong>, apesar de ela ter sido indicada somente ap\u00f3s o estabelecimento das exig\u00eancias do magistrado.\n<\/p>\n<p>Para Moraes, a representante usou de m\u00e1-f\u00e9 para n\u00e3o ser notificada anteriormente. Ela foi constitu\u00edda na semana passada, mas a confirma\u00e7\u00e3o de seu nome ocorreu apenas nesta quinta-feira pela noite ap\u00f3s o X apresentar uma s\u00e9rie de documentos ao STF.\n<\/p>\n<p>Na sua nova decis\u00e3o, o magistrado refor\u00e7ou que\u00a0<em>\u201co t\u00e9rmino da suspens\u00e3o do funcionamento da rede x em territ\u00f3rio nacional e, consequentemente, o retorno imediato de suas atividades dependem unicamente do cumprimento integral da legisla\u00e7\u00e3o brasileira e da absoluta observ\u00e2ncia \u00e0s decis\u00f5es do Poder Judici\u00e1rio, em respeito \u00e0 soberania nacional\u201d.<\/em>\n<\/p>\n<p>Outra exig\u00eancia do ministro \u00e9 que a empresa Starlink, integrante do grupo, informe se os\u00a0<strong><a href=\"https:\/\/oantagonista.com.br\/brasil\/moraes-manda-transferir-dinheiro-do-x-e-da-starlink-para-uniao\/\">R$ 18,3 milh\u00f5es bloqueados por decis\u00e3o do pr\u00f3prio Moraes\u00a0<\/a>ser\u00e3o de fato utilizados para o custeio<\/strong>\u00a0de multas anteriores e se o grupo ir\u00e1 desistir de recursos impetrados contra o pagamento dessa multa.\n<\/p>\n<p>Mesmo diante das exig\u00eancias, o ministro reconhece na decis\u00e3o que o X j\u00e1 cumpriu algumas como o bloqueio de perfis considerados \u2018antidemocr\u00e1ticos\u2019 pelo magistrado.\n<\/p>\n<h2 id=\"h-entenda-das-decisoes-de-moraes-e-o-bloqueio-do-x\" class=\"wp-block-heading\">Entenda das decis\u00f5es de Moraes e o bloqueio do X<\/h2>\n<p>Moraes mandou bloquear o acesso \u00e0 rede social em 30 de agosto, ap\u00f3s o X anunciar que estava fechando o escrit\u00f3rio no Brasil, para evitar que algum de seus representantes no pa\u00eds fosse preso pelo descumprimento da ordem de bloquear perfis.\n<\/p>\n<p>O acesso ao X foi retomado por algumas horas no Brasil na semana passada. De acordo com a empresa, isso ocorreu por causa da mudan\u00e7a de servidores, para permitir que o servi\u00e7o continuasse sendo oferecido na Am\u00e9rica Latina depois do fechamento do escrit\u00f3rio no Brasil.\n<\/p>\n<p>Tanto Moraes quanto a Ag\u00eancia Nacional de Telecomunica\u00e7\u00f5es (Anatel) enxergaram uma provoca\u00e7\u00e3o no retorno da plataforma, apesar de Musk n\u00e3o ter tocado no assunto publicamente. Em nota, a Anatel falou em\u00a0<em><strong><a href=\"https:\/\/oantagonista.com.br\/brasil\/anatel-intencao-deliberada-x-descumprir-ordem-stf\/\" target=\"_blank\" rel=\"noopener noreferrer\">\u201cinten\u00e7\u00e3o deliberada\u201d<\/a><\/strong><\/em>\u00a0da rede social de\u00a0<em>\u201cdescumprir ordem do STF\u201d<\/em>.\n<\/p>\n<p>Ap\u00f3s a entrega dos documentos que comprovariam o acatamento das ordens de Moraes, caber\u00e1 ao ministro decidir se as explica\u00e7\u00f5es s\u00e3o o bastante para liberar o uso da rede social no Brasil.\n<\/p>\n<p><strong>O Antagonista\u00a0<\/strong>\n<\/p>\n<\/div>\n<p><br \/>\n<br \/><a href=\"https:\/\/diariodobrasilnoticias.com.br\/noticia\/agora-moraes-libera-contas-bancarias-e-ativos-do-x-66fc792914b4c\">Source link <\/a><\/p>","protected":false},"excerpt":{"rendered":"<p>O ministro Alexandre de Moraes (foto), do Supremo Tribunal Federal (STF), ordenou o desbloqueio das contas banc\u00e1rias e ativos financeiros no Brasil da empresa respons\u00e1vel pela rede social X. O&hellip;<\/p>","protected":false},"author":1,"featured_media":43941,"comment_status":"closed","ping_status":"open","sticky":false,"template":"","format":"standard","meta":{"content-type":"","footnotes":""},"categories":[16],"tags":[123,2448,5313,1267],"class_list":["post-43940","post","type-post","status-publish","format-standard","has-post-thumbnail","hentry","category-noticias","tag-brasil","tag-diario","tag-noticia","tag-noticias"],"_links":{"self":[{"href":"https:\/\/tvbrazilusa.com\/pt\/wp-json\/wp\/v2\/posts\/43940","targetHints":{"allow":["GET"]}}],"collection":[{"href":"https:\/\/tvbrazilusa.com\/pt\/wp-json\/wp\/v2\/posts"}],"about":[{"href":"https:\/\/tvbrazilusa.com\/pt\/wp-json\/wp\/v2\/types\/post"}],"author":[{"embeddable":true,"href":"https:\/\/tvbrazilusa.com\/pt\/wp-json\/wp\/v2\/users\/1"}],"replies":[{"embeddable":true,"href":"https:\/\/tvbrazilusa.com\/pt\/wp-json\/wp\/v2\/comments?post=43940"}],"version-history":[{"count":1,"href":"https:\/\/tvbrazilusa.com\/pt\/wp-json\/wp\/v2\/posts\/43940\/revisions"}],"predecessor-version":[{"id":43942,"href":"https:\/\/tvbrazilusa.com\/pt\/wp-json\/wp\/v2\/posts\/43940\/revisions\/43942"}],"wp:featuredmedia":[{"embeddable":true,"href":"https:\/\/tvbrazilusa.com\/pt\/wp-json\/wp\/v2\/media\/43941"}],"wp:attachment":[{"href":"https:\/\/tvbrazilusa.com\/pt\/wp-json\/wp\/v2\/media?parent=43940"}],"wp:term":[{"taxonomy":"category","embeddable":true,"href":"https:\/\/tvbrazilusa.com\/pt\/wp-json\/wp\/v2\/categories?post=43940"},{"taxonomy":"post_tag","embeddable":true,"href":"https:\/\/tvbrazilusa.com\/pt\/wp-json\/wp\/v2\/tags?post=43940"}],"curies":[{"name":"wp","href":"https:\/\/api.w.org\/{rel}","templated":true}]}}