{"id":43946,"date":"2024-10-02T03:29:31","date_gmt":"2024-10-02T03:29:31","guid":{"rendered":"https:\/\/tvbrazilusa.com\/2024\/10\/02\/urgente-aviao-presidencial-com-lula-a-bordo-esta-tendo-problemas-apos-sair-do-mexico\/"},"modified":"2024-10-02T03:29:32","modified_gmt":"2024-10-02T03:29:32","slug":"urgente-aviao-presidencial-com-lula-a-bordo-esta-tendo-problemas-apos-sair-do-mexico","status":"publish","type":"post","link":"https:\/\/tvbrazilusa.com\/pt\/2024\/10\/02\/urgente-aviao-presidencial-com-lula-a-bordo-esta-tendo-problemas-apos-sair-do-mexico\/","title":{"rendered":"URGENTE: avi\u00e3o presidencial com Lula a bordo est\u00e1 tendo problemas ap\u00f3s sair do M\u00e9xico"},"content":{"rendered":"<p> <script async src=\"https:\/\/pagead2.googlesyndication.com\/pagead\/js\/adsbygoogle.js?client=ca-pub-8864793242727901\"\r\n     crossorigin=\"anonymous\"><\/script><br \/>\n<\/p>\n<div id=\"taboola-read-more\" style=\"display:block; width:100%\">\n<p>O avi\u00e3o do presidente\u00a0<a href=\"https:\/\/www.metropoles.com\/tag\/lula\">Lula<\/a>\u00a0enfrentou um problema t\u00e9cnico logo ap\u00f3s decolar, na tarde desta ter\u00e7a-feira (1\u00ba\/10), do aeroporto internacional da Cidade do M\u00e9xico rumo ao Brasil.\n<\/p>\n<p data-gtm-vis-recent-on-screen104869357_94=\"32217\" data-gtm-vis-first-on-screen104869357_94=\"32218\" data-gtm-vis-total-visible-time104869357_94=\"100\" data-gtm-vis-has-fired104869357_94=\"1\">Por conta do problema, a aeronave ter\u00e1 de retornar ao aeroporto. Para isso, o avi\u00e3o est\u00e1 dando voltas no espa\u00e7o a\u00e9reo mexicano para gastar combust\u00edvel e, assim, poder pousar em seguran\u00e7a.<\/p>\n<p data-gtm-vis-recent-on-screen104869357_94=\"32217\" data-gtm-vis-first-on-screen104869357_94=\"32218\" data-gtm-vis-total-visible-time104869357_94=\"100\" data-gtm-vis-has-fired104869357_94=\"1\">\u00a0\n<\/p>\n<p data-gtm-vis-recent-on-screen104869357_94=\"32217\" data-gtm-vis-first-on-screen104869357_94=\"32218\" data-gtm-vis-total-visible-time104869357_94=\"100\" data-gtm-vis-has-fired104869357_94=\"1\">\u00a0\n<\/p>\n<p>Segundo fontes do Pal\u00e1cio do Planalto, ap\u00f3s o pouso do avi\u00e3o presidencial, Lula trocar\u00e1 de aeronave e embarcar\u00e1 no avi\u00e3o de apoio rumo a Bras\u00edlia ainda nesta ter\u00e7a-feira.\n<\/p>\n<p>Em nota, a For\u00e7a A\u00e9rea Brasileira (FAB) informou que a aeronave presidencial apresentou \u201cum problema t\u00e9cnico\u201d ap\u00f3s a decolagem e que os pilotos aguardam o \u201cconsumo de combust\u00edvel necess\u00e1rio\u201d para retornar ao aeroporto.\n<\/p>\n<p>Veja a nota da FAB na \u00edntegra:\n<\/p>\n<p>\u00a0<\/p>\n<p>\u201c<em>A aeronave presidencial VC-1, que transporta o senhor presidente da Rep\u00fablica no trecho entre o M\u00e9xico e o Brasil, apresentou um problema t\u00e9cnico ap\u00f3s a decolagem do Aeroporto da Cidade do M\u00e9xico, nesta ter\u00e7a-feira (01\/10).<\/em>\n<\/p>\n<p><em>Realizados, com sucesso, os procedimentos de seguran\u00e7a para solu\u00e7\u00e3o do problema apresentado, os pilotos aguardam o consumo de combust\u00edvel necess\u00e1rio para retornarem ao mesmo aer\u00f3dromo da decolagem, com troca de aeronave e regresso a Bras\u00edlia<\/em>\u201c.\n<\/p>\n<h4>O trajeto do avi\u00e3o de Lula<\/h4>\n<p>A aeronave presidencial decolou do aeroporto internacional General Felipe \u00c1ngeles, na Cidade do M\u00e9xico, \u00e0s 14h19, hor\u00e1rio local, 17h19 no hor\u00e1rio de Bras\u00edlia. Desde ent\u00e3o, o avi\u00e3o d\u00e1 voltas sobre o espa\u00e7o a\u00e9reo mexicano.\n<\/p>\n<p>Lula estava no M\u00e9xico desde o domingo (29\/9) para a acompanhar a posse da nova presidente daquele pa\u00eds, Claudia Sheinbaum. A cerim\u00f4nia aconteceu na manh\u00e3 desta ter\u00e7a.\n<\/p>\n<p>O chefe do Pal\u00e1cio do Planalto est\u00e1 acompanhando da primeira-dama Ros\u00e2ngela da Silva, a Janja, e de alguns de seus ministros. Entre eles, o chanceler Mauro Vieira.\n<\/p>\n<p><strong>Metr\u00f3poles\u00a0<\/strong> <\/p>\n<\/div>\n<p><br \/>\n<br \/><a href=\"https:\/\/diariodobrasilnoticias.com.br\/noticia\/urgente-aviao-presidencial-com-lula-a-bordo-esta-tendo-problemas-apos-sair-do-mexico-66fc7807b633e\">Source link <\/a><\/p>","protected":false},"excerpt":{"rendered":"<p>O avi\u00e3o do presidente\u00a0Lula\u00a0enfrentou um problema t\u00e9cnico logo ap\u00f3s decolar, na tarde desta ter\u00e7a-feira (1\u00ba\/10), do aeroporto internacional da Cidade do M\u00e9xico rumo ao Brasil. Por conta do problema, a&hellip;<\/p>","protected":false},"author":1,"featured_media":43947,"comment_status":"closed","ping_status":"open","sticky":false,"template":"","format":"standard","meta":{"content-type":"","footnotes":""},"categories":[16],"tags":[123,2448,5313,1267],"class_list":["post-43946","post","type-post","status-publish","format-standard","has-post-thumbnail","hentry","category-noticias","tag-brasil","tag-diario","tag-noticia","tag-noticias"],"_links":{"self":[{"href":"https:\/\/tvbrazilusa.com\/pt\/wp-json\/wp\/v2\/posts\/43946","targetHints":{"allow":["GET"]}}],"collection":[{"href":"https:\/\/tvbrazilusa.com\/pt\/wp-json\/wp\/v2\/posts"}],"about":[{"href":"https:\/\/tvbrazilusa.com\/pt\/wp-json\/wp\/v2\/types\/post"}],"author":[{"embeddable":true,"href":"https:\/\/tvbrazilusa.com\/pt\/wp-json\/wp\/v2\/users\/1"}],"replies":[{"embeddable":true,"href":"https:\/\/tvbrazilusa.com\/pt\/wp-json\/wp\/v2\/comments?post=43946"}],"version-history":[{"count":1,"href":"https:\/\/tvbrazilusa.com\/pt\/wp-json\/wp\/v2\/posts\/43946\/revisions"}],"predecessor-version":[{"id":43948,"href":"https:\/\/tvbrazilusa.com\/pt\/wp-json\/wp\/v2\/posts\/43946\/revisions\/43948"}],"wp:featuredmedia":[{"embeddable":true,"href":"https:\/\/tvbrazilusa.com\/pt\/wp-json\/wp\/v2\/media\/43947"}],"wp:attachment":[{"href":"https:\/\/tvbrazilusa.com\/pt\/wp-json\/wp\/v2\/media?parent=43946"}],"wp:term":[{"taxonomy":"category","embeddable":true,"href":"https:\/\/tvbrazilusa.com\/pt\/wp-json\/wp\/v2\/categories?post=43946"},{"taxonomy":"post_tag","embeddable":true,"href":"https:\/\/tvbrazilusa.com\/pt\/wp-json\/wp\/v2\/tags?post=43946"}],"curies":[{"name":"wp","href":"https:\/\/api.w.org\/{rel}","templated":true}]}}