{"id":43963,"date":"2024-10-02T04:27:50","date_gmt":"2024-10-02T04:27:50","guid":{"rendered":"https:\/\/tvbrazilusa.com\/2024\/10\/02\/netanyahu-afirma-que-o-ira-cometeu-um-grande-erro-e-vai-pagar-apos-o-ataque-em-israel\/"},"modified":"2024-10-02T04:27:51","modified_gmt":"2024-10-02T04:27:51","slug":"netanyahu-afirma-que-o-ira-cometeu-um-grande-erro-e-vai-pagar-apos-o-ataque-em-israel","status":"publish","type":"post","link":"https:\/\/tvbrazilusa.com\/pt\/2024\/10\/02\/netanyahu-afirma-que-o-ira-cometeu-um-grande-erro-e-vai-pagar-apos-o-ataque-em-israel\/","title":{"rendered":"Netanyahu afirma que o Ir\u00e3 \u201ccometeu um grande erro\u201d e \u201cvai pagar\u201d ap\u00f3s o ataque em Israel"},"content":{"rendered":"<p> <script async src=\"https:\/\/pagead2.googlesyndication.com\/pagead\/js\/adsbygoogle.js?client=ca-pub-8864793242727901\"\r\n     crossorigin=\"anonymous\"><\/script><br \/>\n<\/p>\n<div id=\"taboola-read-more\" style=\"display:block; width:100%\">\n<p>O primeiro-ministro de Israel Benjamin Netanyahu disse que o Ir\u00e3 \u201ccometeu um grande erro\u201d e \u201cvai pagar\u201d ap\u00f3s lan\u00e7ar um ataque com m\u00edsseis no pa\u00eds nesta ter\u00e7a-feira (1\u00ba).\n<\/p>\n<p>\u201cHoje \u00e0 noite, o Ir\u00e3 atacou Israel novamente com centenas de m\u00edsseis. Este ataque falhou. Foi frustrado gra\u00e7as ao sistema de defesa a\u00e9rea de Israel, que \u00e9 o mais avan\u00e7ado do mundo\u201d, disse Netanyahu em uma reuni\u00e3o com seu gabinete de seguran\u00e7a pol\u00edtica.<\/p>\n<p>\u201cParabenizo as IDF (For\u00e7as de Defesa de Israel) por sua conquista impressionante\u201d, ele acrescenta no v\u00eddeo divulgado pela assessoria de imprensa do governo israelense.\n<\/p>\n<p>\u201cTamb\u00e9m foi frustrado gra\u00e7as \u00e0 vigil\u00e2ncia e responsabilidade demonstradas por voc\u00eas, os cidad\u00e3os de Israel. Tamb\u00e9m agrade\u00e7o aos Estados Unidos por seu apoio em nosso esfor\u00e7o de defesa\u201d, disse Netanyahu.\n<\/p>\n<p>O l\u00edder israelense continua: \u201cO Ir\u00e3 cometeu um grande erro esta noite e vai pagar por isso. O regime no Ir\u00e3 n\u00e3o entende nossa determina\u00e7\u00e3o em nos defender e nossa determina\u00e7\u00e3o em retaliar contra nossos inimigos\u201d.\n<\/p>\n<p>\u201cN\u00f3s manteremos a regra que estabelecemos: quem nos atacar, n\u00f3s o atacaremos\u201d, ele acrescentou.\n<\/p>\n<p>Netanyahu tamb\u00e9m abordou o ataque no bairro de Jaffa, em Tel Aviv, enviando condol\u00eancias \u00e0s fam\u00edlias dos mortos. \u201cAssim como no ataque com m\u00edsseis, h\u00e1 tamb\u00e9m uma m\u00e3o deliberada e assassina por tr\u00e1s deste ataque \u2013 ele vem de Teer\u00e3\u201d, disse.\n<\/p>\n<p>Entenda o conflito no Oriente M\u00e9dio<br \/>O ataque do Ir\u00e3 contra Israel acontece em meio \u00e0 guerra entre o Ex\u00e9rcito israelense e o Hezbollah, grupo paramilitar liban\u00eas apoiado pelo governo iraniano.\n<\/p>\n<p>A ofensiva ocorre um dia ap\u00f3s o Ex\u00e9rcito de Israel iniciar uma \u201copera\u00e7\u00e3o terrestre limitada\u201d no L\u00edbano.\n<\/p>\n<p>Israel tem lan\u00e7ado uma s\u00e9rie de ataques a\u00e9reos em regi\u00f5es no pa\u00eds vizinho. No dia 23 de setembro, o pa\u00eds teve o dia mais mortal desde a guerra de 2006, com mais de 500 v\u00edtimas fatais.\n<\/p>\n<p>Segundo os militares israelenses, os alvos s\u00e3o integrantes e infraestrutura b\u00e9lica do Hezbollah, uma das for\u00e7as paramilitares mais poderosas do Oriente M\u00e9dio e que \u00e9 apoiada pelo Ir\u00e3.\n<\/p>\n<p>A ofensiva atingiu diversos pontos no L\u00edbano, incluindo a capital do pa\u00eds, Beirute. Milhares de pessoas buscaram ref\u00fagio em abrigos e deixaram cidades do sul do pa\u00eds.\n<\/p>\n<p>O chefe do Hezbollah, Hassan Nasrallah, foi morto em um ataque a\u00e9reo israelense em Beirute, conforme confirmado pelo pr\u00f3prio grupo.\n<\/p>\n<p>Hezbollah e Israel come\u00e7aram a trocar ataques ap\u00f3s o in\u00edcio da guerra na Faixa de Gaza. O grupo liban\u00eas \u00e9 aliado do Hamas, que invadiu o territ\u00f3rio israelense em 7 de outubro de 2023, matando centenas de pessoas e capturando ref\u00e9ns.\n<\/p>\n<p>Devido aos bombardeios, milhares de moradores do norte de Israel, onde fica a fronteira com o L\u00edbano, tiveram que ser deslocados. O primeiro-ministro Benjamin Netanyahu prometeu diversas vezes fazer com que esses cidad\u00e3os retornem para suas casas.\n<\/p>\n<p>No dia 17 de setembro, Israel adicionou o retorno desses moradores como um objetivo oficial de guerra.\n<\/p>\n<p>Ao menos dois adolescentes brasileiros morreram nos ataques. O Itamaraty condenou a situa\u00e7\u00e3o e pediu o fim das hostilidades.\n<\/p>\n<p>Com o aumento das hostilidades, o governo brasileiro anunciou uma opera\u00e7\u00e3o para repatriar brasileiros no L\u00edbano.\n<\/p>\n<p><strong>CNN<\/strong> <\/p>\n<\/div>\n<p><br \/>\n<br \/><a href=\"https:\/\/diariodobrasilnoticias.com.br\/noticia\/netanyahu-afirma-que-o-ira-cometeu-um-grande-erro-e-vai-pagar-apos-o-ataque-em-israel-66fc88d7357a5\">Source link <\/a><\/p>","protected":false},"excerpt":{"rendered":"<p>O primeiro-ministro de Israel Benjamin Netanyahu disse que o Ir\u00e3 \u201ccometeu um grande erro\u201d e \u201cvai pagar\u201d ap\u00f3s lan\u00e7ar um ataque com m\u00edsseis no pa\u00eds nesta ter\u00e7a-feira (1\u00ba). \u201cHoje \u00e0&hellip;<\/p>","protected":false},"author":1,"featured_media":43964,"comment_status":"closed","ping_status":"open","sticky":false,"template":"","format":"standard","meta":{"content-type":"","footnotes":""},"categories":[16],"tags":[123,2448,5313,1267],"class_list":["post-43963","post","type-post","status-publish","format-standard","has-post-thumbnail","hentry","category-noticias","tag-brasil","tag-diario","tag-noticia","tag-noticias"],"_links":{"self":[{"href":"https:\/\/tvbrazilusa.com\/pt\/wp-json\/wp\/v2\/posts\/43963","targetHints":{"allow":["GET"]}}],"collection":[{"href":"https:\/\/tvbrazilusa.com\/pt\/wp-json\/wp\/v2\/posts"}],"about":[{"href":"https:\/\/tvbrazilusa.com\/pt\/wp-json\/wp\/v2\/types\/post"}],"author":[{"embeddable":true,"href":"https:\/\/tvbrazilusa.com\/pt\/wp-json\/wp\/v2\/users\/1"}],"replies":[{"embeddable":true,"href":"https:\/\/tvbrazilusa.com\/pt\/wp-json\/wp\/v2\/comments?post=43963"}],"version-history":[{"count":1,"href":"https:\/\/tvbrazilusa.com\/pt\/wp-json\/wp\/v2\/posts\/43963\/revisions"}],"predecessor-version":[{"id":43965,"href":"https:\/\/tvbrazilusa.com\/pt\/wp-json\/wp\/v2\/posts\/43963\/revisions\/43965"}],"wp:featuredmedia":[{"embeddable":true,"href":"https:\/\/tvbrazilusa.com\/pt\/wp-json\/wp\/v2\/media\/43964"}],"wp:attachment":[{"href":"https:\/\/tvbrazilusa.com\/pt\/wp-json\/wp\/v2\/media?parent=43963"}],"wp:term":[{"taxonomy":"category","embeddable":true,"href":"https:\/\/tvbrazilusa.com\/pt\/wp-json\/wp\/v2\/categories?post=43963"},{"taxonomy":"post_tag","embeddable":true,"href":"https:\/\/tvbrazilusa.com\/pt\/wp-json\/wp\/v2\/tags?post=43963"}],"curies":[{"name":"wp","href":"https:\/\/api.w.org\/{rel}","templated":true}]}}