{"id":44021,"date":"2024-10-02T10:21:51","date_gmt":"2024-10-02T10:21:51","guid":{"rendered":"https:\/\/tvbrazilusa.com\/2024\/10\/02\/tracos-de-personalidade-podem-indicar-risco-de-demencia-entenda\/"},"modified":"2024-10-02T10:21:52","modified_gmt":"2024-10-02T10:21:52","slug":"tracos-de-personalidade-podem-indicar-risco-de-demencia-entenda","status":"publish","type":"post","link":"https:\/\/tvbrazilusa.com\/pt\/2024\/10\/02\/tracos-de-personalidade-podem-indicar-risco-de-demencia-entenda\/","title":{"rendered":"Tra\u00e7os de personalidade podem indicar risco de dem\u00eancia; ENTENDA"},"content":{"rendered":"<p> <script async src=\"https:\/\/pagead2.googlesyndication.com\/pagead\/js\/adsbygoogle.js?client=ca-pub-8864793242727901\"\r\n     crossorigin=\"anonymous\"><\/script><br \/>\n<\/p>\n<div id=\"taboola-read-more\" style=\"display:block; width:100%\">\n<p>Um estudo inovador, divulgado na revista Alzheimer\u2019s and Dementia, revelou uma conex\u00e3o significativa entre determinados tra\u00e7os de personalidade e o risco de desenvolver dem\u00eancia. A pesquisa analisou dados de oito estudos, abrangendo 44.531 participantes com idades entre 49 e 81 anos. Dentre eles, 1.703 indiv\u00edduos foram diagnosticados com dem\u00eancia.\n<\/p>\n<p>Os participantes foram submetidos a avalia\u00e7\u00f5es de personalidade e exames cerebrais p\u00f3s-morte, permitindo aos pesquisadores investigar como caracter\u00edsticas pessoais influenciam a sa\u00fade cerebral.<\/p>\n<p>Os cinco tra\u00e7os de personalidade\n<\/p>\n<p>Os pesquisadores focaram nos \u201ccinco grandes\u201d tra\u00e7os de personalidade:\n<\/p>\n<ul>\n<li>Abertura a experi\u00eancias: Inclui a curiosidade e a busca por novas viv\u00eancias.<\/li>\n<li>Conscienciosidade: Relaciona-se \u00e0 organiza\u00e7\u00e3o e ao autocontrole.<\/li>\n<li>Extrovers\u00e3o: Refere-se \u00e0 prefer\u00eancia por intera\u00e7\u00f5es sociais.<\/li>\n<li>Amabilidade: Envolve a cooperatividade e a confian\u00e7a nos outros.<\/li>\n<li>Neuroticismo: Est\u00e1 associado \u00e0 sensibilidade ao estresse e emo\u00e7\u00f5es negativas.<\/li>\n<\/ul>\n<p>Al\u00e9m disso, os cientistas analisaram o impacto de um afeto positivo, caracterizado por emo\u00e7\u00f5es como alegria e confian\u00e7a, em contraposi\u00e7\u00e3o ao afeto negativo, que envolve sentimentos de raiva e nervosismo.\n<\/p>\n<p><strong>Resultados e implica\u00e7\u00f5es<\/strong><br \/>Os resultados indicaram uma intera\u00e7\u00e3o complexa entre personalidade e o risco de dem\u00eancia. O neuroticismo e o afeto negativo se mostraram fatores de risco, enquanto a conscienciosidade, a extrovers\u00e3o e o afeto positivo atuaram como protetores. Contudo, em rela\u00e7\u00e3o aos indicadores neuropatol\u00f3gicos, n\u00e3o foi encontrada uma associa\u00e7\u00e3o consistente entre tra\u00e7os de personalidade e danos cerebrais.\n<\/p>\n<p>Os autores do estudo destacaram que, embora certos tra\u00e7os de personalidade possam influenciar o risco de dem\u00eancia, eles n\u00e3o est\u00e3o necessariamente ligados a les\u00f5es cerebrais. A pesquisa sugere que caracter\u00edsticas como a abertura a experi\u00eancias podem oferecer prote\u00e7\u00e3o contra o diagn\u00f3stico de dem\u00eancia em at\u00e9 42% dos estudos analisados.\n<\/p>\n<p>Esses achados refor\u00e7am a import\u00e2ncia de considerar tra\u00e7os de personalidade na identifica\u00e7\u00e3o precoce e nas estrat\u00e9gias de tratamento da dem\u00eancia, al\u00e9m de ajudar na estratifica\u00e7\u00e3o de risco.\n<\/p>\n<p>Fonte: Catraca Livre <\/p>\n<\/div>\n<p><br \/>\n<br \/><a href=\"https:\/\/diariodobrasilnoticias.com.br\/noticia\/tracos-de-personalidade-podem-indicar-risco-de-demencia-entenda-66fcc77666865\">Source link <\/a><\/p>","protected":false},"excerpt":{"rendered":"<p>Um estudo inovador, divulgado na revista Alzheimer\u2019s and Dementia, revelou uma conex\u00e3o significativa entre determinados tra\u00e7os de personalidade e o risco de desenvolver dem\u00eancia. A pesquisa analisou dados de oito&hellip;<\/p>","protected":false},"author":1,"featured_media":44022,"comment_status":"closed","ping_status":"open","sticky":false,"template":"","format":"standard","meta":{"content-type":"","footnotes":""},"categories":[16],"tags":[123,2448,5313,1267],"class_list":["post-44021","post","type-post","status-publish","format-standard","has-post-thumbnail","hentry","category-noticias","tag-brasil","tag-diario","tag-noticia","tag-noticias"],"_links":{"self":[{"href":"https:\/\/tvbrazilusa.com\/pt\/wp-json\/wp\/v2\/posts\/44021","targetHints":{"allow":["GET"]}}],"collection":[{"href":"https:\/\/tvbrazilusa.com\/pt\/wp-json\/wp\/v2\/posts"}],"about":[{"href":"https:\/\/tvbrazilusa.com\/pt\/wp-json\/wp\/v2\/types\/post"}],"author":[{"embeddable":true,"href":"https:\/\/tvbrazilusa.com\/pt\/wp-json\/wp\/v2\/users\/1"}],"replies":[{"embeddable":true,"href":"https:\/\/tvbrazilusa.com\/pt\/wp-json\/wp\/v2\/comments?post=44021"}],"version-history":[{"count":1,"href":"https:\/\/tvbrazilusa.com\/pt\/wp-json\/wp\/v2\/posts\/44021\/revisions"}],"predecessor-version":[{"id":44023,"href":"https:\/\/tvbrazilusa.com\/pt\/wp-json\/wp\/v2\/posts\/44021\/revisions\/44023"}],"wp:featuredmedia":[{"embeddable":true,"href":"https:\/\/tvbrazilusa.com\/pt\/wp-json\/wp\/v2\/media\/44022"}],"wp:attachment":[{"href":"https:\/\/tvbrazilusa.com\/pt\/wp-json\/wp\/v2\/media?parent=44021"}],"wp:term":[{"taxonomy":"category","embeddable":true,"href":"https:\/\/tvbrazilusa.com\/pt\/wp-json\/wp\/v2\/categories?post=44021"},{"taxonomy":"post_tag","embeddable":true,"href":"https:\/\/tvbrazilusa.com\/pt\/wp-json\/wp\/v2\/tags?post=44021"}],"curies":[{"name":"wp","href":"https:\/\/api.w.org\/{rel}","templated":true}]}}