{"id":44024,"date":"2024-10-02T10:37:56","date_gmt":"2024-10-02T10:37:56","guid":{"rendered":"https:\/\/tvbrazilusa.com\/2024\/10\/02\/piloto-do-aviao-de-lula-pediu-bombeiros-antes-de-pousar-no-mexico\/"},"modified":"2024-10-02T10:37:57","modified_gmt":"2024-10-02T10:37:57","slug":"piloto-do-aviao-de-lula-pediu-bombeiros-antes-de-pousar-no-mexico","status":"publish","type":"post","link":"https:\/\/tvbrazilusa.com\/pt\/2024\/10\/02\/piloto-do-aviao-de-lula-pediu-bombeiros-antes-de-pousar-no-mexico\/","title":{"rendered":"Piloto do avi\u00e3o de Lula pediu bombeiros antes de pousar no M\u00e9xico"},"content":{"rendered":"<p> <script async src=\"https:\/\/pagead2.googlesyndication.com\/pagead\/js\/adsbygoogle.js?client=ca-pub-8864793242727901\"\r\n     crossorigin=\"anonymous\"><\/script><br \/>\n<\/p>\n<div id=\"taboola-read-more\" style=\"display:block; width:100%\">\n<p>O piloto do avi\u00e3o presidencial que ficou horas no ar para se desfazer de combust\u00edvel ap\u00f3s uma pane pediu a presen\u00e7a de bombeiros na pista antes de pousar a aeronave nesta ter\u00e7a-feira (1\u00ba\/10), na Cidade do M\u00e9xico. O presidente da Rep\u00fablica, Luiz In\u00e1cio Lula da Silva, estava a bordo do VC-1, que havia decolado para retornar ao Brasil.\n<\/p>\n<p>A aeronave do presidente Lula ficou cerca de 5 horas realizando voos orbitais sobre a Cidade do M\u00e9xico. O avi\u00e3o fez o procedimento para gastar combust\u00edvel e chegar ao peso limite de aterrissagem, e assim poder retornar ao aeroporto local, de onde havia decolado nesta ter\u00e7a-feira.<\/p>\n<p>A informa\u00e7\u00e3o da solicita\u00e7\u00e3o de socorro foi registrada na comunica\u00e7\u00e3o entre a equipe de cabine da aeronave e a torre de comando do Aeroporto Felipe \u00c1ngeles, na Cidade do M\u00e9xico. A torre respondeu afirmativamente \u00e0 solicita\u00e7\u00e3o, indicando que equipes de resgate estariam a postos para o pouso.\n<\/p>\n<p>O pouso foi feito em seguran\u00e7a \u00e0s 22h16, pelo hor\u00e1rio de Bras\u00edlia, conforme informou a For\u00e7a A\u00e9rea Brasileira (FAB), por meio de nota. A FAB adiantou que o presidente far\u00e1 a troca de aeronave para que retorne a Bras\u00edlia, ainda nesta ter\u00e7a.\n<\/p>\n<p>A pane que o avi\u00e3o presidencial VC-1 apresentou \u00e9 considerada \u201ccomplexa\u201d e \u201crequer uma melhor averigua\u00e7\u00e3o\u201d. A opini\u00e3o \u00e9 do especialista em seguran\u00e7a de voo e Direito Aeron\u00e1utico, Hilton Rayol.\n<\/p>\n<p>O especialista afirmou ao Metr\u00f3poles que a decis\u00e3o de retornar parte da equipe de cabine, ap\u00f3s uma an\u00e1lise sobre as condi\u00e7\u00f5es da situa\u00e7\u00e3o.\n<\/p>\n<p>\u201cQuando voc\u00ea decola e tem uma pane, a gente fala em gerenciamento do risco. A an\u00e1lise do risco que foi feita \u00e9 de uma pane complexa. Ent\u00e3o, os pilotos decidiram que a melhor maneira era retornar, ou seja, n\u00e3o daria para prosseguir. (\u2026) \u00c9 uma pane que requer uma melhor averigua\u00e7\u00e3o\u201d, explica Rayol.\n<\/p>\n<p>As \u00f3rbitas de voo que s\u00e3o realizadas gastam combust\u00edvel de duas maneiras. A primeira \u00e9 pelo funcionamento dos motores. A segunda, explicou Rayol, \u00e9 o alijamento de combust\u00edvel. Os pilotos possuem um bot\u00e3o pelo qual conseguem dispensar o combust\u00edvel no ar. \u201cIsto tem de ser feito em uma \u00e1rea de seguran\u00e7a\u201d, completa Rayol.\n<\/p>\n<p>Fonte: Metr\u00f3poles <\/p>\n<\/div>\n<p><br \/>\n<br \/><a href=\"https:\/\/diariodobrasilnoticias.com.br\/noticia\/piloto-do-aviao-de-lula-pediu-bombeiros-antes-de-pousar-no-mexico-66fcc6e37a74a\">Source link <\/a><\/p>","protected":false},"excerpt":{"rendered":"<p>O piloto do avi\u00e3o presidencial que ficou horas no ar para se desfazer de combust\u00edvel ap\u00f3s uma pane pediu a presen\u00e7a de bombeiros na pista antes de pousar a aeronave&hellip;<\/p>","protected":false},"author":1,"featured_media":44025,"comment_status":"closed","ping_status":"open","sticky":false,"template":"","format":"standard","meta":{"content-type":"","footnotes":""},"categories":[16],"tags":[123,2448,5313,1267],"class_list":["post-44024","post","type-post","status-publish","format-standard","has-post-thumbnail","hentry","category-noticias","tag-brasil","tag-diario","tag-noticia","tag-noticias"],"_links":{"self":[{"href":"https:\/\/tvbrazilusa.com\/pt\/wp-json\/wp\/v2\/posts\/44024","targetHints":{"allow":["GET"]}}],"collection":[{"href":"https:\/\/tvbrazilusa.com\/pt\/wp-json\/wp\/v2\/posts"}],"about":[{"href":"https:\/\/tvbrazilusa.com\/pt\/wp-json\/wp\/v2\/types\/post"}],"author":[{"embeddable":true,"href":"https:\/\/tvbrazilusa.com\/pt\/wp-json\/wp\/v2\/users\/1"}],"replies":[{"embeddable":true,"href":"https:\/\/tvbrazilusa.com\/pt\/wp-json\/wp\/v2\/comments?post=44024"}],"version-history":[{"count":1,"href":"https:\/\/tvbrazilusa.com\/pt\/wp-json\/wp\/v2\/posts\/44024\/revisions"}],"predecessor-version":[{"id":44026,"href":"https:\/\/tvbrazilusa.com\/pt\/wp-json\/wp\/v2\/posts\/44024\/revisions\/44026"}],"wp:featuredmedia":[{"embeddable":true,"href":"https:\/\/tvbrazilusa.com\/pt\/wp-json\/wp\/v2\/media\/44025"}],"wp:attachment":[{"href":"https:\/\/tvbrazilusa.com\/pt\/wp-json\/wp\/v2\/media?parent=44024"}],"wp:term":[{"taxonomy":"category","embeddable":true,"href":"https:\/\/tvbrazilusa.com\/pt\/wp-json\/wp\/v2\/categories?post=44024"},{"taxonomy":"post_tag","embeddable":true,"href":"https:\/\/tvbrazilusa.com\/pt\/wp-json\/wp\/v2\/tags?post=44024"}],"curies":[{"name":"wp","href":"https:\/\/api.w.org\/{rel}","templated":true}]}}