{"id":44027,"date":"2024-10-02T10:50:46","date_gmt":"2024-10-02T10:50:46","guid":{"rendered":"https:\/\/tvbrazilusa.com\/2024\/10\/02\/autoridade-israelense-afirma-que-e-o-momento-de-atacar-a-cabeca-da-serpente-iraniana\/"},"modified":"2024-10-02T10:50:47","modified_gmt":"2024-10-02T10:50:47","slug":"autoridade-israelense-afirma-que-e-o-momento-de-atacar-a-cabeca-da-serpente-iraniana","status":"publish","type":"post","link":"https:\/\/tvbrazilusa.com\/pt\/2024\/10\/02\/autoridade-israelense-afirma-que-e-o-momento-de-atacar-a-cabeca-da-serpente-iraniana\/","title":{"rendered":"Autoridade israelense afirma que \u00e9 o momento de &#8216;atacar a cabe\u00e7a da serpente iraniana&#8217;"},"content":{"rendered":"<p> <script async src=\"https:\/\/pagead2.googlesyndication.com\/pagead\/js\/adsbygoogle.js?client=ca-pub-8864793242727901\"\r\n     crossorigin=\"anonymous\"><\/script><br \/>\n<\/p>\n<div id=\"taboola-read-more\" style=\"display:block; width:100%\">\n<p class=\"dark:base-text-neutral-high-400 base-text-[calc(theme(fontSize.xs)_*_var(--font-size,_1))] base-font-normal base-font-primary base-text-neutral-low-500 base-text-left\"><span class=\"b-article-body__text\">Um alto oficial da seguran\u00e7a de Israel falou ao jornal local Yedioth Ahronoth que o pa\u00eds n\u00e3o permanecer\u00e1 em sil\u00eancio depois do ataque com\u00a0<a title=\"https:\/\/noticias.r7.com\/internacional\/ira-lanca-mais-de-cem-misseis-em-direcao-a-israel-01102024\/\" href=\"https:\/\/noticias.r7.com\/internacional\/ira-lanca-mais-de-cem-misseis-em-direcao-a-israel-01102024\/\">cerca de 200 m\u00edsseis lan\u00e7ados pelo Ir\u00e3<\/a>\u00a0nesta ter\u00e7a-feira (1\u00ba).<\/span>\n<\/p>\n<p class=\"dark:base-text-neutral-high-400 base-text-[calc(theme(fontSize.xs)_*_var(--font-size,_1))] base-font-normal base-font-primary base-text-neutral-low-500 base-text-left\"><span class=\"b-article-body__text\">\u201cIsrael tem toda a legitimidade para uma resposta sem precedentes em territ\u00f3rio iraniano \u2013 este \u00e9 o momento de atacar a cabe\u00e7a da serpente iraniana\u201d, disse a fonte.<\/span><\/p>\n<p>\u00a0<span class=\"b-article-body__text\">Outro funcion\u00e1rio do governo acrescentou que \u201co que o Ir\u00e3 sofreu at\u00e9 hoje \u00e9 uma fra\u00e7\u00e3o do que sofrer\u00e1 agora\u201d.<\/span><\/p>\n<p class=\"dark:base-text-neutral-high-400 base-text-[calc(theme(fontSize.xs)_*_var(--font-size,_1))] base-font-normal base-font-primary base-text-neutral-low-500 base-text-left\"><span class=\"b-article-body__text\">\u201cO l\u00edder iraniano idiota que tomou a decis\u00e3o mais errada da hist\u00f3ria pagar\u00e1 um pre\u00e7o muito alto. Este \u00e9 o in\u00edcio do fim do regime iraniano amaldi\u00e7oado\u201d, afirmou o ministro da Cultura e Esporte, Miki Zohar, informa a TV estatal israelense, a Kan 11.<\/span>\n<\/p>\n<p class=\"dark:base-text-neutral-high-400 base-text-[calc(theme(fontSize.xs)_*_var(--font-size,_1))] base-font-normal base-font-primary base-text-neutral-low-500 base-text-left\"><span class=\"b-article-body__text\">O Ir\u00e3 lan\u00e7ou um ataque sem precedentes contra o territ\u00f3rio israelense como resposta \u00e0s mortes dos chefes dos grupos terroristas Hamas e Hezbollah,\u00a0<a title=\"https:\/\/noticias.r7.com\/internacional\/quem-foi-ismail-haniya-o-rico-e-influente-lider-do-hamas-assassinado-no-ira-31072024\/\" href=\"https:\/\/noticias.r7.com\/internacional\/quem-foi-ismail-haniya-o-rico-e-influente-lider-do-hamas-assassinado-no-ira-31072024\/\">Ismail Haniyeh<\/a>\u00a0e\u00a0<a title=\"https:\/\/noticias.r7.com\/internacional\/hezbollah-confirma-que-lider-hassan-nasrallah-foi-morto-apos-bombardeios-no-libano-28092024\/\" href=\"https:\/\/noticias.r7.com\/internacional\/hezbollah-confirma-que-lider-hassan-nasrallah-foi-morto-apos-bombardeios-no-libano-28092024\/\">Hassan Nasrallah<\/a>, respectivamente, e do general da Guarda Revolucion\u00e1ria iraniana, Abbas Nilforoushan.<\/span>\n<\/p>\n<p class=\"dark:base-text-neutral-high-400 base-text-[calc(theme(fontSize.xs)_*_var(--font-size,_1))] base-font-normal base-font-primary base-text-neutral-low-500 base-text-left\"><span class=\"b-article-body__text\">A maior parte dos m\u00edsseis foi interceptada pelo sistema de defesa \u00e1erea Arrow 2, que neutraliza m\u00edsseis de longa dist\u00e2ncia. Houve registro de danos pontuais e de \u201calguns feridos\u201d, segundo a imprensa local.<\/span>\n<\/p>\n<p class=\"dark:base-text-neutral-high-400 base-text-[calc(theme(fontSize.xs)_*_var(--font-size,_1))] base-font-normal base-font-primary base-text-neutral-low-500 base-text-left\"><span class=\"b-article-body__text\">Nos \u00faltimos dias, o l\u00edder supremo do Ir\u00e3, aiatol\u00e1 Ali Khamenei, foi transferido para um local secreto.<\/span>\n<\/p>\n<p class=\"dark:base-text-neutral-high-400 base-text-[calc(theme(fontSize.xs)_*_var(--font-size,_1))] base-font-normal base-font-primary base-text-neutral-low-500 base-text-left\"><span class=\"b-article-body__text\">A Guarda Revolucion\u00e1ria do Ir\u00e3 afirmou ter como alvo \u201co cora\u00e7\u00e3o\u201d de Israel e amea\u00e7ou o Estado judeu, caso haja retalia\u00e7\u00e3o, dizendo que haver\u00e1 \u201cataques esmagadores e devastadores\u201d.<\/span>\n<\/p>\n<p class=\"dark:base-text-neutral-high-400 base-text-[calc(theme(fontSize.xs)_*_var(--font-size,_1))] base-font-normal base-font-primary base-text-neutral-low-500 base-text-left\">\u00a0\n<\/p>\n<p class=\"dark:base-text-neutral-high-400 base-text-[calc(theme(fontSize.xs)_*_var(--font-size,_1))] base-font-normal base-font-primary base-text-neutral-low-500 base-text-left\"><span class=\"b-article-body__text\">Fonte: R7<\/span> <\/p>\n<\/div>\n<p><br \/>\n<br \/><a href=\"https:\/\/diariodobrasilnoticias.com.br\/noticia\/autoridade-israelense-afirma-que-e-o-momento-de-atacar-a-cabeca-da-serpente-iraniana-66fd16135c519\">Source link <\/a><\/p>","protected":false},"excerpt":{"rendered":"<p>Um alto oficial da seguran\u00e7a de Israel falou ao jornal local Yedioth Ahronoth que o pa\u00eds n\u00e3o permanecer\u00e1 em sil\u00eancio depois do ataque com\u00a0cerca de 200 m\u00edsseis lan\u00e7ados pelo Ir\u00e3\u00a0nesta&hellip;<\/p>","protected":false},"author":1,"featured_media":44028,"comment_status":"closed","ping_status":"open","sticky":false,"template":"","format":"standard","meta":{"content-type":"","footnotes":""},"categories":[16],"tags":[123,2448,5313,1267],"class_list":["post-44027","post","type-post","status-publish","format-standard","has-post-thumbnail","hentry","category-noticias","tag-brasil","tag-diario","tag-noticia","tag-noticias"],"_links":{"self":[{"href":"https:\/\/tvbrazilusa.com\/pt\/wp-json\/wp\/v2\/posts\/44027","targetHints":{"allow":["GET"]}}],"collection":[{"href":"https:\/\/tvbrazilusa.com\/pt\/wp-json\/wp\/v2\/posts"}],"about":[{"href":"https:\/\/tvbrazilusa.com\/pt\/wp-json\/wp\/v2\/types\/post"}],"author":[{"embeddable":true,"href":"https:\/\/tvbrazilusa.com\/pt\/wp-json\/wp\/v2\/users\/1"}],"replies":[{"embeddable":true,"href":"https:\/\/tvbrazilusa.com\/pt\/wp-json\/wp\/v2\/comments?post=44027"}],"version-history":[{"count":1,"href":"https:\/\/tvbrazilusa.com\/pt\/wp-json\/wp\/v2\/posts\/44027\/revisions"}],"predecessor-version":[{"id":44029,"href":"https:\/\/tvbrazilusa.com\/pt\/wp-json\/wp\/v2\/posts\/44027\/revisions\/44029"}],"wp:featuredmedia":[{"embeddable":true,"href":"https:\/\/tvbrazilusa.com\/pt\/wp-json\/wp\/v2\/media\/44028"}],"wp:attachment":[{"href":"https:\/\/tvbrazilusa.com\/pt\/wp-json\/wp\/v2\/media?parent=44027"}],"wp:term":[{"taxonomy":"category","embeddable":true,"href":"https:\/\/tvbrazilusa.com\/pt\/wp-json\/wp\/v2\/categories?post=44027"},{"taxonomy":"post_tag","embeddable":true,"href":"https:\/\/tvbrazilusa.com\/pt\/wp-json\/wp\/v2\/tags?post=44027"}],"curies":[{"name":"wp","href":"https:\/\/api.w.org\/{rel}","templated":true}]}}