{"id":44048,"date":"2024-10-02T12:16:45","date_gmt":"2024-10-02T12:16:45","guid":{"rendered":"https:\/\/tvbrazilusa.com\/2024\/10\/02\/ira-utilizou-pela-primeira-vez-missil-hipersonico-de-fabricacao-nacional-afirma-midia-local\/"},"modified":"2024-10-02T12:16:46","modified_gmt":"2024-10-02T12:16:46","slug":"ira-utilizou-pela-primeira-vez-missil-hipersonico-de-fabricacao-nacional-afirma-midia-local","status":"publish","type":"post","link":"https:\/\/tvbrazilusa.com\/pt\/2024\/10\/02\/ira-utilizou-pela-primeira-vez-missil-hipersonico-de-fabricacao-nacional-afirma-midia-local\/","title":{"rendered":"Ir\u00e3 utilizou pela primeira vez m\u00edssil hipers\u00f4nico de fabrica\u00e7\u00e3o nacional, afirma m\u00eddia local"},"content":{"rendered":"<p> <script async src=\"https:\/\/pagead2.googlesyndication.com\/pagead\/js\/adsbygoogle.js?client=ca-pub-8864793242727901\"\r\n     crossorigin=\"anonymous\"><\/script><br \/>\n<\/p>\n<div id=\"taboola-read-more\" style=\"display:block; width:100%\">\n<p>O Ir\u00e3 usou um m\u00edssil hipers\u00f4nico Fattah 1 pela primeira vez durante o ataque contra Israel nesta ter\u00e7a-feira (1\u00b0), de acordo com a ag\u00eancia semioficial iraniana Mehr News.\n<\/p>\n<p>O Fattah \u00e9 considerado o primeiro m\u00edssil hipers\u00f4nico produzido domesticamente pelo Ir\u00e3.<\/p>\n<p>O Ex\u00e9rcito iraniano revelou a arma no ano passado, dizendo que ela pode viajar at\u00e9 15 vezes a velocidade do som e \u00e9 capaz de \u201cmirar em sistemas de defesa de m\u00edsseis\u201d.\n<\/p>\n<p>Segundo Israel, o ataque desta ter\u00e7a n\u00e3o causou danos significativos, mas um palestino morreu na Cisjord\u00e2nia ocupada.\n<\/p>\n<p>A v\u00edtima foi atingida por estilha\u00e7os de um m\u00edssil interceptador lan\u00e7ado por Israel para conter o ataque.\n<\/p>\n<p><strong>Entenda o conflito no Oriente M\u00e9dio<\/strong><br \/>O ataque do Ir\u00e3 contra Israel acontece em meio \u00e0 guerra entre o Ex\u00e9rcito israelense e o Hezbollah, grupo paramilitar liban\u00eas apoiado pelo governo iraniano.\n<\/p>\n<p>A ofensiva ocorre um dia ap\u00f3s o Ex\u00e9rcito de Israel iniciar uma \u201copera\u00e7\u00e3o terrestre limitada\u201d no L\u00edbano.\n<\/p>\n<p>Israel tem lan\u00e7ado uma s\u00e9rie de ataques a\u00e9reos em regi\u00f5es no pa\u00eds vizinho. No dia 23 de setembro, o pa\u00eds teve o dia mais mortal desde a guerra de 2006, com mais de 500 v\u00edtimas fatais.\n<\/p>\n<p>Segundo os militares israelenses, os alvos s\u00e3o integrantes e infraestrutura b\u00e9lica do Hezbollah, uma das for\u00e7as paramilitares mais poderosas do Oriente M\u00e9dio e que \u00e9 apoiada pelo Ir\u00e3.\n<\/p>\n<p>A ofensiva atingiu diversos pontos no L\u00edbano, incluindo a capital do pa\u00eds, Beirute. Milhares de pessoas buscaram ref\u00fagio em abrigos e deixaram cidades do sul do pa\u00eds.\n<\/p>\n<p>O chefe do Hezbollah, Hassan Nasrallah, foi morto em um ataque a\u00e9reo israelense em Beirute, conforme confirmado pelo pr\u00f3prio grupo.\n<\/p>\n<p>Hezbollah e Israel come\u00e7aram a trocar ataques ap\u00f3s o in\u00edcio da guerra na Faixa de Gaza. O grupo liban\u00eas \u00e9 aliado do Hamas, que invadiu o territ\u00f3rio israelense em 7 de outubro de 2023, matando centenas de pessoas e capturando ref\u00e9ns.\n<\/p>\n<p>Devido aos bombardeios, milhares de moradores do norte de Israel, onde fica a fronteira com o L\u00edbano, tiveram que ser deslocados. O primeiro-ministro Benjamin Netanyahu prometeu diversas vezes fazer com que esses cidad\u00e3os retornem para suas casas.\n<\/p>\n<p>No dia 17 de setembro, Israel adicionou o retorno desses moradores como um objetivo oficial de guerra.\n<\/p>\n<p>Ao menos dois adolescentes brasileiros morreram nos ataques. O Itamaraty condenou a situa\u00e7\u00e3o e pediu o fim das hostilidades.\n<\/p>\n<p>Com o aumento das hostilidades, o governo brasileiro anunciou uma opera\u00e7\u00e3o para repatriar brasileiros no L\u00edbano.\n<\/p>\n<p>Fonte: CNN Brasil <\/p>\n<\/div>\n<p><br \/>\n<br \/><a href=\"https:\/\/diariodobrasilnoticias.com.br\/noticia\/ira-utilizou-pela-primeira-vez-missil-hipersonico-de-fabricacao-nacional-afirma-midia-local-66fd24fd4f809\">Source link <\/a><\/p>","protected":false},"excerpt":{"rendered":"<p>O Ir\u00e3 usou um m\u00edssil hipers\u00f4nico Fattah 1 pela primeira vez durante o ataque contra Israel nesta ter\u00e7a-feira (1\u00b0), de acordo com a ag\u00eancia semioficial iraniana Mehr News. O Fattah&hellip;<\/p>","protected":false},"author":1,"featured_media":44049,"comment_status":"closed","ping_status":"open","sticky":false,"template":"","format":"standard","meta":{"content-type":"","footnotes":""},"categories":[16],"tags":[123,2448,5313,1267],"class_list":["post-44048","post","type-post","status-publish","format-standard","has-post-thumbnail","hentry","category-noticias","tag-brasil","tag-diario","tag-noticia","tag-noticias"],"_links":{"self":[{"href":"https:\/\/tvbrazilusa.com\/pt\/wp-json\/wp\/v2\/posts\/44048","targetHints":{"allow":["GET"]}}],"collection":[{"href":"https:\/\/tvbrazilusa.com\/pt\/wp-json\/wp\/v2\/posts"}],"about":[{"href":"https:\/\/tvbrazilusa.com\/pt\/wp-json\/wp\/v2\/types\/post"}],"author":[{"embeddable":true,"href":"https:\/\/tvbrazilusa.com\/pt\/wp-json\/wp\/v2\/users\/1"}],"replies":[{"embeddable":true,"href":"https:\/\/tvbrazilusa.com\/pt\/wp-json\/wp\/v2\/comments?post=44048"}],"version-history":[{"count":1,"href":"https:\/\/tvbrazilusa.com\/pt\/wp-json\/wp\/v2\/posts\/44048\/revisions"}],"predecessor-version":[{"id":44050,"href":"https:\/\/tvbrazilusa.com\/pt\/wp-json\/wp\/v2\/posts\/44048\/revisions\/44050"}],"wp:featuredmedia":[{"embeddable":true,"href":"https:\/\/tvbrazilusa.com\/pt\/wp-json\/wp\/v2\/media\/44049"}],"wp:attachment":[{"href":"https:\/\/tvbrazilusa.com\/pt\/wp-json\/wp\/v2\/media?parent=44048"}],"wp:term":[{"taxonomy":"category","embeddable":true,"href":"https:\/\/tvbrazilusa.com\/pt\/wp-json\/wp\/v2\/categories?post=44048"},{"taxonomy":"post_tag","embeddable":true,"href":"https:\/\/tvbrazilusa.com\/pt\/wp-json\/wp\/v2\/tags?post=44048"}],"curies":[{"name":"wp","href":"https:\/\/api.w.org\/{rel}","templated":true}]}}