{"id":44074,"date":"2024-10-02T13:30:54","date_gmt":"2024-10-02T13:30:54","guid":{"rendered":"https:\/\/tvbrazilusa.com\/2024\/10\/02\/escolhas-de-artes-5-a-7-de-outubro-jacksonville-hoje\/"},"modified":"2024-10-02T13:42:42","modified_gmt":"2024-10-02T13:42:42","slug":"escolhas-de-artes-5-a-7-de-outubro-jacksonville-hoje","status":"publish","type":"post","link":"https:\/\/tvbrazilusa.com\/pt\/2024\/10\/02\/escolhas-de-artes-5-a-7-de-outubro-jacksonville-hoje\/","title":{"rendered":"ESCOLHAS DE ARTES | 5 a 7 de outubro &#8211; Jacksonville hoje"},"content":{"rendered":"<p> <script async src=\"https:\/\/pagead2.googlesyndication.com\/pagead\/js\/adsbygoogle.js?client=ca-pub-8864793242727901\"\r\n     crossorigin=\"anonymous\"><\/script><br \/>\n<\/p>\n<div>\n<p><em>O editor de artes e cultura do Jacksonville Today, Matt Shaw, compartilha suas escolhas art\u00edsticas e culturais para o fim de semana.<\/em><\/p>\n<div class=\"wp-block-image\">\n<figure class=\"aligncenter size-large\"><\/figure>\n<\/div>\n<p><strong>Sexta-feira<\/strong><\/p>\n<p><strong>Pablo Vindel: <\/strong><strong><em>na noite prevaleceu um cora\u00e7\u00e3o cheio<\/em><\/strong><\/p>\n<p><strong>Museu de Arte Crisp-Ellert | Santo Agostinho<\/strong><\/p>\n<p>A partir de sexta-feira, uma exposi\u00e7\u00e3o de novos trabalhos do artista espanhol Pablo Vindel estar\u00e1 em exibi\u00e7\u00e3o no Crisp-Ellert Art Museum do Flagler College. A exposi\u00e7\u00e3o de m\u00eddia mista, <em>na noite prevaleceu um cora\u00e7\u00e3o cheio <\/em>(traduzido livremente: <em>\u00e0 noite um cora\u00e7\u00e3o cheio prevalece<\/em>)<em>, <\/em>\u00e9 uma homenagem \u00e0s rela\u00e7\u00f5es familiares, explorando o luto e a aceita\u00e7\u00e3o que se segue \u00e0 perda. Ela estar\u00e1 em exibi\u00e7\u00e3o at\u00e9 26 de novembro. Vindel conduzir\u00e1 um passeio pela exposi\u00e7\u00e3o na sexta-feira, das 17h \u00e0s 20h. A participa\u00e7\u00e3o \u00e9 gratuita. <a href=\"https:\/\/www.flagler.edu\/information\/community-members\/crisp-ellert-art-museum\" rel=\"nofollow noopener\" target=\"_blank\">Mais informa\u00e7\u00f5es<\/a>. <\/p>\n<hr class=\"wp-block-separator has-alpha-channel-opacity\"\/>\n<div class=\"wp-block-image\">\n<figure class=\"aligncenter size-large is-resized\"><img fetchpriority=\"high\" color=\"a89b81\" transparency=\"true\" decoding=\"async\" width=\"829\" height=\"1024\" src=\"https:\/\/jaxtoday.org\/wp-content\/uploads\/2024\/10\/Screenshot-2024-10-01-at-8.37.09-AM-829x1024.png\" alt=\"\" class=\"has-transparency wp-image-78285\" style=\"--dominant-color: #a89b81; width:520px;height:auto\" srcset=\"https:\/\/jaxtoday.org\/wp-content\/uploads\/2024\/10\/Screenshot-2024-10-01-at-8.37.09-AM-829x1024.png 829w, https:\/\/jaxtoday.org\/wp-content\/uploads\/2024\/10\/Screenshot-2024-10-01-at-8.37.09-AM-243x300.png 243w, https:\/\/jaxtoday.org\/wp-content\/uploads\/2024\/10\/Screenshot-2024-10-01-at-8.37.09-AM-768x948.png 768w, https:\/\/jaxtoday.org\/wp-content\/uploads\/2024\/10\/Screenshot-2024-10-01-at-8.37.09-AM-194x240.png 194w, https:\/\/jaxtoday.org\/wp-content\/uploads\/2024\/10\/Screenshot-2024-10-01-at-8.37.09-AM-100x123.png 100w, https:\/\/jaxtoday.org\/wp-content\/uploads\/2024\/10\/Screenshot-2024-10-01-at-8.37.09-AM.png 1006w\" sizes=\"(max-width: 829px) 100vw, 829px\"\/><\/figure>\n<\/div>\n<p><strong>S\u00e1bado<\/strong><\/p>\n<p><strong>Festa do Vinho <\/strong><\/p>\n<p><strong>Levante todas as vozes e cante | LaVilla<\/strong><\/p>\n<p>O grupo de criativos e empreendedores culturais por tr\u00e1s dos \u00edntimos encontros art\u00edsticos e musicais de Murray Hill, Wine Down Wednesday, est\u00e1 realizando seu Wine Down Fest inaugural no s\u00e1bado, no rec\u00e9m-inaugurado Lift Ev&#8217;ry Voice and Sing Park. Vendedores, vinhos e comida estar\u00e3o em oferta, com uma programa\u00e7\u00e3o de artistas e DJs regionais de hip-hop e R&#038;B, incluindo o popular MC de Orlando <a href=\"https:\/\/jaxmusic.org\/jme\/2023\/10\/wahid-wilt-cornerstone\/\" rel=\"nofollow noopener\" target=\"_blank\">Wahid<\/a>coletivo de hip-hop Duval <a href=\"https:\/\/jaxmusic.org\/jme\/2022\/06\/love-culture-live\/\" rel=\"nofollow noopener\" target=\"_blank\">AMO Cultura<\/a>Wade Brown de Atlanta, Jacksonville de <a href=\"https:\/\/jaxmusic.org\/jme\/2023\/10\/kale-that-raps\/\" rel=\"nofollow noopener\" target=\"_blank\">Couve que faz rap<\/a> e muito mais. Do meio-dia \u00e0s 20h. A entrada geral \u00e9 gratuita. Atualiza\u00e7\u00f5es VIP est\u00e3o dispon\u00edveis. <a href=\"https:\/\/www.eventbrite.com\/e\/winedown-fest-levs-park-tickets-1006495634537?utm-campaign=social&#038;utm-content=attendeeshare&#038;utm-medium=discovery&#038;utm-term=listing&#038;utm-source=cp&#038;aff=ebdsshcopyurl\" rel=\"nofollow noopener\" target=\"_blank\">Ingressos e mais informa\u00e7\u00f5es<\/a>. <\/p>\n<hr class=\"wp-block-separator has-alpha-channel-opacity\"\/>\n<div class=\"wp-block-image\">\n<figure class=\"aligncenter size-full\"><img color=\"5e5653\" transparency=\"false\" style=\"--dominant-color: #5e5653;\" decoding=\"async\" src=\"https:\/\/jaxtoday.org\/wp-content\/uploads\/2024\/10\/Screen-Shot-2024-08-14-at-2.22.40-PM.webp\" alt=\"\" class=\"not-transparent wp-image-78284 wpsmartcrop-image\" data-smartcrop-focus=\"[68,37]\"\/><\/figure>\n<\/div>\n<p><strong>Domingo<\/strong><\/p>\n<p><strong>Clarice Assad e Jo\u00e3o Luiz <\/strong><\/p>\n<p><strong>\u00c0 beira-mar de S\u00e3o Paulo | Praia de Jacksonville<\/strong><\/p>\n<p>A S\u00e9rie Praias Belas Artes retorna para sua 52\u00aa temporada com dois compositores e m\u00fasicos de renome mundial, a cantora-pianista Clarice Assad e o violonista Jo\u00e3o Luiz. Os especialistas em m\u00fasica brasileira se apresentam na Igreja Episcopal St. Paul&#8217;s By-the-Sea. Obras da artista visual LuAnn Dunkinson estar\u00e3o em exibi\u00e7\u00e3o na mostra e durante uma recep\u00e7\u00e3o ap\u00f3s o show. 16h (abertura dos port\u00f5es \u00e0s 15h15). Como todos os concertos da Beaches Fine Arts Series acontecem desde 1972, a participa\u00e7\u00e3o \u00e9 gratuita. <a href=\"https:\/\/beachesfinearts.org\/clarice-assad-and-joao-luiz\/\" rel=\"nofollow noopener\" target=\"_blank\">Mais informa\u00e7\u00f5es<\/a>.   <\/p>\n<\/div>\n<p><br \/>\n<br \/><a href=\"https:\/\/jaxtoday.org\/2024\/10\/02\/arts-picks-oct-5-7\/\">Source link <\/a><\/p>","protected":false},"excerpt":{"rendered":"<p>O editor de artes e cultura do Jacksonville Today, Matt Shaw, compartilha suas escolhas art\u00edsticas e culturais para o fim de semana. Sexta-feira Pablo Vindel: na noite prevaleceu um cora\u00e7\u00e3o&hellip;<\/p>","protected":false},"author":1,"featured_media":44075,"comment_status":"closed","ping_status":"open","sticky":false,"template":"","format":"standard","meta":{"content-type":"","footnotes":""},"categories":[1],"tags":[],"class_list":["post-44074","post","type-post","status-publish","format-standard","has-post-thumbnail","hentry","category-uncategorized"],"_links":{"self":[{"href":"https:\/\/tvbrazilusa.com\/pt\/wp-json\/wp\/v2\/posts\/44074","targetHints":{"allow":["GET"]}}],"collection":[{"href":"https:\/\/tvbrazilusa.com\/pt\/wp-json\/wp\/v2\/posts"}],"about":[{"href":"https:\/\/tvbrazilusa.com\/pt\/wp-json\/wp\/v2\/types\/post"}],"author":[{"embeddable":true,"href":"https:\/\/tvbrazilusa.com\/pt\/wp-json\/wp\/v2\/users\/1"}],"replies":[{"embeddable":true,"href":"https:\/\/tvbrazilusa.com\/pt\/wp-json\/wp\/v2\/comments?post=44074"}],"version-history":[{"count":1,"href":"https:\/\/tvbrazilusa.com\/pt\/wp-json\/wp\/v2\/posts\/44074\/revisions"}],"predecessor-version":[{"id":44076,"href":"https:\/\/tvbrazilusa.com\/pt\/wp-json\/wp\/v2\/posts\/44074\/revisions\/44076"}],"wp:featuredmedia":[{"embeddable":true,"href":"https:\/\/tvbrazilusa.com\/pt\/wp-json\/wp\/v2\/media\/44075"}],"wp:attachment":[{"href":"https:\/\/tvbrazilusa.com\/pt\/wp-json\/wp\/v2\/media?parent=44074"}],"wp:term":[{"taxonomy":"category","embeddable":true,"href":"https:\/\/tvbrazilusa.com\/pt\/wp-json\/wp\/v2\/categories?post=44074"},{"taxonomy":"post_tag","embeddable":true,"href":"https:\/\/tvbrazilusa.com\/pt\/wp-json\/wp\/v2\/tags?post=44074"}],"curies":[{"name":"wp","href":"https:\/\/api.w.org\/{rel}","templated":true}]}}