{"id":44080,"date":"2024-10-02T13:54:15","date_gmt":"2024-10-02T13:54:15","guid":{"rendered":"https:\/\/tvbrazilusa.com\/2024\/10\/02\/carro-blindado-de-candidato-a-vereador-no-rio-e-alvo-de-tiros-apos-ameaca-por-mensagem-aproveite-seus-ultimos-momentos\/"},"modified":"2024-10-02T13:54:16","modified_gmt":"2024-10-02T13:54:16","slug":"carro-blindado-de-candidato-a-vereador-no-rio-e-alvo-de-tiros-apos-ameaca-por-mensagem-aproveite-seus-ultimos-momentos","status":"publish","type":"post","link":"https:\/\/tvbrazilusa.com\/pt\/2024\/10\/02\/carro-blindado-de-candidato-a-vereador-no-rio-e-alvo-de-tiros-apos-ameaca-por-mensagem-aproveite-seus-ultimos-momentos\/","title":{"rendered":"Carro blindado de candidato a vereador no Rio \u00e9 alvo de tiros ap\u00f3s amea\u00e7a por mensagem: &#8216;Aproveite seus \u00faltimos momentos&#8217;"},"content":{"rendered":"<p> <script async src=\"https:\/\/pagead2.googlesyndication.com\/pagead\/js\/adsbygoogle.js?client=ca-pub-8864793242727901\"\r\n     crossorigin=\"anonymous\"><\/script><br \/>\n<\/p>\n<div data-block-type=\"unstyled\" data-block-weight=\"31\">\n<p class=\"content-text__container\" data-track-category=\"Link no Texto\" data-track-links=\"data-track-links\">O caso foi registrado na 43\u00aa DP (Guaratiba). De acordo com a Pol\u00edcia Civil, o autom\u00f3vel passou por per\u00edcia, e dilig\u00eancias est\u00e3o sendo realizadas para apurar a autoria do crime.<\/p>\n<p>\u2014 Estava sozinho, vindo de Campo Grande para a Barra da Tijuca, e eles come\u00e7aram a atirar. Em momento nenhum anunciaram que era um assalto. Nem deu tempo de correr, foi tudo em fra\u00e7\u00e3o de segundos \u2014 relatou Koster ao GLOBO.\n<\/p>\n<p>O candidato relata ter recebido amea\u00e7as recentes. Ele narra, por exemplo, que, no dia 17 de setembro, uma pessoa o enviou uma mensagem via SMS afirmando que ele teria 48 horas para desistir da campanha e que, caso n\u00e3o o fizesse, sua fam\u00edlia seria ca\u00e7ada.\n<\/p>\n<p>Ainda de acordo com Koster, em outra mensagem, enviada dois dias depois, o mesmo n\u00famero enviou conte\u00fados enigm\u00e1ticos em sequ\u00eancia: \u201cAgora a ideia \u00e9 outra\u201d, \u201cfeliz anivers\u00e1rio\u201d e \u201caproveite seus \u00faltimos momentos\u201d, diziam os recados.\n<\/p>\n<p>\u2014 N\u00e3o tenho nenhum inimigo, n\u00e3o estou &#8220;batendo&#8221; em ningu\u00e9m. Mas nas \u00faltimas semanas sofri amea\u00e7as por mensagens, percebi que estava sendo seguido. De sexta para s\u00e1bado, inclusive, um carro passou do meu lado no Recreio e apontou uma arma \u2014 diz o candidato.\n<\/p>\n<p>(*estagi\u00e1rio sob supervis\u00e3o de Lu\u00e3 Marinatto)\n<\/p>\n<p>Fonte: O Globo\n<\/p>\n<\/div>\n<p><br \/>\n<br \/><a href=\"https:\/\/diariodobrasilnoticias.com.br\/noticia\/carro-blindado-de-candidato-a-vereador-no-rio-e-alvo-de-tiros-apos-ameaca-por-mensagem-aproveite-seus-ultimos-momentos-66fd4f7bc775a\">Source link <\/a><\/p>","protected":false},"excerpt":{"rendered":"<p>O caso foi registrado na 43\u00aa DP (Guaratiba). De acordo com a Pol\u00edcia Civil, o autom\u00f3vel passou por per\u00edcia, e dilig\u00eancias est\u00e3o sendo realizadas para apurar a autoria do crime.&hellip;<\/p>","protected":false},"author":1,"featured_media":44081,"comment_status":"closed","ping_status":"open","sticky":false,"template":"","format":"standard","meta":{"content-type":"","footnotes":""},"categories":[16],"tags":[123,2448,5313,1267],"class_list":["post-44080","post","type-post","status-publish","format-standard","has-post-thumbnail","hentry","category-noticias","tag-brasil","tag-diario","tag-noticia","tag-noticias"],"_links":{"self":[{"href":"https:\/\/tvbrazilusa.com\/pt\/wp-json\/wp\/v2\/posts\/44080","targetHints":{"allow":["GET"]}}],"collection":[{"href":"https:\/\/tvbrazilusa.com\/pt\/wp-json\/wp\/v2\/posts"}],"about":[{"href":"https:\/\/tvbrazilusa.com\/pt\/wp-json\/wp\/v2\/types\/post"}],"author":[{"embeddable":true,"href":"https:\/\/tvbrazilusa.com\/pt\/wp-json\/wp\/v2\/users\/1"}],"replies":[{"embeddable":true,"href":"https:\/\/tvbrazilusa.com\/pt\/wp-json\/wp\/v2\/comments?post=44080"}],"version-history":[{"count":1,"href":"https:\/\/tvbrazilusa.com\/pt\/wp-json\/wp\/v2\/posts\/44080\/revisions"}],"predecessor-version":[{"id":44082,"href":"https:\/\/tvbrazilusa.com\/pt\/wp-json\/wp\/v2\/posts\/44080\/revisions\/44082"}],"wp:featuredmedia":[{"embeddable":true,"href":"https:\/\/tvbrazilusa.com\/pt\/wp-json\/wp\/v2\/media\/44081"}],"wp:attachment":[{"href":"https:\/\/tvbrazilusa.com\/pt\/wp-json\/wp\/v2\/media?parent=44080"}],"wp:term":[{"taxonomy":"category","embeddable":true,"href":"https:\/\/tvbrazilusa.com\/pt\/wp-json\/wp\/v2\/categories?post=44080"},{"taxonomy":"post_tag","embeddable":true,"href":"https:\/\/tvbrazilusa.com\/pt\/wp-json\/wp\/v2\/tags?post=44080"}],"curies":[{"name":"wp","href":"https:\/\/api.w.org\/{rel}","templated":true}]}}