{"id":44091,"date":"2024-10-02T14:36:02","date_gmt":"2024-10-02T14:36:02","guid":{"rendered":"https:\/\/tvbrazilusa.com\/2024\/10\/02\/morre-o-desembargador-aposentado-rafael-godeiro\/"},"modified":"2024-10-02T14:36:03","modified_gmt":"2024-10-02T14:36:03","slug":"morre-o-desembargador-aposentado-rafael-godeiro","status":"publish","type":"post","link":"https:\/\/tvbrazilusa.com\/pt\/2024\/10\/02\/morre-o-desembargador-aposentado-rafael-godeiro\/","title":{"rendered":"Morre o desembargador aposentado Rafael Godeiro"},"content":{"rendered":"<p> <script async src=\"https:\/\/pagead2.googlesyndication.com\/pagead\/js\/adsbygoogle.js?client=ca-pub-8864793242727901\"\r\n     crossorigin=\"anonymous\"><\/script><br \/>\n<\/p>\n<div id=\"taboola-read-more\" style=\"display:block; width:100%\">\n<p>Morreu, nesta quarta-feira (2), o desembargador aposentado Rafael Godeiro. A causa da morte n\u00e3o foi divulgada.\n<\/p>\n<p>Ele ingressou na magistratura potiguar no final da d\u00e9cada de 1970 e foi presidente do Tribunal de Justi\u00e7a do RN no bi\u00eanio 2009\/2010. Tamb\u00e9m foi diretor da Escola de Magistratura do RN (Esmarn).<\/p>\n<p>Inclusive, chegou a assumir temporariamente o governo do Estado na gest\u00e3o de Iber\u00ea Ferreira de Souza.\n<\/p>\n<p>Em 2013, o Conselho Nacional de Justi\u00e7a (CNJ) aposentou-o compulsoriamente.\n<\/p>\n<p>Fonte: Blog do Gustavo Negreiros <\/p>\n<\/div>\n<p><br \/>\n<br \/><a href=\"https:\/\/diariodobrasilnoticias.com.br\/noticia\/morre-o-desembargador-aposentado-rafael-godeiro-66fd53699de27\">Source link <\/a><\/p>","protected":false},"excerpt":{"rendered":"<p>Morreu, nesta quarta-feira (2), o desembargador aposentado Rafael Godeiro. A causa da morte n\u00e3o foi divulgada. Ele ingressou na magistratura potiguar no final da d\u00e9cada de 1970 e foi presidente&hellip;<\/p>","protected":false},"author":1,"featured_media":44092,"comment_status":"closed","ping_status":"open","sticky":false,"template":"","format":"standard","meta":{"content-type":"","footnotes":""},"categories":[16],"tags":[123,2448,5313,1267],"class_list":["post-44091","post","type-post","status-publish","format-standard","has-post-thumbnail","hentry","category-noticias","tag-brasil","tag-diario","tag-noticia","tag-noticias"],"_links":{"self":[{"href":"https:\/\/tvbrazilusa.com\/pt\/wp-json\/wp\/v2\/posts\/44091","targetHints":{"allow":["GET"]}}],"collection":[{"href":"https:\/\/tvbrazilusa.com\/pt\/wp-json\/wp\/v2\/posts"}],"about":[{"href":"https:\/\/tvbrazilusa.com\/pt\/wp-json\/wp\/v2\/types\/post"}],"author":[{"embeddable":true,"href":"https:\/\/tvbrazilusa.com\/pt\/wp-json\/wp\/v2\/users\/1"}],"replies":[{"embeddable":true,"href":"https:\/\/tvbrazilusa.com\/pt\/wp-json\/wp\/v2\/comments?post=44091"}],"version-history":[{"count":1,"href":"https:\/\/tvbrazilusa.com\/pt\/wp-json\/wp\/v2\/posts\/44091\/revisions"}],"predecessor-version":[{"id":44093,"href":"https:\/\/tvbrazilusa.com\/pt\/wp-json\/wp\/v2\/posts\/44091\/revisions\/44093"}],"wp:featuredmedia":[{"embeddable":true,"href":"https:\/\/tvbrazilusa.com\/pt\/wp-json\/wp\/v2\/media\/44092"}],"wp:attachment":[{"href":"https:\/\/tvbrazilusa.com\/pt\/wp-json\/wp\/v2\/media?parent=44091"}],"wp:term":[{"taxonomy":"category","embeddable":true,"href":"https:\/\/tvbrazilusa.com\/pt\/wp-json\/wp\/v2\/categories?post=44091"},{"taxonomy":"post_tag","embeddable":true,"href":"https:\/\/tvbrazilusa.com\/pt\/wp-json\/wp\/v2\/tags?post=44091"}],"curies":[{"name":"wp","href":"https:\/\/api.w.org\/{rel}","templated":true}]}}