{"id":44107,"date":"2024-10-02T15:13:17","date_gmt":"2024-10-02T15:13:17","guid":{"rendered":"https:\/\/tvbrazilusa.com\/2024\/10\/02\/a-equipe-de-walz-agora-reduz-o-numero-de-viagens-do-governador-a-china-em-uma-tentativa-de-desmentir-seus-vinculos-com-o-regime-comunista-paulo-figueiredo\/"},"modified":"2024-10-02T15:21:58","modified_gmt":"2024-10-02T15:21:58","slug":"a-equipe-de-walz-agora-reduz-o-numero-de-viagens-do-governador-a-china-em-uma-tentativa-de-desmentir-seus-vinculos-com-o-regime-comunista-paulo-figueiredo","status":"publish","type":"post","link":"https:\/\/tvbrazilusa.com\/pt\/2024\/10\/02\/a-equipe-de-walz-agora-reduz-o-numero-de-viagens-do-governador-a-china-em-uma-tentativa-de-desmentir-seus-vinculos-com-o-regime-comunista-paulo-figueiredo\/","title":{"rendered":"A equipe de Walz agora reduz o n\u00famero de viagens do governador \u00e0 China em uma tentativa de desmentir seus v\u00ednculos com o regime comunista &#8211; Paulo Figueiredo"},"content":{"rendered":"<p> <script async src=\"https:\/\/pagead2.googlesyndication.com\/pagead\/js\/adsbygoogle.js?client=ca-pub-8864793242727901\"\r\n     crossorigin=\"anonymous\"><\/script><br \/>\n<\/p>\n<div id=\"wtr-content\" data-bg=\"#FFFFFF\" data-fg=\"#006d91\" data-width=\"25\" data-mute=\"1\" data-fgopacity=\"1.00\" data-mutedopacity=\"0.5\" data-placement=\"bottom\" data-placement-offset=\"0\" data-content-offset=\"262\" data-placement-touch=\"bottom\" data-placement-offset-touch=\"0\" data-transparent=\"\" data-shadow=\"0\" data-touch=\"1\" data-non-touch=\"1\" data-comments=\"0\" data-commentsbg=\"transparent\" data-location=\"page\" data-mutedfg=\"#006d91\" data-endfg=\"#006d91\" data-rtl=\"\">\n<h3 class=\"wp-block-heading\">O candidato \u00e0 vice-presid\u00eancia afirmou que viajou ao pa\u00eds \u201ccerca de 30 vezes\u201d<\/h3>\n<p>A equipe de campanha do governador Tim Walz, que faz parte da chapa presidencial com a vice-presidente Kamala Harris, ajustou significativamente o n\u00famero de viagens que Walz alegou ter feito \u00e0 China. Embora ele tenha mencionado v\u00e1rias vezes que visitou o pa\u00eds \u201cdezenas\u201d de vezes, sua equipe agora parece estar revisando essa cifra, possivelmente em resposta a preocupa\u00e7\u00f5es crescentes sobre seus poss\u00edveis v\u00ednculos com o Partido Comunista Chin\u00eas.<\/p>\n<p>Em uma audi\u00eancia no Congresso em 2016, Walz declarou ter viajado \u00e0 China em diversas ocasi\u00f5es, chegando a mencionar cerca de 30 viagens em uma entrevista \u00e0 m\u00eddia. No entanto, um porta-voz de sua campanha recentemente reduziu esse n\u00famero, afirmando que o governador esteve na China \u201caproximadamente 15 vezes.\u201d<\/p>\n<p>Essa mudan\u00e7a na narrativa ocorre em meio a um escrut\u00ednio crescente por parte dos republicanos, que expressaram preocupa\u00e7\u00f5es sobre os poss\u00edveis la\u00e7os de Walz com o regime chin\u00eas. James Comer, presidente do Comit\u00ea de Supervis\u00e3o e Responsabilidade da C\u00e2mara dos Representantes, recentemente emitiu uma intima\u00e7\u00e3o ao Departamento de Seguran\u00e7a Interna (DHS), buscando acesso a documentos que poderiam fornecer mais informa\u00e7\u00f5es sobre as conex\u00f5es do governador de Minnesota com a China, de acordo com v\u00e1rias den\u00fancias de informantes.<\/p>\n<p>Walz destacou sua experi\u00eancia no pa\u00eds asi\u00e1tico como uma parte importante de sua trajet\u00f3ria pol\u00edtica. Sua primeira viagem \u00e0 China ocorreu em 1989, logo ap\u00f3s os protestos na Pra\u00e7a da Paz Celestial, quando ele participou de um programa acad\u00eamico da Universidade de Harvard. Desde ent\u00e3o, ele organizou viagens anuais com estudantes e, junto com sua esposa Gwen, fundou uma empresa dedicada \u00e0 organiza\u00e7\u00e3o de viagens educacionais. No entanto, essa experi\u00eancia internacional adquiriu um novo tom agora que ele concorre \u00e0 vice-presid\u00eancia.<\/p>\n<p>Al\u00e9m de suas viagens, tamb\u00e9m foram levantadas quest\u00f5es sobre seu trabalho na Universidade Polit\u00e9cnica de Macau, uma institui\u00e7\u00e3o com v\u00ednculos com o Partido Comunista Chin\u00eas. Os republicanos insistem na necessidade de investigar a fundo suas rela\u00e7\u00f5es com entidades chinesas, intensificando as cr\u00edticas \u00e0 sua campanha.<\/p>\n<p>Al\u00e9m das viagens \u00e0 China, outros aspectos de seu hist\u00f3rico tamb\u00e9m t\u00eam sido alvo de controv\u00e9rsias. Seu tempo na Guarda Nacional foi questionado, j\u00e1 que Walz declarou ser um \u201csargento-mor de comando aposentado\u201d em 2006, embora documentos sugiram que ele se aposentou antes de alcan\u00e7ar oficialmente esse posto. Ex-membros da Guarda Nacional o acusaram de exagerar suas realiza\u00e7\u00f5es militares, o que gerou mais cr\u00edticas sobre sua honestidade, segundo a Voz.<\/p>\n<p>Um ex-companheiro da Guarda Nacional descreveu Walz como algu\u00e9m que tende a embelezar aspectos de sua vida e carreira, chegando a qualific\u00e1-lo como \u201cum mentiroso constante\u201d que, segundo ele, \u201cmente at\u00e9 sobre coisas insignificantes.\u201d<\/p>\n<p><strong><a href=\"https:\/\/gaceta.es\/estados-unidos\/el-equipo-de-walz-reduce-ahora-la-cifra-de-viajes-del-gobernador-a-china-en-un-intento-por-desmentir-sus-vinculos-con-el-regimen-comunista-20241002-1240\/\">Source link<\/a><\/strong><\/p>\n<\/div>\n<p><br \/>\n<br \/><a href=\"https:\/\/paulofigueiredoshow.com\/a-equipe-de-walz-agora-reduz-o-numero-de-viagens-do-governador-a-china-em-uma-tentativa-de-desmentir-seus-vinculos-com-o-regime-comunista\/\">Source link <\/a><\/p>","protected":false},"excerpt":{"rendered":"<p>O candidato \u00e0 vice-presid\u00eancia afirmou que viajou ao pa\u00eds \u201ccerca de 30 vezes\u201d A equipe de campanha do governador Tim Walz, que faz parte da chapa presidencial com a vice-presidente&hellip;<\/p>","protected":false},"author":1,"featured_media":19403,"comment_status":"closed","ping_status":"open","sticky":false,"template":"","format":"standard","meta":{"content-type":"","footnotes":""},"categories":[16],"tags":[],"class_list":["post-44107","post","type-post","status-publish","format-standard","has-post-thumbnail","hentry","category-noticias"],"_links":{"self":[{"href":"https:\/\/tvbrazilusa.com\/pt\/wp-json\/wp\/v2\/posts\/44107","targetHints":{"allow":["GET"]}}],"collection":[{"href":"https:\/\/tvbrazilusa.com\/pt\/wp-json\/wp\/v2\/posts"}],"about":[{"href":"https:\/\/tvbrazilusa.com\/pt\/wp-json\/wp\/v2\/types\/post"}],"author":[{"embeddable":true,"href":"https:\/\/tvbrazilusa.com\/pt\/wp-json\/wp\/v2\/users\/1"}],"replies":[{"embeddable":true,"href":"https:\/\/tvbrazilusa.com\/pt\/wp-json\/wp\/v2\/comments?post=44107"}],"version-history":[{"count":1,"href":"https:\/\/tvbrazilusa.com\/pt\/wp-json\/wp\/v2\/posts\/44107\/revisions"}],"predecessor-version":[{"id":44108,"href":"https:\/\/tvbrazilusa.com\/pt\/wp-json\/wp\/v2\/posts\/44107\/revisions\/44108"}],"wp:featuredmedia":[{"embeddable":true,"href":"https:\/\/tvbrazilusa.com\/pt\/wp-json\/wp\/v2\/media\/19403"}],"wp:attachment":[{"href":"https:\/\/tvbrazilusa.com\/pt\/wp-json\/wp\/v2\/media?parent=44107"}],"wp:term":[{"taxonomy":"category","embeddable":true,"href":"https:\/\/tvbrazilusa.com\/pt\/wp-json\/wp\/v2\/categories?post=44107"},{"taxonomy":"post_tag","embeddable":true,"href":"https:\/\/tvbrazilusa.com\/pt\/wp-json\/wp\/v2\/tags?post=44107"}],"curies":[{"name":"wp","href":"https:\/\/api.w.org\/{rel}","templated":true}]}}