{"id":44206,"date":"2024-10-02T19:30:00","date_gmt":"2024-10-02T19:30:00","guid":{"rendered":"https:\/\/tvbrazilusa.com\/2024\/10\/02\/devolver-assentos-na-comissao-do-condado-de-nj-aos-democratas-cartas\/"},"modified":"2024-10-02T19:34:50","modified_gmt":"2024-10-02T19:34:50","slug":"devolver-assentos-na-comissao-do-condado-de-nj-aos-democratas-cartas","status":"publish","type":"post","link":"https:\/\/tvbrazilusa.com\/pt\/2024\/10\/02\/devolver-assentos-na-comissao-do-condado-de-nj-aos-democratas-cartas\/","title":{"rendered":"Devolver assentos na comiss\u00e3o do condado de NJ aos democratas | Cartas"},"content":{"rendered":"<script async src=\"https:\/\/pagead2.googlesyndication.com\/pagead\/js\/adsbygoogle.js?client=ca-pub-8864793242727901\"\r\n     crossorigin=\"anonymous\"><\/script>\n<div>\n<p class=\"article__paragraph article__paragraph--left\" id=\"G2KXPLOI2JHTHOBCDNXZ3LICUI\">Para comiss\u00e1rio do condado, o condado de Gloucester tem duas \u00f3timas op\u00e7\u00f5es para as elei\u00e7\u00f5es de 5 de novembro <a href=\"https:\/\/newjerseyglobe.com\/congress\/gloucester-dems-pick-bianco-heverly-for-county-commissioner-molina-seeks-to-regain-sheriff-post\/\" target=\"_blank\" rel=\"noopener\">com os democratas Tom Bianco e Don Heverly.<\/a><\/p>\n<p class=\"article__paragraph article__paragraph--left\" id=\"7UJ7L4D74RCHTOHW6OR7ITLM7I\">Bianco ajudou a liderar a tremenda expans\u00e3o econ\u00f3mica do condado de Gloucester com o seu trabalho a tempo inteiro como diretor de desenvolvimento econ\u00f3mico do condado, trabalhando com pequenas empresas e ajudando os residentes a encontrar empregos e desenvolver carreiras. Ele tamb\u00e9m \u00e9 prefeito de Clayton, com forte hist\u00f3rico de responsabilidade fiscal e entrega aos moradores.<\/p>\n<p class=\"article__paragraph article__paragraph--left\" id=\"2JTTQOKIKZC63I2MZQTCQL5KYA\">Don Heverly, um vereador do munic\u00edpio de Monroe, trabalha todos os dias em nome dos trabalhadores oper\u00e1rios. Como representante distrital do Sindicato Internacional dos Trabalhadores do Ferro, ele luta para conseguir melhores sal\u00e1rios para os trabalhadores, melhores condi\u00e7\u00f5es de trabalho, cuidados de sa\u00fade de qualidade e seguran\u00e7a na reforma. Em Monroe, ele \u00e9 o vice-presidente do conselho municipal e participou de grandes coisas, incluindo a inaugura\u00e7\u00e3o de uma nova instala\u00e7\u00e3o do Corpo de Bombeiros de Williamstown.<\/p>\n<p class=\"article__paragraph article__paragraph--left\" id=\"V7TB33XPQNAVBJWZ6NXRTURYYQ\">Da nossa economia \u00e0 nossa seguran\u00e7a p\u00fablica e \u00e0 nossa qualidade de vida, Bianco e Heverly s\u00e3o de longe as melhores escolhas para comiss\u00e1rio do condado de Gloucester.<\/p>\n<p class=\"article__paragraph article__paragraph--left\" id=\"IN6EB6LKSBBYVFABLVBLA6JNWI\"><i>Sharon Delaney, Woodbury Heights<\/i><\/p>\n<p class=\"article__paragraph article__paragraph--left\" id=\"V7CM6EVWOVE2HLDIPTTM7BNSKQ\"><i>Nota: Duas cadeiras ocupadas pelos republicanos est\u00e3o em jogo no conselho do comiss\u00e1rio do condado de sete membros. <\/i><a href=\"https:\/\/www.gloucestercountynj.gov\/DocumentCenter\/View\/13631\/2024-GENERAL-OFFICIAL-CANDIDATE-LIST-090424?bidId=\" target=\"_blank\" rel=\"noopener\"><i>Os titulares do Partido Republicano, Nick DeSilvio e Chris Konawel, est\u00e3o buscando a reelei\u00e7\u00e3o e sendo desafiados por Heverly e Bianco.<\/i><\/a><\/p>\n<p class=\"article__paragraph article__paragraph--left\" id=\"CHG3Z24OFJF2RI63M5CQ3KUK2U\"><b>Escolha um xerife experiente do condado<\/b><\/p>\n<p class=\"article__paragraph article__paragraph--left\" id=\"ZAIE5J34FNBZBEERE64SKK26PI\">Estou emocionado em ver que o ex-xerife do condado de Gloucester, Carmel Morina, est\u00e1 concorrendo para servir no cargo mais uma vez.<\/p>\n<p class=\"article__paragraph article__paragraph--left\" id=\"5QLJXC3WRVFPFLHU326Q5PV5OI\">Os residentes do condado de Gloucester merecem um xerife com experi\u00eancia em aplica\u00e7\u00e3o da lei, e Morina, uma democrata, merece. Ele subiu na hierarquia, de patrulheiro a chefe de pol\u00edcia e a xerife. Ele sempre serviu com honra e sempre colocou os residentes do condado em primeiro lugar.<\/p>\n<p class=\"article__paragraph article__paragraph--left\" id=\"U66YIYX7QFAZZHIXPFTG3B2UIQ\">Sei que, se for eleito, trabalhar\u00e1 com a pol\u00edcia local para manter a nossa comunidade segura e deixar\u00e1 o condado de Gloucester orgulhoso.<\/p>\n<p class=\"article__paragraph article__paragraph--left\" id=\"62X55Y3MNFGDXA6QOGRHDHMVAE\"><i>Vicki Antonini, Gibbstown<\/i><\/p>\n<p class=\"article__paragraph article__paragraph--left\" id=\"PQPIZF27LZCL7GUT6LSXN3NRBU\"><i>Observa\u00e7\u00e3o:<\/i><a href=\"https:\/\/newjerseyglobe.com\/local\/gop-flips-two-gloucester-county-commission-seats\/\" target=\"_blank\" rel=\"noopener\"><i>  Depois de cinco mandatos<\/i><\/a><i>  como xerife, <\/i><a href=\"https:\/\/savejersey.com\/2021\/12\/first-ever-black-glouco-sheriff-a-republican-sworn-in-despite-racist-democrat\/\" target=\"_blank\" rel=\"noopener\"><i>Morina foi derrotada em 2021 <\/i><\/a><i>e substitu\u00eddo pelo republicano Jonathan Sammons. Sammons busca a reelei\u00e7\u00e3o este ano.<\/i><\/p>\n<p class=\"article__paragraph article__paragraph--left\" id=\"V7ZU3G6HMZDX5NHFWEDXQRMIAQ\">Nosso jornalismo precisa do seu apoio. Por favor, inscreva-se hoje para <a href=\"https:\/\/www.nj.com\/\">NJ.com<\/a>.<\/p>\n<p class=\"article__paragraph article__paragraph--left\" id=\"M36JCW2FVBBOTEUMHTLI2POK7I\">Envie uma carta ao editor do <a href=\"https:\/\/www.nj.com\/south\/\">Tempos de Jersey do Sul<\/a> no <a href=\"https:\/\/www.nj.com\/opinion\/2024\/10\/mailto:sjletters@njadvancemedia.com\">sjletters@njadvancemedia.com<\/a><\/p>\n<p class=\"article__paragraph article__paragraph--left\" id=\"ZRREESXUDFFNVKU3VFAOMAQNKE\"><i>Marcador <\/i><a href=\"https:\/\/www.nj.com\/opinion\/\"><i>NJ.com\/Opinion<\/i><\/a><i>. Siga no Twitter <\/i><a href=\"https:\/\/twitter.com\/NJ_Opinion\"><i>@NJ_Opinion<\/i><\/a><i>  e encontrar <\/i><a href=\"https:\/\/www.nj.com\/\"><i>NJ.com<\/i><\/a><i> <\/i><a href=\"https:\/\/www.facebook.com\/NJ.comOpinion\/\"><i>Opini\u00e3o no Facebook<\/i><\/a><i>.<\/i><\/p>\n<\/div>\n<p><script async src=\"\/\/platform.twitter.com\/widgets.js\" charset=\"utf-8\"><\/script><br \/>\n<br \/><br \/>\n<br \/><a href=\"https:\/\/www.nj.com\/opinion\/2024\/10\/give-nj-county-commission-seats-back-to-dems-letters.html\">Source link <\/a><\/p>","protected":false},"excerpt":{"rendered":"<p>Para comiss\u00e1rio do condado, o condado de Gloucester tem duas \u00f3timas op\u00e7\u00f5es para as elei\u00e7\u00f5es de 5 de novembro com os democratas Tom Bianco e Don Heverly. Bianco ajudou a&hellip;<\/p>","protected":false},"author":1,"featured_media":44207,"comment_status":"closed","ping_status":"open","sticky":false,"template":"","format":"standard","meta":{"content-type":"","footnotes":""},"categories":[1],"tags":[],"class_list":["post-44206","post","type-post","status-publish","format-standard","has-post-thumbnail","hentry","category-uncategorized"],"_links":{"self":[{"href":"https:\/\/tvbrazilusa.com\/pt\/wp-json\/wp\/v2\/posts\/44206","targetHints":{"allow":["GET"]}}],"collection":[{"href":"https:\/\/tvbrazilusa.com\/pt\/wp-json\/wp\/v2\/posts"}],"about":[{"href":"https:\/\/tvbrazilusa.com\/pt\/wp-json\/wp\/v2\/types\/post"}],"author":[{"embeddable":true,"href":"https:\/\/tvbrazilusa.com\/pt\/wp-json\/wp\/v2\/users\/1"}],"replies":[{"embeddable":true,"href":"https:\/\/tvbrazilusa.com\/pt\/wp-json\/wp\/v2\/comments?post=44206"}],"version-history":[{"count":1,"href":"https:\/\/tvbrazilusa.com\/pt\/wp-json\/wp\/v2\/posts\/44206\/revisions"}],"predecessor-version":[{"id":44208,"href":"https:\/\/tvbrazilusa.com\/pt\/wp-json\/wp\/v2\/posts\/44206\/revisions\/44208"}],"wp:featuredmedia":[{"embeddable":true,"href":"https:\/\/tvbrazilusa.com\/pt\/wp-json\/wp\/v2\/media\/44207"}],"wp:attachment":[{"href":"https:\/\/tvbrazilusa.com\/pt\/wp-json\/wp\/v2\/media?parent=44206"}],"wp:term":[{"taxonomy":"category","embeddable":true,"href":"https:\/\/tvbrazilusa.com\/pt\/wp-json\/wp\/v2\/categories?post=44206"},{"taxonomy":"post_tag","embeddable":true,"href":"https:\/\/tvbrazilusa.com\/pt\/wp-json\/wp\/v2\/tags?post=44206"}],"curies":[{"name":"wp","href":"https:\/\/api.w.org\/{rel}","templated":true}]}}