{"id":44216,"date":"2024-10-02T20:13:00","date_gmt":"2024-10-02T20:13:00","guid":{"rendered":"https:\/\/tvbrazilusa.com\/2024\/10\/02\/desaprovacao-a-lula-cresce-devido-a-preocupacao-com-a-economia-e-a-corrupcao\/"},"modified":"2024-10-02T20:13:02","modified_gmt":"2024-10-02T20:13:02","slug":"desaprovacao-a-lula-cresce-devido-a-preocupacao-com-a-economia-e-a-corrupcao","status":"publish","type":"post","link":"https:\/\/tvbrazilusa.com\/pt\/2024\/10\/02\/desaprovacao-a-lula-cresce-devido-a-preocupacao-com-a-economia-e-a-corrupcao\/","title":{"rendered":"Desaprova\u00e7\u00e3o a Lula cresce devido \u00e0 preocupa\u00e7\u00e3o com a economia e a corrup\u00e7\u00e3o"},"content":{"rendered":"<p> <script async src=\"https:\/\/pagead2.googlesyndication.com\/pagead\/js\/adsbygoogle.js?client=ca-pub-8864793242727901\"\r\n     crossorigin=\"anonymous\"><\/script><br \/>\n<\/p>\n<div id=\"taboola-read-more\" style=\"display:block; width:100%\">\n<p>A desaprova\u00e7\u00e3o ao governo do presidente Luiz In\u00e1cio Lula da Silva (PT) subiu de 43% em julho para 45% em setembro de acordo com a nova rodada da pesquisa Quaest de avalia\u00e7\u00e3o divulgada nesta quarta (2). Embora o avan\u00e7o tenha ocorrido dentro da margem de erro de 2 pontos para mais ou para menos, a aprova\u00e7\u00e3o caiu 3 pontos, de 54% para 51%.\n<\/p>\n<p>Segundo o levantamento, entre as poss\u00edveis causas para isso est\u00e3o o aumento da preocupa\u00e7\u00e3o dos brasileiros com a economia \u2013 de 21% em julho para 24% em setembro \u2013 e com a corrup\u00e7\u00e3o \u2013 de 12% para 13%.<\/p>\n<p>A Quaest ouviu 2 mil pessoas maiores de 16 anos nas quatro regi\u00f5es do pa\u00eds (Centro-Oeste e Norte s\u00e3o agregados) entre os dias 25 e 29 de setembro, com um n\u00edvel de confian\u00e7a de 95%.\n<\/p>\n<p tabindex=\"0\">A maior desaprova\u00e7\u00e3o a Lula segue na regi\u00e3o Sudeste, em que passou de 48% em julho para 53% em setembro, enquanto que a aprova\u00e7\u00e3o caiu de 48% para 45%. O mesmo foi registrado no Centro-Oeste\/Norte, em que a desaprova\u00e7\u00e3o passou de 42% para 46% e a aprova\u00e7\u00e3o de 53% para 49%.\n<\/p>\n<p tabindex=\"0\">\u00a0\n<\/p>\n<p tabindex=\"0\">No Sul do pa\u00eds, a avalia\u00e7\u00e3o est\u00e1 empatada tecnicamente, em 53% de desaprova\u00e7\u00e3o e 42% de aprova\u00e7\u00e3o. Uma opini\u00e3o mais favor\u00e1vel ocorre apenas no Nordeste, onde Lula \u00e9 aprovado por 69% dos eleitores, enquanto que 26% desaprovam.\n<\/p>\n<p tabindex=\"0\">\u00a0\n<\/p>\n<p tabindex=\"0\">Para o diretor da Quaest, Felipe Nunes, o terceiro governo de Lula n\u00e3o est\u00e1 conseguindo emplacar uma marca pr\u00f3pria e est\u00e1 vivendo de uma esp\u00e9cie de &#8220;recall&#8221;.\n<\/p>\n<p tabindex=\"0\">\u00a0\n<\/p>\n<p dir=\"ltr\" tabindex=\"0\">&#8220;O governo n\u00e3o est\u00e1 conseguindo se diferenciar do governo anterior e com isso vai perdendo identidade. Se n\u00e3o fosse o Nordeste e os mais pobres, que votaram no Lula em 2022, a situa\u00e7\u00e3o seria pior. Ou seja, o que segura o governo \u00e9 seu recall, n\u00e3o a conquista do novo governo&#8221;, disse em entrevista \u00e0\u00a0<em dir=\"ltr\">GloboNews<\/em>.\n<\/p>\n<p dir=\"ltr\" tabindex=\"0\">\u00a0\n<\/p>\n<p tabindex=\"0\">A avalia\u00e7\u00e3o positiva e negativa de Lula tamb\u00e9m varia de acordo com a renda familiar dos entrevistados:\n<\/p>\n<ul>\n<li>At\u00e9 2 sal\u00e1rios m\u00ednimos: 62% aprovam (eram 69% em julho) e 32% desaprovam (eram 26%);<\/li>\n<li>De 2 a 5 sal\u00e1rios m\u00ednimos: 51% aprovam (eram 50%) e 46% desaprovam (eram 47%);<\/li>\n<li>Acima de 5 sal\u00e1rios m\u00ednimos: 57% desaprovam (eram 54%) e 40% aprovam (eram 42%).<\/li>\n<\/ul>\n<p tabindex=\"0\">Os n\u00fameros apurados pela Quaest tamb\u00e9m apontam um aumento da reprova\u00e7\u00e3o entre os dois maiores grupos religiosos do pa\u00eds: os cat\u00f3licos, que tinham uma alta aprova\u00e7\u00e3o, e os evang\u00e9licos, que j\u00e1 indicavam uma reprova\u00e7\u00e3o desde o in\u00edcio deste terceiro mandato lulista.\n<\/p>\n<p tabindex=\"0\">\u00a0\n<\/p>\n<p tabindex=\"0\">A desaprova\u00e7\u00e3o entre os evang\u00e9licos subiu de 52% em julho para 55% em setembro, enquanto que, entre os cat\u00f3licos, disparou de 37% para 42%. A aprova\u00e7\u00e3o \u00e9 de 41% e 54%, respectivamente.\n<\/p>\n<p tabindex=\"0\">\u00a0\n<\/p>\n<p tabindex=\"0\">Entre os outros pontos de preocupa\u00e7\u00e3o dos brasileiros \u2013 e que influenciam na avalia\u00e7\u00e3o de Lula \u2013 tiveram uma leve queda a viol\u00eancia (de 19% para 17%), as quest\u00f5es sociais (de 18% para 16%), a sa\u00fade (de 15% para 12%) e a educa\u00e7\u00e3o (de 8% para7%).\n<\/p>\n<p tabindex=\"0\">\u00a0\n<\/p>\n<p tabindex=\"0\">Na avalia\u00e7\u00e3o geral do governo Lula 3, os entrevistados tamb\u00e9m se mostraram mais pessimistas, com um aumento de 30% para 33% de regular, de 30% para 31% de negativa, e redu\u00e7\u00e3o de 36% para 32% de negativa.\n<\/p>\n<p dir=\"ltr\" tabindex=\"0\">Tamb\u00e9m se mostraram mais pessimistas na compara\u00e7\u00e3o com o governo do ex-presidente\u00a0<a dir=\"ltr\" href=\"https:\/\/www.gazetadopovo.com.br\/tudo-sobre\/jair-bolsonaro\/?ref=link-interno-materia\">Jair Bolsonaro<\/a>\u00a0(PL):\n<\/p>\n<ul>\n<li>Igual: 22% (eram 8% em julho)<\/li>\n<li>Melhor: 38% (eram 51%);<\/li>\n<li>Pior: 33% (eram 36%).<\/li>\n<\/ul>\n<p tabindex=\"0\">As maiores reprova\u00e7\u00f5es a Lula tamb\u00e9m est\u00e3o entre os brasileiros com ensino superior incompleto ou mais (59%) e brancos (55%). J\u00e1 a aprova\u00e7\u00e3o \u00e9 maior entre as pessoas com ensino fundamental (62%), pardos (60%) e pretos (59). Entre os que tem o ensino m\u00e9dio completo ou incompleto, a varia\u00e7\u00e3o \u00e9 estreita \u2013 50% de aprova\u00e7\u00e3o e 46% de desaprova\u00e7\u00e3o.\n<\/p>\n<p tabindex=\"0\">\u00a0\n<\/p>\n<p tabindex=\"0\">J\u00e1 na quest\u00e3o da idade, a nova rodada da Quaest mostra um aumento da dist\u00e2ncia entre a aprova\u00e7\u00e3o e a desaprova\u00e7\u00e3o entre os jovens de 16 a 34 anos (53% e 43% respectivamente), e uma aprova\u00e7\u00e3o entre os brasileiros acima de 35 anos (51% a 45%) e acima dos 60 anos (49% e 48%).\n<\/p>\n<p tabindex=\"0\"><strong>Gazeta do Povo\u00a0<\/strong> <\/p>\n<\/div>\n<p><br \/>\n<br \/><a href=\"https:\/\/diariodobrasilnoticias.com.br\/noticia\/desaprovacao-a-lula-cresce-devido-a-preocupacao-com-a-economia-e-a-corrupcao-66fd92231f5af\">Source link <\/a><\/p>","protected":false},"excerpt":{"rendered":"<p>A desaprova\u00e7\u00e3o ao governo do presidente Luiz In\u00e1cio Lula da Silva (PT) subiu de 43% em julho para 45% em setembro de acordo com a nova rodada da pesquisa Quaest&hellip;<\/p>","protected":false},"author":1,"featured_media":44217,"comment_status":"closed","ping_status":"open","sticky":false,"template":"","format":"standard","meta":{"content-type":"","footnotes":""},"categories":[16],"tags":[123,2448,5313,1267],"class_list":["post-44216","post","type-post","status-publish","format-standard","has-post-thumbnail","hentry","category-noticias","tag-brasil","tag-diario","tag-noticia","tag-noticias"],"_links":{"self":[{"href":"https:\/\/tvbrazilusa.com\/pt\/wp-json\/wp\/v2\/posts\/44216","targetHints":{"allow":["GET"]}}],"collection":[{"href":"https:\/\/tvbrazilusa.com\/pt\/wp-json\/wp\/v2\/posts"}],"about":[{"href":"https:\/\/tvbrazilusa.com\/pt\/wp-json\/wp\/v2\/types\/post"}],"author":[{"embeddable":true,"href":"https:\/\/tvbrazilusa.com\/pt\/wp-json\/wp\/v2\/users\/1"}],"replies":[{"embeddable":true,"href":"https:\/\/tvbrazilusa.com\/pt\/wp-json\/wp\/v2\/comments?post=44216"}],"version-history":[{"count":1,"href":"https:\/\/tvbrazilusa.com\/pt\/wp-json\/wp\/v2\/posts\/44216\/revisions"}],"predecessor-version":[{"id":44218,"href":"https:\/\/tvbrazilusa.com\/pt\/wp-json\/wp\/v2\/posts\/44216\/revisions\/44218"}],"wp:featuredmedia":[{"embeddable":true,"href":"https:\/\/tvbrazilusa.com\/pt\/wp-json\/wp\/v2\/media\/44217"}],"wp:attachment":[{"href":"https:\/\/tvbrazilusa.com\/pt\/wp-json\/wp\/v2\/media?parent=44216"}],"wp:term":[{"taxonomy":"category","embeddable":true,"href":"https:\/\/tvbrazilusa.com\/pt\/wp-json\/wp\/v2\/categories?post=44216"},{"taxonomy":"post_tag","embeddable":true,"href":"https:\/\/tvbrazilusa.com\/pt\/wp-json\/wp\/v2\/tags?post=44216"}],"curies":[{"name":"wp","href":"https:\/\/api.w.org\/{rel}","templated":true}]}}